{"id":180349,"date":"2023-10-25T17:42:06","date_gmt":"2023-10-25T14:42:06","guid":{"rendered":"https:\/\/www.enerjigazetesi.ist\/?p=180349"},"modified":"2023-10-25T17:42:21","modified_gmt":"2023-10-25T14:42:21","slug":"elektrigin-devleri-seerc-istanbul-konferansi-nda-bulustu","status":"publish","type":"post","link":"https:\/\/www.enerjigazetesi.ist\/en\/elektrigin-devleri-seerc-istanbul-konferansi-nda-bulustu\/","title":{"rendered":"(Turkish) Elektri\u011fin Devleri &#8216;SEERC \u0130stanbul Konferans\u0131&#8217;nda Bulu\u015ftu"},"content":{"rendered":"<p class=\"qtranxs-available-languages-message qtranxs-available-languages-message-en\">Sorry, this entry is only available in <a href=\"https:\/\/www.enerjigazetesi.ist\/tr\/wp-json\/wp\/v2\/posts\/180349\" class=\"qtranxs-available-language-link qtranxs-available-language-link-tr\" title=\"Turkish\">Turkish<\/a>. For the sake of viewer convenience, the content is shown below in the alternative language. You may click the link to switch the active language.<\/p><p><\/p>\n<h2>Uluslararas\u0131 B\u00fcy\u00fck G\u00fc\u00e7 Sistemleri Konseyi 4. SEERC \u0130stanbul Konferans\u0131, Elektrik \u00dcretim A\u015e (E\u00dcA\u015e) ev sahipli\u011finde ger\u00e7ekle\u015fti. D\u00fcnyan\u0131n 25 farkl\u0131 \u00fclkesinde uzman, sekt\u00f6r temsilcisi ve akademisyenin kat\u0131ld\u0131\u011f\u0131 konferans CIGRE T\u00fcrkiye Ulusal Komitesi taraf\u0131ndan d\u00fczenlendi. Enerji ve Tabii Kaynaklar Bakan Yard\u0131mc\u0131 Zafer Demircan ve SEERC D\u00f6nem Ba\u015fkan\u0131 Zafer Benli\u2019nin a\u00e7\u0131l\u0131\u015f konu\u015fmalar\u0131 ile ba\u015flayan konferans 11-12 Ekim tarihlerinde iki g\u00fcn boyunca devam etti.<\/h2>\n<p style=\"text-align: center;\"><img loading=\"lazy\" class=\"aligncenter wp-image-180351\" src=\"https:\/\/www.enerjigazetesi.ist\/wp-content\/uploads\/2023\/10\/elektrigin-devleri-seerc-istanbul-konferansi-nda-bulustu.jpg\" alt=\"\" width=\"500\" height=\"320\" srcset=\"https:\/\/www.enerjigazetesi.ist\/wp-content\/uploads\/2023\/10\/elektrigin-devleri-seerc-istanbul-konferansi-nda-bulustu.jpg 640w, https:\/\/www.enerjigazetesi.ist\/wp-content\/uploads\/2023\/10\/elektrigin-devleri-seerc-istanbul-konferansi-nda-bulustu-300x192.jpg 300w, https:\/\/www.enerjigazetesi.ist\/wp-content\/uploads\/2023\/10\/elektrigin-devleri-seerc-istanbul-konferansi-nda-bulustu-500x320.jpg 500w, https:\/\/www.enerjigazetesi.ist\/wp-content\/uploads\/2023\/10\/elektrigin-devleri-seerc-istanbul-konferansi-nda-bulustu-78x50.jpg 78w\" sizes=\"(max-width: 500px) 100vw, 500px\" \/><\/p>\n<p>Toplam 150 konu\u015fmac\u0131, 650 kat\u0131l\u0131mc\u0131, 120 bildiri sunumu ve 30\u2019un \u00fczerinde \u015firketin yer ald\u0131\u011f\u0131 konferans <strong>\u201cEnerjide D\u00f6n\u00fc\u015f\u00fcm\u201d<\/strong> ve <strong>\u201cElektrikte Arz G\u00fcvenli\u011fi\u201d<\/strong> temalar\u0131yla ger\u00e7ekle\u015fti. T\u00fcrkiye\u2019nin iki y\u0131l s\u00fcren d\u00f6nem ba\u015fkanl\u0131\u011f\u0131n\u0131n final bulu\u015fmas\u0131 olan konferans, <strong>g\u00fc\u00e7 sistemleri<\/strong> alan\u0131nda \u00fclkemizde d\u00fczenlenen en \u00f6nemli bulu\u015fmalardan birisi olarak hayata ge\u00e7ti.<\/p>\n<p>Konferans a\u00e7\u0131l\u0131\u015f\u0131n\u0131 Enerji ve Tabii Kaynaklar Bakan Yard\u0131mc\u0131 Zafer Demircan ve SEERC Ba\u015fkan\u0131 Zafer Benli ger\u00e7ekle\u015ftirdi. Konu\u015fmas\u0131nda CIGRE gibi kurulu\u015flar\u0131n \u00f6neminin alt\u0131n\u0131 \u00c7izen Demircan, <strong>CIGRE<\/strong> ve<strong> SEERC\u2019in<\/strong> enerji akt\u00f6rlerine yol g\u00f6sterdi\u011fini s\u00f6yledi. \u00dclkemiz ad\u0131na SEERC D\u00f6nem Ba\u015fkanl\u0131\u011f\u0131n\u0131 y\u00fcr\u00fcten Genel M\u00fcd\u00fcr\u00fcm\u00fcz <strong>Zafer Benli<\/strong> Konu\u015fmas\u0131nda <strong>Cumhuriyetimizin 100. y\u0131l\u0131nda<\/strong> b\u00f6yle bir organizasyona ev sahipli\u011fi ve d\u00f6nem ba\u015fkanl\u0131\u011f\u0131 yapmaktan b\u00fcy\u00fck bir onur duydu\u011funu belirtirken, T\u00fcrkiye\u2019nin enerjide <strong>\u201cmerkez \u00fclke\u201d<\/strong> olma hedefine de <strong>\u00f6nemli bir katk\u0131 sa\u011flayaca\u011f\u0131n\u0131<\/strong> ifade etti.<\/p>\n<p><strong>CIGRE G\u00fcneydo\u011fu Avrupa B\u00f6lgesel Konseyi (SEERC)<\/strong> D\u00f6nem ba\u015fkanl\u0131\u011f\u0131n\u0131 <strong>2021\u2019den bu yana s\u00fcrd\u00fcren<\/strong> T\u00fcrkiye, 4. SEERC \u0130stanbul Konferans\u0131 ile ba\u015fkanl\u0131\u011f\u0131 da <strong>karde\u015f Bosna Hersek\u2019e devretti.<\/strong> Devir t\u00f6reninde konu\u015fan SEERC Ba\u015fkan\u0131 Zafer Benli, Cumhuriyetimizin 100. Y\u0131l\u0131nda ba\u015fkanl\u0131\u011f\u0131m\u0131z\u0131 s\u00fcrd\u00fcrmenin ve <strong>karde\u015f Bosna Hersek\u2019e devretmenin de<\/strong> b\u00fcy\u00fck bir anlama sahip oldu\u011funu belirtti. Bosna Hersek Ad\u0131na Ba\u015fkanl\u0131\u011f\u0131 devralan <strong>Eski Ba\u015fbakan<\/strong> ve <strong>CIGRE Bosna Hersek Ulusal Komite Ba\u015fkan\u0131 Ethem Bicakcic<\/strong> de T\u00fcrkiye\u2019ye \u00f6zel olarak te\u015fekk\u00fcr ederek, T\u00fcrkiye bizim i\u00e7in karde\u015fin \u00f6tesinde bir <strong>\u201cana vatan\u201d<\/strong> say\u0131l\u0131r ifadesini kulland\u0131.<\/p>\n<p><strong>Kaynak:\u00a0<\/strong><a href=\"https:\/\/www.euas.gov.tr\/haberler\/avrupa-elektriginin-devlerini-euas-bulusturdu\" target=\"_blank\" rel=\"noopener\"><strong>E\u00dcA\u015e<\/strong><\/a><\/p>","protected":false},"excerpt":{"rendered":"<p>Sorry, this entry is only available in Turkish. For the sake of viewer convenience, the content is shown below in the alternative language. You may click the link to switch the active language. Uluslararas\u0131 B\u00fcy\u00fck G\u00fc\u00e7 Sistemleri Konseyi 4. SEERC \u0130stanbul Konferans\u0131, Elektrik \u00dcretim A\u015e (E\u00dcA\u015e) ev sahipli\u011finde ger\u00e7ekle\u015fti. D\u00fcnyan\u0131n 25 farkl\u0131 \u00fclkesinde uzman, sekt\u00f6r [&hellip;]<\/p>\n","protected":false},"author":1,"featured_media":180351,"comment_status":"open","ping_status":"open","sticky":false,"template":"","format":"standard","meta":[],"categories":[51,53],"tags":[111036,4546,75868,25734,28069],"views":23,"_links":{"self":[{"href":"https:\/\/www.enerjigazetesi.ist\/en\/wp-json\/wp\/v2\/posts\/180349"}],"collection":[{"href":"https:\/\/www.enerjigazetesi.ist\/en\/wp-json\/wp\/v2\/posts"}],"about":[{"href":"https:\/\/www.enerjigazetesi.ist\/en\/wp-json\/wp\/v2\/types\/post"}],"author":[{"embeddable":true,"href":"https:\/\/www.enerjigazetesi.ist\/en\/wp-json\/wp\/v2\/users\/1"}],"replies":[{"embeddable":true,"href":"https:\/\/www.enerjigazetesi.ist\/en\/wp-json\/wp\/v2\/comments?post=180349"}],"version-history":[{"count":0,"href":"https:\/\/www.enerjigazetesi.ist\/en\/wp-json\/wp\/v2\/posts\/180349\/revisions"}],"wp:featuredmedia":[{"embeddable":true,"href":"https:\/\/www.enerjigazetesi.ist\/en\/wp-json\/wp\/v2\/media\/180351"}],"wp:attachment":[{"href":"https:\/\/www.enerjigazetesi.ist\/en\/wp-json\/wp\/v2\/media?parent=180349"}],"wp:term":[{"taxonomy":"category","embeddable":true,"href":"https:\/\/www.enerjigazetesi.ist\/en\/wp-json\/wp\/v2\/categories?post=180349"},{"taxonomy":"post_tag","embeddable":true,"href":"https:\/\/www.enerjigazetesi.ist\/en\/wp-json\/wp\/v2\/tags?post=180349"}],"curies":[{"name":"wp","href":"https:\/\/api.w.org\/{rel}","templated":true}]}}