{"id":180325,"date":"2023-10-25T15:57:15","date_gmt":"2023-10-25T12:57:15","guid":{"rendered":"https:\/\/www.enerjigazetesi.ist\/?p=180325"},"modified":"2023-10-25T15:58:26","modified_gmt":"2023-10-25T12:58:26","slug":"turkcimento-dijitali-yesil-den-ayiramayacagimiz-bir-doneme-gecis-yaptik","status":"publish","type":"post","link":"https:\/\/www.enerjigazetesi.ist\/en\/turkcimento-dijitali-yesil-den-ayiramayacagimiz-bir-doneme-gecis-yaptik\/","title":{"rendered":"(Turkish) T\u00fcrk\u00c7imento: Dijitali Ye\u015filden Ay\u0131ramayaca\u011f\u0131m\u0131z Bir D\u00f6neme Ge\u00e7i\u015f Yapt\u0131k"},"content":{"rendered":"<p class=\"qtranxs-available-languages-message qtranxs-available-languages-message-en\">Sorry, this entry is only available in <a href=\"https:\/\/www.enerjigazetesi.ist\/tr\/wp-json\/wp\/v2\/posts\/180325\" class=\"qtranxs-available-language-link qtranxs-available-language-link-tr\" title=\"Turkish\">Turkish<\/a>. For the sake of viewer convenience, the content is shown below in the alternative language. You may click the link to switch the active language.<\/p><p><\/p>\n<h2><strong>T\u00dcRK\u00c7\u0130MENTO taraf\u0131ndan MEXT ana sponsorlu\u011fu ile d\u00fczenlenen \u201cDigitalcem: Bug\u00fcn\u00fcn Gelece\u011fi\u201d Konferans ve Sergisi\u2019nin a\u00e7\u0131l\u0131\u015f\u0131nda konu\u015fan T\u00dcRK\u00c7\u0130MENTO CEO\u2019su Volkan Bozay, \u201c\u00d6zellikle ye\u015fil ve dijital d\u00f6n\u00fc\u015f\u00fcm olarak adland\u0131r\u0131lan ikiz d\u00f6n\u00fc\u015f\u00fcme sekt\u00f6r olarak adaptasyon s\u00fcrecindeyiz. Dijitali ye\u015filden ay\u0131ramayaca\u011f\u0131m\u0131z bir d\u00f6neme ge\u00e7i\u015f yapm\u0131\u015f bulunuyoruz. Bu ge\u00e7i\u015fte de bir di\u011fer \u00f6nemli unsur toplumsal d\u00f6n\u00fc\u015f\u00fcmd\u00fcr.<\/strong>\u00a0<strong>Dolay\u0131s\u0131yla ikiz d\u00f6n\u00fc\u015f\u00fcm s\u00fcrecini \u00fc\u00e7\u00fcz d\u00f6n\u00fc\u015f\u00fcm olarak revize etmemiz gerekiyor\u201d dedi.<\/strong><\/h2>\n<p style=\"text-align: center;\"><img loading=\"lazy\" class=\"aligncenter wp-image-180327\" src=\"https:\/\/www.enerjigazetesi.ist\/wp-content\/uploads\/2023\/10\/turkcimento-dijitali-yesil-den-ayiramayacagimiz-bir-doneme-gecis-yaptik.jpg\" alt=\"\" width=\"500\" height=\"334\" srcset=\"https:\/\/www.enerjigazetesi.ist\/wp-content\/uploads\/2023\/10\/turkcimento-dijitali-yesil-den-ayiramayacagimiz-bir-doneme-gecis-yaptik.jpg 550w, https:\/\/www.enerjigazetesi.ist\/wp-content\/uploads\/2023\/10\/turkcimento-dijitali-yesil-den-ayiramayacagimiz-bir-doneme-gecis-yaptik-300x200.jpg 300w, https:\/\/www.enerjigazetesi.ist\/wp-content\/uploads\/2023\/10\/turkcimento-dijitali-yesil-den-ayiramayacagimiz-bir-doneme-gecis-yaptik-500x334.jpg 500w, https:\/\/www.enerjigazetesi.ist\/wp-content\/uploads\/2023\/10\/turkcimento-dijitali-yesil-den-ayiramayacagimiz-bir-doneme-gecis-yaptik-75x50.jpg 75w, https:\/\/www.enerjigazetesi.ist\/wp-content\/uploads\/2023\/10\/turkcimento-dijitali-yesil-den-ayiramayacagimiz-bir-doneme-gecis-yaptik-450x300.jpg 450w\" sizes=\"(max-width: 500px) 100vw, 500px\" \/><\/p>\n<p>T\u00dcRK\u00c7\u0130MENTO taraf\u0131ndan MEXT ana sponsorlu\u011fu ile d\u00fczenlenen \u201c<strong>Digitalcem: Bug\u00fcn\u00fcn Gelece\u011fi\u201d\u00a0<\/strong>Konferans ve Sergisi, <strong>24 Ekim 2023 Sal\u0131 g\u00fcn\u00fc<\/strong> <strong>\u0130stanbul\u2019da<\/strong> ger\u00e7ekle\u015ftirildi. Etkinlik, g\u00fcn\u00fcm\u00fcz\u00fcn en \u00f6nemli konular\u0131ndan biri olan <strong>dijitalizasyon<\/strong> alan\u0131nda <strong>uzman tedarik\u00e7i firmalarla<\/strong> \u00e7imento sekt\u00f6r\u00fcndeki <strong>dijitalizasyon<\/strong> ve<strong> IT yetkililerini, firma sunum ve stantlar\u0131<\/strong> ile bulu\u015fturdu.<\/p>\n<p>Konferans\u0131n a\u00e7\u0131l\u0131\u015f konu\u015fmas\u0131n\u0131 yapan <strong>T\u00dcRK\u00c7\u0130MENTO CEO\u2019su Volkan Bozay<\/strong>, dijital teknolojilerin d\u00fcnyada yayg\u0131nla\u015fmas\u0131yla birlikte, T\u00fcrkiye\u2019de de \u00f6nemli bir d\u00f6n\u00fc\u015f\u00fcm ya\u015fand\u0131\u011f\u0131n\u0131 vurgulayarak, <em>\u201cBu s\u00fcre\u00e7 hem bireyler hem de kurumlar i\u00e7in bir\u00e7ok f\u0131rsat ve avantaj sunuyor. Dijitalle\u015fme sayesinde T\u00fcrkiye, daha rekabet\u00e7i bir ekonomiye, daha kolay eri\u015filebilir kamu hizmetlerine ve daha ba\u011flant\u0131l\u0131 bir topluma do\u011fru h\u0131zla ilerliyor\u201d<\/em> dedi.<\/p>\n<p><strong>T\u00dcRK\u00c7\u0130MENTO CEO\u2019su Bozay<\/strong>, \u00fclke genelinde yay\u0131lm\u0131\u015f <strong>56<\/strong> entegre ve <strong>21<\/strong> \u00f6\u011f\u00fctme tesisiyle faaliyet g\u00f6steren T\u00fcrk \u00e7imento sekt\u00f6r\u00fcn\u00fcn d\u00fcnyan\u0131n be\u015finci en b\u00fcy\u00fck ve Avrupa&#8217;n\u0131n lider \u00fcreticisi oldu\u011funu, ayr\u0131ca <strong>klinker<\/strong> ve<strong> \u00e7imento<\/strong> toplam\u0131nda d\u00fcnyan\u0131n ikinci b\u00fcy\u00fck ihracat\u00e7\u0131s\u0131 olarak <strong>100&#8217;den fazla pazara<\/strong> hizmet verdi\u011fini s\u00f6yledi.<\/p>\n<h3><strong>SEKT\u00d6R OLARAK \u0130K\u0130Z D\u00d6N\u00dc\u015e\u00dcME ADAPTE OLUYORUZ<\/strong><\/h3>\n<p>1957 y\u0131l\u0131nda kurulan T\u00dcRK\u00c7\u0130MENTO\u2019nun ise bug\u00fcn \u00e7imento sekt\u00f6r\u00fcn\u00fcn <strong>%94<\/strong>\u2019\u00fcn\u00fc temsil eden k\u00f6kl\u00fc bir \u00e7at\u0131 kurulu\u015f oldu\u011funu belirten <strong>Volkan Bozay<\/strong>, <em>\u201cSekt\u00f6r olarak \u00fcretim ve sat\u0131\u015f rakamlar\u0131ndaki ba\u015far\u0131lar\u0131m\u0131z d\u0131\u015f\u0131nda <strong>ye\u015fil mutabakata uyum, alternatif yak\u0131t ve hammadde kullan\u0131m\u0131, enerji verimlili\u011fi ve dijitalle\u015fme<\/strong> konular\u0131nda da ba\u015far\u0131lar\u0131m\u0131zla d\u00fcnya liginde yer al\u0131yoruz. \u00d6zellikle ikiz d\u00f6n\u00fc\u015f\u00fcme sekt\u00f6r olarak adaptasyon s\u00fcrecindeyiz. <strong>Dijitali ye\u015filden ay\u0131ramayaca\u011f\u0131m\u0131z bir d\u00f6neme ge\u00e7i\u015f<\/strong> yapm\u0131\u015f bulunuyoruz<strong>.\u00a0<\/strong>Bu ge\u00e7i\u015fte de bir di\u011fer \u00f6nemli unsur toplumsal d\u00f6n\u00fc\u015f\u00fcmd\u00fcr. Dolay\u0131s\u0131yla ikiz d\u00f6n\u00fc\u015f\u00fcm s\u00fcrecini <strong>\u00fc\u00e7\u00fcz d\u00f6n\u00fc\u015f\u00fcm<\/strong> olarak revize etmemiz gerekiyor.\u00a0<\/em><\/p>\n<p><em><strong>E\u011fitim, sa\u011fl\u0131k, sosyal g\u00fcvenlik ve istihdam<\/strong> gibi alanlarda d\u00f6n\u00fc\u015f\u00fcm yapmadan ye\u015fil ve dijital d\u00f6n\u00fc\u015f\u00fcmde yol katedemeyiz.\u201d<\/em> dedi. Konu\u015fmas\u0131nda Orta Vadeli Plan\u2019a da de\u011finen <strong>Volkan Bozay,<\/strong> \u015funlar\u0131 s\u00f6yledi:<\/p>\n<p><em>\u201cBildi\u011finiz \u00fczere <strong>dijitalle\u015fme, 2023 Orta Vadeli Plan\u2019da 5. \u00f6ncelikli alan<\/strong> olarak belirlenmi\u015ftir. Bu kapsamda, dijital d\u00f6n\u00fc\u015f\u00fcm\u00fcn h\u0131zland\u0131r\u0131lmas\u0131 ve dijital ekonominin g\u00fc\u00e7lendirilmesi hedeflenmektedir. Sekt\u00f6r\u00fcm\u00fcz\u00fcn kendini bu dijital d\u00f6n\u00fc\u015f\u00fcme adapte etmesi gerekiyor. <strong>D\u00fc\u015f\u00fck karbonlu yol haritas\u0131<\/strong> haz\u0131rlam\u0131\u015ft\u0131k. Sekt\u00f6r olarak <strong>k\u0131sa, orta ve uzun vadeli hedeflerimiz<\/strong> var. Bunlara ula\u015f\u0131rken <strong>alternatif yak\u0131t, alternatif hammadde<\/strong> dedik. Bunlar dijitalizasyonla \u00e7ok orant\u0131l\u0131. \u0130novatif yeni teknolojilerin devreye girmesi gerekiyor. Dijitalle\u015fme her zamankinden daha da \u00f6nem kazanacak. \u00a0Dijital d\u00f6n\u00fc\u015f\u00fcm\u00fcn kurumsalla\u015fmas\u0131, kamu hizmetlerinin daha etkin ve verimli bir \u015fekilde sunulmas\u0131 i\u00e7in gereklidir. Hedeflerimize ula\u015fma yolundaki son politikam\u0131z ise dijital ekonominin desteklenmesi olacakt\u0131r. \u0130novatif \u00e7al\u0131\u015fmalar\u0131n ve giri\u015fimcili\u011fin desteklenmesi i\u00e7in finansman gereklili\u011fi ortaya \u00e7\u0131kacakt\u0131r. <strong>Finansman sa\u011flanmas\u0131<\/strong> ve <strong>dijital ihracat<\/strong> gibi \u00e7al\u0131\u015fma alanlar\u0131nda <strong>devletimizin sa\u011flayaca\u011f\u0131 desteklerle, dijital gelece\u011fin daha h\u0131zl\u0131 \u015fekillenece\u011finin<\/strong> sinyallerini al\u0131yoruz.\u201d<\/em><\/p>\n<p>Konferans\u0131n a\u00e7\u0131l\u0131\u015f\u0131nda konu\u015fan <strong>MEXT Teknoloji Merkezi Sat\u0131\u015f ve Ekosistem Direkt\u00f6r\u00fc Bar\u0131\u015f Ar\u0131kan, \u201cD\u00fcnyan\u0131n en b\u00fcy\u00fck ve en kapsaml\u0131 dijital ve ye\u015fil d\u00f6n\u00fc\u015f\u00fcm merkezi\u201d<\/strong> olduklar\u0131n\u0131 belirterek, s\u00f6zlerine \u015f\u00f6yle devam etti:<\/p>\n<p><em>&#8220;MEXT bizim i\u00e7in ikiz d\u00f6n\u00fc\u015f\u00fcm\u00fcn amiral gemisi konumunda. \u0130htiya\u00e7 duydu\u011fumuz t\u00fcm hizmetleri tek \u00e7at\u0131 alt\u0131nda topluyoruz. 2023 y\u0131l\u0131 ile birlikte <strong>ye\u015fil d\u00f6n\u00fc\u015f\u00fcm\u00fc<\/strong> oda\u011f\u0131m\u0131za ald\u0131k. \u00c7imento sekt\u00f6r\u00fcnden yedi firmam\u0131z var. \u00c7imento sekt\u00f6r\u00fcn\u00fcn k\u00fcresel rekabette \u00f6n plana \u00e7\u0131kabilmesi i\u00e7in <strong>karbonsuzla\u015ft\u0131rma hedefleri<\/strong> do\u011frultusunda<strong> yol haritas\u0131<\/strong> \u00e7\u0131kar\u0131lmas\u0131nda katk\u0131da bulunuyoruz. \u015eirketlerin s\u00fcrd\u00fcr\u00fclebilirlik yol haritalar\u0131nda bulunan <strong>geri kazan\u0131m, enerji izleme ve enerji verimlili\u011fi<\/strong> gibi farkl\u0131 ba\u015fl\u0131klarda firmalara yol g\u00f6sterici olma rol\u00fcn\u00fc \u00fcstleniyoruz.&#8221;\u00a0<\/em><\/p>","protected":false},"excerpt":{"rendered":"<p>Sorry, this entry is only available in Turkish. For the sake of viewer convenience, the content is shown below in the alternative language. You may click the link to switch the active language. T\u00dcRK\u00c7\u0130MENTO taraf\u0131ndan MEXT ana sponsorlu\u011fu ile d\u00fczenlenen \u201cDigitalcem: Bug\u00fcn\u00fcn Gelece\u011fi\u201d Konferans ve Sergisi\u2019nin a\u00e7\u0131l\u0131\u015f\u0131nda konu\u015fan T\u00dcRK\u00c7\u0130MENTO CEO\u2019su Volkan Bozay, \u201c\u00d6zellikle ye\u015fil ve [&hellip;]<\/p>\n","protected":false},"author":1,"featured_media":180327,"comment_status":"open","ping_status":"open","sticky":false,"template":"","format":"standard","meta":[],"categories":[53,52,157],"tags":[849,40102,12,3120,104357,104358],"views":28,"_links":{"self":[{"href":"https:\/\/www.enerjigazetesi.ist\/en\/wp-json\/wp\/v2\/posts\/180325"}],"collection":[{"href":"https:\/\/www.enerjigazetesi.ist\/en\/wp-json\/wp\/v2\/posts"}],"about":[{"href":"https:\/\/www.enerjigazetesi.ist\/en\/wp-json\/wp\/v2\/types\/post"}],"author":[{"embeddable":true,"href":"https:\/\/www.enerjigazetesi.ist\/en\/wp-json\/wp\/v2\/users\/1"}],"replies":[{"embeddable":true,"href":"https:\/\/www.enerjigazetesi.ist\/en\/wp-json\/wp\/v2\/comments?post=180325"}],"version-history":[{"count":0,"href":"https:\/\/www.enerjigazetesi.ist\/en\/wp-json\/wp\/v2\/posts\/180325\/revisions"}],"wp:featuredmedia":[{"embeddable":true,"href":"https:\/\/www.enerjigazetesi.ist\/en\/wp-json\/wp\/v2\/media\/180327"}],"wp:attachment":[{"href":"https:\/\/www.enerjigazetesi.ist\/en\/wp-json\/wp\/v2\/media?parent=180325"}],"wp:term":[{"taxonomy":"category","embeddable":true,"href":"https:\/\/www.enerjigazetesi.ist\/en\/wp-json\/wp\/v2\/categories?post=180325"},{"taxonomy":"post_tag","embeddable":true,"href":"https:\/\/www.enerjigazetesi.ist\/en\/wp-json\/wp\/v2\/tags?post=180325"}],"curies":[{"name":"wp","href":"https:\/\/api.w.org\/{rel}","templated":true}]}}