{"id":180241,"date":"2023-10-23T16:43:14","date_gmt":"2023-10-23T13:43:14","guid":{"rendered":"https:\/\/www.enerjigazetesi.ist\/?p=180241"},"modified":"2023-10-23T16:43:38","modified_gmt":"2023-10-23T13:43:38","slug":"baymak-tan-kombi-bakimi-nda-yetkili-servis-uyarisi","status":"publish","type":"post","link":"https:\/\/www.enerjigazetesi.ist\/en\/baymak-tan-kombi-bakimi-nda-yetkili-servis-uyarisi\/","title":{"rendered":"(Turkish) Baymak\u2019tan Kombi Bak\u0131m\u0131nda &#8220;Yetkili Servis&#8221; Uyar\u0131s\u0131!"},"content":{"rendered":"<p class=\"qtranxs-available-languages-message qtranxs-available-languages-message-en\">Sorry, this entry is only available in <a href=\"https:\/\/www.enerjigazetesi.ist\/tr\/wp-json\/wp\/v2\/posts\/180241\" class=\"qtranxs-available-language-link qtranxs-available-language-link-tr\" title=\"Turkish\">Turkish<\/a>. For the sake of viewer convenience, the content is shown below in the alternative language. You may click the link to switch the active language.<\/p><p><\/p>\n<h2><strong>So\u011fuk havalar kendini hissettirmeye ba\u015flarken kombilerin bak\u0131m\u0131n\u0131 yapt\u0131rmak kritik \u00f6nem arz ediyor. \u201c\u0130\u015fimiz sizi anlamak\u201d anlay\u0131\u015f\u0131yla hareket eden Baymak, k\u0131\u015f sezonu \u00f6ncesinde g\u00fcvenlik ve verim i\u00e7in bak\u0131m\u0131n \u015fart oldu\u011funu vurguluyor. Genel periyodik bak\u0131m\u0131n mutlaka yetkili servisler arac\u0131l\u0131\u011f\u0131yla yap\u0131lmas\u0131 gerekti\u011fine dikkat \u00e7eken Baymak, \u201cAr\u0131za ve bak\u0131m i\u00e7in arayan her numaraya g\u00fcvenmeyin\u201d uyar\u0131s\u0131nda bulunuyor.<\/strong><\/h2>\n<p>S\u0131cak havalar\u0131n yerini so\u011fuk havalara b\u0131rakmas\u0131yla k\u0131\u015f haz\u0131rl\u0131klar\u0131 h\u0131zland\u0131. So\u011fuk havalarda en \u00e7ok <img loading=\"lazy\" class=\"alignright wp-image-180244\" src=\"https:\/\/www.enerjigazetesi.ist\/wp-content\/uploads\/2023\/10\/baymak-tan-kombi-bakimi-nda-yetkili-servis-uyarisi.jpg\" alt=\"\" width=\"320\" height=\"283\" srcset=\"https:\/\/www.enerjigazetesi.ist\/wp-content\/uploads\/2023\/10\/baymak-tan-kombi-bakimi-nda-yetkili-servis-uyarisi.jpg 542w, https:\/\/www.enerjigazetesi.ist\/wp-content\/uploads\/2023\/10\/baymak-tan-kombi-bakimi-nda-yetkili-servis-uyarisi-300x266.jpg 300w, https:\/\/www.enerjigazetesi.ist\/wp-content\/uploads\/2023\/10\/baymak-tan-kombi-bakimi-nda-yetkili-servis-uyarisi-452x400.jpg 452w, https:\/\/www.enerjigazetesi.ist\/wp-content\/uploads\/2023\/10\/baymak-tan-kombi-bakimi-nda-yetkili-servis-uyarisi-56x50.jpg 56w, https:\/\/www.enerjigazetesi.ist\/wp-content\/uploads\/2023\/10\/baymak-tan-kombi-bakimi-nda-yetkili-servis-uyarisi-500x443.jpg 500w\" sizes=\"(max-width: 320px) 100vw, 320px\" \/>ihtiya\u00e7 duydu\u011fumuz kombilerin bak\u0131m\u0131 hem can g\u00fcvenli\u011fimiz hem de b\u00fct\u00e7emiz a\u00e7\u0131s\u0131ndan b\u00fcy\u00fck \u00f6nem ta\u015f\u0131yor. T\u00fcrkiye\u2019de iklimlendirme sekt\u00f6r\u00fcn\u00fcn \u00f6nc\u00fc markas\u0131 Baymak, k\u0131\u015f sezonu \u00f6ncesinde \u0131s\u0131tma cihazlar\u0131n\u0131n genel periyodik bak\u0131m\u0131n\u0131n mutlaka bir yetkili servis arac\u0131l\u0131\u011f\u0131 ile yap\u0131lmas\u0131 gerekti\u011finin alt\u0131n\u0131 \u00e7izerek, t\u00fcketicileri <strong>\u201cBak\u0131m ve ar\u0131za i\u00e7in arayan her numaraya g\u00fcvenmeyin\u201d<\/strong> diyerek uyar\u0131yor. Baymak uzmanlar\u0131, cihaz\u0131n yetkili servisine ula\u015fmak i\u00e7in \u00fcr\u00fcnle birlikte gelen kullan\u0131m k\u0131lavuzunda yer alan telefon numaralar\u0131n\u0131n yan\u0131 s\u0131ra markan\u0131n kurumsal web sitesinden ya da <a href=\"https:\/\/www.servis.gov.tr\/\" target=\"_blank\" rel=\"noopener\">https:\/\/www.servis.gov.tr\/<\/a> adresinden yararlan\u0131lmas\u0131n\u0131 \u00f6neriyor.<\/p>\n<h3><strong>G\u00fcvenlik ve verim i\u00e7in bak\u0131m \u015fart<\/strong><\/h3>\n<p>Bak\u0131m\u0131 yap\u0131lan kombilerin maksimum verimle \u00e7al\u0131\u015ft\u0131\u011f\u0131n\u0131 ifade eden Baymak uzmanlar\u0131, bak\u0131m\u0131 yap\u0131lmayan kombilerin<strong> can ve mal tehdidine de yol a\u00e7abilece\u011fine<\/strong> dikkat \u00e7ekiyor. Her sezon \u00f6ncesinde kombi bak\u0131m\u0131n\u0131 d\u00fczenli yapt\u0131rman\u0131n cihaz\u0131n ve tesisat\u0131n \u00f6mr\u00fcn\u00fc uzatt\u0131\u011f\u0131n\u0131 belirten Baymak uzmanlar\u0131, \u201cBak\u0131m\u0131 yap\u0131lmayan cihazlar y\u00fcksek verimlerde \u00e7al\u0131\u015famaz ve kullan\u0131lan alan\u0131 yeterince \u0131s\u0131tmayabilir. Daha fazla yak\u0131t t\u00fcketerek y\u00fcksek do\u011fal gaz faturalar\u0131na sebep olur. Kombinin kullan\u0131m \u00f6mr\u00fc k\u0131sal\u0131rken, beklenmedik ar\u0131zalarla b\u00fcy\u00fck maliyetler ortaya \u00e7\u0131kabilir\u201d diyor. Dikkat edilmesi gereken bir di\u011fer noktan\u0131n da kombi bak\u0131m\u0131 esnas\u0131nda <strong>baca uygunlu\u011fu<\/strong> ve<strong> s\u0131zd\u0131rmazl\u0131k kontrollerinin<\/strong> yap\u0131lmas\u0131 oldu\u011funu aktaran uzmanlar, <strong>tesisat<\/strong> ve <strong>radyat\u00f6rlerin<\/strong> genel temizli\u011finin de yakla\u015f\u0131k <strong>5 y\u0131l periyotla<\/strong> yap\u0131larak, <strong>tortu<\/strong> ve<strong> kirlerden ar\u0131nd\u0131r\u0131lmas\u0131<\/strong> gerekti\u011fini s\u00f6yl\u00fcyor.<\/p>\n<h3><strong>Yetkili servis nas\u0131l ay\u0131rt edilir?<\/strong><\/h3>\n<p>Baymak uzmanlar\u0131 yetkili servisi ay\u0131rt edebilmek i\u00e7in dikkat edilmesi gerekenleri ise \u015f\u00f6yle s\u0131ral\u0131yor:<\/p>\n<p>&#8211; Bak\u0131m ya da onar\u0131m i\u00e7in eve \u00e7a\u011f\u0131r\u0131lan ki\u015filerin, yetkili olduklar\u0131n\u0131 g\u00f6steren kimlik kartlar\u0131n\u0131, yetki belgelerini talep edin. Belgelerin tahribats\u0131z ve g\u00fcncel oldu\u011funa emin olun.<\/p>\n<p>&#8211; <strong>Gelen ki\u015filerin mesleki yeterlilik belgeleri<\/strong> olup olmad\u0131\u011f\u0131n\u0131 sorun.<\/p>\n<p>&#8211; Gelen ki\u015filerin kurumsal firma anlay\u0131\u015f\u0131na ba\u011fl\u0131 olarak kulland\u0131klar\u0131 ara\u00e7, k\u0131l\u0131k k\u0131yafet ve kulland\u0131klar\u0131 evraklarda firman\u0131n kurumsal logosunu ta\u015f\u0131y\u0131p ta\u015f\u0131mad\u0131\u011f\u0131na dikkat edin.<\/p>\n<p>&#8211; Fatura veremeyen bir yetkili servis olmaz. \u0130\u015fe ba\u015flanmadan mutlaka fatura isteyin.<\/p>\n<p>&#8211; \u00dccretli de\u011fi\u015fen par\u00e7alar\u0131n eskilerini sizlere teslim ederler.<\/p>\n<p>Yetkili servisler tam donan\u0131mla \u00e7al\u0131\u015f\u0131r. Gelen ki\u015filere <strong>cihaz bak\u0131m ve onar\u0131m\u0131<\/strong> i\u00e7in evinizden herhangi bir alet veya ayg\u0131t vermeyin.<\/p>","protected":false},"excerpt":{"rendered":"<p>Sorry, this entry is only available in Turkish. For the sake of viewer convenience, the content is shown below in the alternative language. You may click the link to switch the active language. So\u011fuk havalar kendini hissettirmeye ba\u015flarken kombilerin bak\u0131m\u0131n\u0131 yapt\u0131rmak kritik \u00f6nem arz ediyor. \u201c\u0130\u015fimiz sizi anlamak\u201d anlay\u0131\u015f\u0131yla hareket eden Baymak, k\u0131\u015f sezonu \u00f6ncesinde [&hellip;]<\/p>\n","protected":false},"author":1,"featured_media":180244,"comment_status":"open","ping_status":"open","sticky":false,"template":"","format":"standard","meta":[],"categories":[46,53],"tags":[5265,43848,59667,106411],"views":34,"_links":{"self":[{"href":"https:\/\/www.enerjigazetesi.ist\/en\/wp-json\/wp\/v2\/posts\/180241"}],"collection":[{"href":"https:\/\/www.enerjigazetesi.ist\/en\/wp-json\/wp\/v2\/posts"}],"about":[{"href":"https:\/\/www.enerjigazetesi.ist\/en\/wp-json\/wp\/v2\/types\/post"}],"author":[{"embeddable":true,"href":"https:\/\/www.enerjigazetesi.ist\/en\/wp-json\/wp\/v2\/users\/1"}],"replies":[{"embeddable":true,"href":"https:\/\/www.enerjigazetesi.ist\/en\/wp-json\/wp\/v2\/comments?post=180241"}],"version-history":[{"count":0,"href":"https:\/\/www.enerjigazetesi.ist\/en\/wp-json\/wp\/v2\/posts\/180241\/revisions"}],"wp:featuredmedia":[{"embeddable":true,"href":"https:\/\/www.enerjigazetesi.ist\/en\/wp-json\/wp\/v2\/media\/180244"}],"wp:attachment":[{"href":"https:\/\/www.enerjigazetesi.ist\/en\/wp-json\/wp\/v2\/media?parent=180241"}],"wp:term":[{"taxonomy":"category","embeddable":true,"href":"https:\/\/www.enerjigazetesi.ist\/en\/wp-json\/wp\/v2\/categories?post=180241"},{"taxonomy":"post_tag","embeddable":true,"href":"https:\/\/www.enerjigazetesi.ist\/en\/wp-json\/wp\/v2\/tags?post=180241"}],"curies":[{"name":"wp","href":"https:\/\/api.w.org\/{rel}","templated":true}]}}