{"id":180236,"date":"2023-10-23T16:30:15","date_gmt":"2023-10-23T13:30:15","guid":{"rendered":"https:\/\/www.enerjigazetesi.ist\/?p=180236"},"modified":"2023-10-23T16:30:15","modified_gmt":"2023-10-23T13:30:15","slug":"10-kuresel-iklim-degisikligi-fotograf-yarismasinin-kazananlari-belli-oldu","status":"publish","type":"post","link":"https:\/\/www.enerjigazetesi.ist\/en\/10-kuresel-iklim-degisikligi-fotograf-yarismasinin-kazananlari-belli-oldu\/","title":{"rendered":"(Turkish) 10. K\u00fcresel \u0130klim De\u011fi\u015fikli\u011fi Foto\u011fraf Yar\u0131\u015fmas\u0131\u2019n\u0131n Kazananlar\u0131 Belli Oldu"},"content":{"rendered":"<p class=\"qtranxs-available-languages-message qtranxs-available-languages-message-en\">Sorry, this entry is only available in <a href=\"https:\/\/www.enerjigazetesi.ist\/tr\/wp-json\/wp\/v2\/posts\/180236\" class=\"qtranxs-available-language-link qtranxs-available-language-link-tr\" title=\"Turkish\">Turkish<\/a>. For the sake of viewer convenience, the content is shown below in the alternative language. You may click the link to switch the active language.<\/p><p><\/p>\n<h2><strong>\u0130klimlendirme sekt\u00f6r\u00fcn\u00fcn \u00f6nc\u00fcs\u00fc Alarko Carrier\u2019\u0131n d\u00fczenledi\u011fi 10. K\u00fcresel \u0130klim De\u011fi\u015fikli\u011fi Foto\u011fraf Yar\u0131\u015fmas\u0131\u2019nda \u00f6d\u00fcl kazananlar belirlendi. Bu y\u0131l yakla\u015f\u0131k 1000 ba\u015fvurunun yap\u0131ld\u0131\u011f\u0131 yar\u0131\u015fmada, toplam 12 foto\u011fraf tutkunu \u00f6d\u00fcl kazand\u0131.<\/strong><\/h2>\n<p>G\u00fcn\u00fcm\u00fcz\u00fcn en b\u00fcy\u00fck sorunlar\u0131ndan biri olarak \u00f6ne \u00e7\u0131kan iklim de\u011fi\u015fikli\u011finin d\u00fcnyam\u0131za ve ya\u015fad\u0131\u011f\u0131m\u0131z <img loading=\"lazy\" class=\"alignright wp-image-180239\" src=\"https:\/\/www.enerjigazetesi.ist\/wp-content\/uploads\/2023\/10\/10-kuresel-iklim-degisikligi-fotograf-yarismasinin-kazananlari-belli-oldu-1.jpg\" alt=\"\" width=\"320\" height=\"400\" srcset=\"https:\/\/www.enerjigazetesi.ist\/wp-content\/uploads\/2023\/10\/10-kuresel-iklim-degisikligi-fotograf-yarismasinin-kazananlari-belli-oldu-1.jpg 384w, https:\/\/www.enerjigazetesi.ist\/wp-content\/uploads\/2023\/10\/10-kuresel-iklim-degisikligi-fotograf-yarismasinin-kazananlari-belli-oldu-1-240x300.jpg 240w, https:\/\/www.enerjigazetesi.ist\/wp-content\/uploads\/2023\/10\/10-kuresel-iklim-degisikligi-fotograf-yarismasinin-kazananlari-belli-oldu-1-320x400.jpg 320w, https:\/\/www.enerjigazetesi.ist\/wp-content\/uploads\/2023\/10\/10-kuresel-iklim-degisikligi-fotograf-yarismasinin-kazananlari-belli-oldu-1-40x50.jpg 40w\" sizes=\"(max-width: 320px) 100vw, 320px\" \/>\u00e7evreye etkisine dikkat \u00e7ekmek isteyen <strong>Alarko Carrier<\/strong>\u2019\u0131n, bu y\u0131l onuncusunu d\u00fczenledi\u011fi <strong>K\u00fcresel \u0130klim De\u011fi\u015fikli\u011fi Foto\u011fraf Yar\u0131\u015fmas\u0131\u2019n\u0131n<\/strong> kazananlar\u0131 belli oldu. Ba\u015fvurular\u0131n, Instagram ve Twitter \u00fczerinden <strong>#AlarkoCarrierK\u00fcresel\u0130klim2023<\/strong> etiketi ile yap\u0131ld\u0131\u011f\u0131 yar\u0131\u015fmaya yakla\u015f\u0131k <strong>1000 foto\u011fraf<\/strong> kat\u0131ld\u0131.<\/p>\n<p>Yap\u0131lan de\u011ferlendirmenin ilk a\u015famas\u0131nda, aralar\u0131nda Gazeteci ve Foto\u011fraf\u00e7\u0131 Adem Meleke, Gezgin Foto Genel Yay\u0131n Y\u00f6netmeni Nihan \u00d6zgen Meleke, Alarko Carrier Genel M\u00fcd\u00fcr Yard\u0131mc\u0131s\u0131 H\u0131rant Kalata\u015f, Alarko Carrier Kurumsal \u0130leti\u015fim M\u00fcd\u00fcr\u00fc H\u00fcdai \u00d6zt\u00fcrk ve Alarko Carrier Pazarlama Direkt\u00f6r\u00fc Volkan Arslan\u2019\u0131n da yer ald\u0131\u011f\u0131 \u00f6n eleme j\u00fcrisi taraf\u0131ndan <strong>50 foto\u011fraf<\/strong> se\u00e7ildi. Ard\u0131ndan se\u00e7ici kurulun oylar\u0131yla <strong>12 foto\u011fraf<\/strong> kazanan olarak belirlendi.<\/p>\n<h3><strong>Kazananlar birbirinden \u00f6zel \u00f6d\u00fcllerin sahipleri oldu<\/strong><\/h3>\n<p>Kazanan 12 foto\u011fraf se\u00e7ici kurulun bir araya gelerek, t\u00fcm foto\u011fraflar\u0131 de\u011ferlendirmesi sonucu belirlendi. Se\u00e7ici kurulda; Gazeteci ve Foto\u011fraf\u00e7\u0131 Adem Meleke, Belgeselci ve Foto Muhabiri Co\u015fkun Aral, Foto\u011fraf\u00e7\u0131 Dilan Bozyel, Milliyet Gazetesi Foto\u011fraf Edit\u00f6r\u00fc ve Foto Muhabiri Ercan Arslan, Foto\u011fraf\u00e7\u0131 Yazar Merih Ako\u011ful, Alarko Carrier Y\u00f6netim Kurulu Ba\u015fkan\u0131 Niv Garih ve Reklamc\u0131 Serdesin Ajans Ba\u015fkan\u0131 Serhat Bayram yer ald\u0131. Se\u00e7ici kurulun de\u011ferlendirmesi sonucu dereceye giren ilk 12 foto\u011fraf\u0131n sahipleri Alarko Carrier taraf\u0131ndan birbirinden \u00f6zel \u00f6d\u00fcller almaya hak kazand\u0131.<\/p>\n<p>Yar\u0131\u015fmada birinci olan <strong>Mehmet S\u00fcmer<\/strong>, <strong>Iphone 14<\/strong> <strong>cep telefonu\u00a0<\/strong>\u00f6d\u00fcl\u00fcn\u00fc almaya hak kazand\u0131. \u0130kinci <strong>Bet\u00fcl \u015eim\u015fek<\/strong> <strong>drone<\/strong>, \u00fc\u00e7\u00fcnc\u00fc <strong>Yunus Y\u0131ld\u0131z<\/strong> ise <strong>foto\u011fraf makinas\u0131\u00a0<\/strong>\u00f6d\u00fcl\u00fcn\u00fcn sahibi oldu. D\u00f6rd\u00fcnc\u00fc <strong>Mehmet K\u0131ll\u0131n\u00e7<\/strong>, be\u015finci <strong>Seyit Konyal\u0131\u00a0<\/strong>ve alt\u0131nc\u0131 <strong>Nurettin Boydak<\/strong>, <strong>gimbal<\/strong><strong>\u00a0<\/strong>\u00f6d\u00fcllerinin sahibi oldular. Yedinci M\u00fcrsel \u00c7etin, sekizinci Eseng\u00fcl Al\u0131c\u0131, dokuzuncu Hikmet Tanirgan, onuncu Mustafa K\u00fct\u00fck, onbirinci Veysi \u015eim\u015fek, onikinci \u0130smail Serhat \u015eahin\u00a0ise\u00a0<strong>3 bin TL de\u011ferinde hediye \u00e7eki<\/strong>\u00a0kazand\u0131. Ayr\u0131ca dereceye giren t\u00fcm kazananlara <strong>12 ayl\u0131k<\/strong> <strong>Atlas Dergisi Aboneli\u011fi<\/strong> hediye edildi.<\/p>\n<p>Yar\u0131\u015fman\u0131n t\u00fcm kazanan foto\u011fraflar\u0131na bu linkten ula\u015fabilirsiniz:\u00a0<a href=\"https:\/\/yarisma.alarko-carrier.com.tr\/\" target=\"_blank\" rel=\"noopener\">https:\/\/yarisma.alarko-carrier.com.tr\/<\/a><\/p>","protected":false},"excerpt":{"rendered":"<p>Sorry, this entry is only available in Turkish. For the sake of viewer convenience, the content is shown below in the alternative language. You may click the link to switch the active language. \u0130klimlendirme sekt\u00f6r\u00fcn\u00fcn \u00f6nc\u00fcs\u00fc Alarko Carrier\u2019\u0131n d\u00fczenledi\u011fi 10. K\u00fcresel \u0130klim De\u011fi\u015fikli\u011fi Foto\u011fraf Yar\u0131\u015fmas\u0131\u2019nda \u00f6d\u00fcl kazananlar belirlendi. Bu y\u0131l yakla\u015f\u0131k 1000 ba\u015fvurunun yap\u0131ld\u0131\u011f\u0131 yar\u0131\u015fmada, [&hellip;]<\/p>\n","protected":false},"author":1,"featured_media":180238,"comment_status":"open","ping_status":"open","sticky":false,"template":"","format":"standard","meta":[],"categories":[53],"tags":[15737,94899],"views":32,"_links":{"self":[{"href":"https:\/\/www.enerjigazetesi.ist\/en\/wp-json\/wp\/v2\/posts\/180236"}],"collection":[{"href":"https:\/\/www.enerjigazetesi.ist\/en\/wp-json\/wp\/v2\/posts"}],"about":[{"href":"https:\/\/www.enerjigazetesi.ist\/en\/wp-json\/wp\/v2\/types\/post"}],"author":[{"embeddable":true,"href":"https:\/\/www.enerjigazetesi.ist\/en\/wp-json\/wp\/v2\/users\/1"}],"replies":[{"embeddable":true,"href":"https:\/\/www.enerjigazetesi.ist\/en\/wp-json\/wp\/v2\/comments?post=180236"}],"version-history":[{"count":0,"href":"https:\/\/www.enerjigazetesi.ist\/en\/wp-json\/wp\/v2\/posts\/180236\/revisions"}],"wp:featuredmedia":[{"embeddable":true,"href":"https:\/\/www.enerjigazetesi.ist\/en\/wp-json\/wp\/v2\/media\/180238"}],"wp:attachment":[{"href":"https:\/\/www.enerjigazetesi.ist\/en\/wp-json\/wp\/v2\/media?parent=180236"}],"wp:term":[{"taxonomy":"category","embeddable":true,"href":"https:\/\/www.enerjigazetesi.ist\/en\/wp-json\/wp\/v2\/categories?post=180236"},{"taxonomy":"post_tag","embeddable":true,"href":"https:\/\/www.enerjigazetesi.ist\/en\/wp-json\/wp\/v2\/tags?post=180236"}],"curies":[{"name":"wp","href":"https:\/\/api.w.org\/{rel}","templated":true}]}}