{"id":180150,"date":"2023-10-19T16:31:47","date_gmt":"2023-10-19T13:31:47","guid":{"rendered":"https:\/\/www.enerjigazetesi.ist\/?p=180150"},"modified":"2023-10-19T16:31:47","modified_gmt":"2023-10-19T13:31:47","slug":"uluslararasi-yesil-binalar-zirvesi-8-kasimda-yapilacak","status":"publish","type":"post","link":"https:\/\/www.enerjigazetesi.ist\/en\/uluslararasi-yesil-binalar-zirvesi-8-kasimda-yapilacak\/","title":{"rendered":"(Turkish) &#8217;Uluslararas\u0131 Ye\u015fil Binalar Zirvesi&#8217; 8 Kas\u0131m\u2019da Yap\u0131lacak"},"content":{"rendered":"<p class=\"qtranxs-available-languages-message qtranxs-available-languages-message-en\">Sorry, this entry is only available in <a href=\"https:\/\/www.enerjigazetesi.ist\/tr\/wp-json\/wp\/v2\/posts\/180150\" class=\"qtranxs-available-language-link qtranxs-available-language-link-tr\" title=\"Turkish\">Turkish<\/a>. For the sake of viewer convenience, the content is shown below in the alternative language. You may click the link to switch the active language.<\/p><p><\/p>\n<h2><strong>\u00c7evre Dostu Ye\u015fil Binalar Derne\u011fi\u2019nin (\u00c7EDB\u0130K) ev sahipli\u011finde <\/strong><strong>T<\/strong><strong>.C. \u00c7evre, \u015eehircilik ve \u0130klim De\u011fi\u015fikli\u011fi Bakanl\u0131\u011f\u0131\u00a0deste\u011fiyle her y\u0131l s\u00fcrd\u00fcr\u00fclebilirli\u011fin \u00f6nemine dikkat \u00e7ekmek i\u00e7in d\u00fczenlenen \u2018Uluslararas\u0131 Ye\u015fil Binalar ve \u015eehirler Zirvesi\u2019, bu y\u0131l 8 Kas\u0131m 2023 tarihinde Hilton Bosphorus \u0130stanbul&#8217;da ger\u00e7ekle\u015fecek. Zirve, \u00fclkemizde ya\u015fanan Kahramanmara\u015f depremlerinin yaratt\u0131\u011f\u0131 y\u0131k\u0131m\u0131n ard\u0131ndan \u2018kentsel ve mek\u00e2nsal diren\u00e7lilik\u2019 kavram\u0131n\u0131n \u00f6nemine dikkat \u00e7ekmek \u00fczere \u2018S\u0131f\u0131r\u0131n \u0130n\u015fas\u0131: Diren\u00e7li \u015eehirler\u2019 temas\u0131yla d\u00fczenlenecek.<\/strong><\/h2>\n<p style=\"text-align: center;\"><img loading=\"lazy\" class=\"aligncenter wp-image-180152\" src=\"https:\/\/www.enerjigazetesi.ist\/wp-content\/uploads\/2023\/10\/uluslararasi-yesil-binalar-zirvesi-8-kasimda-yapilacak.jpg\" alt=\"\" width=\"500\" height=\"240\" srcset=\"https:\/\/www.enerjigazetesi.ist\/wp-content\/uploads\/2023\/10\/uluslararasi-yesil-binalar-zirvesi-8-kasimda-yapilacak.jpg 550w, https:\/\/www.enerjigazetesi.ist\/wp-content\/uploads\/2023\/10\/uluslararasi-yesil-binalar-zirvesi-8-kasimda-yapilacak-300x144.jpg 300w, https:\/\/www.enerjigazetesi.ist\/wp-content\/uploads\/2023\/10\/uluslararasi-yesil-binalar-zirvesi-8-kasimda-yapilacak-500x240.jpg 500w, https:\/\/www.enerjigazetesi.ist\/wp-content\/uploads\/2023\/10\/uluslararasi-yesil-binalar-zirvesi-8-kasimda-yapilacak-80x38.jpg 80w\" sizes=\"(max-width: 500px) 100vw, 500px\" \/><\/p>\n<p>\u00c7evre Dostu Ye\u015fil Binalar Derne\u011fi\u2019nin (\u00c7EDB\u0130K) s\u00fcrd\u00fcr\u00fclebilirli\u011fin gelece\u011fimiz i\u00e7in giderek artan \u00f6neminden yola \u00e7\u0131karak yap\u0131 sekt\u00f6r\u00fcn\u00fcn \u00fczerine d\u00fc\u015fen sorumluluklar\u0131 ve ortaya \u00e7\u0131kan f\u0131rsatlar\u0131 daha g\u00fc\u00e7l\u00fc bir \u015fekilde vurgulamas\u0131\u00a0hedefiyle d\u00fczenledi\u011fi <strong>\u2018Uluslararas\u0131 Ye\u015fil Binalar ve \u015eehirler Zirvesi\u2019<\/strong>, bu y\u0131l <strong>8 Kas\u0131m 2023 tarihinde Hilton Bosphorus \u0130stanbul&#8217;da <\/strong>ger\u00e7ekle\u015ftirilecek.<\/p>\n<p>\u00dclkemizde yak\u0131n zamanda ya\u015fanan ve 10 ilimizi derinden etkileyen Kahramanmara\u015f depremlerinin yaratt\u0131\u011f\u0131 b\u00fcy\u00fck y\u0131k\u0131m\u0131n ard\u0131ndan sekt\u00f6r\u00fcn dikkatini \u2018<strong>kentsel ve mekansal diren\u00e7lilik\u2019<\/strong> kavram\u0131n\u0131n \u00f6nemine \u00e7ekmeyi hedefleyen \u00c7EDB\u0130K, bu nedenle zirvenin bu y\u0131lki temas\u0131n\u0131\u00a0\u2018S\u0131f\u0131r\u0131n \u0130n\u015fas\u0131: Diren\u00e7li \u015eehirler\u2019 olarak belirledi.<\/p>\n<p><em>Alan\u0131nda uzman 41 konu\u015fmac\u0131, 450&#8217;ye yak\u0131n kat\u0131l\u0131mc\u0131 ve toplamda 100\u2019e yak\u0131n kurum ve kurulu\u015fa ev sahipli\u011fi yapmas\u0131 beklenen\u00a0<\/em><strong>Uluslararas\u0131 Ye\u015fil Binalar ve \u015eehirler Zirvesi\u201923<\/strong>, sekt\u00f6r\u00fcn en g\u00fcncel konular\u0131na \u0131\u015f\u0131k tutacak.<\/p>\n<h3><strong>D\u00fcnya ve T\u00fcrkiye g\u00fcndemini yans\u0131tan 6 \u00f6nemli konu\u00a0<\/strong><\/h3>\n<p>Zirvede<strong> \u2019Afet- Diren\u00e7li \u015eehirler\u2019, \u2018Karbonsuzla\u015fma ama Nas\u0131l?\u2019, \u2018Binalar\u0131m\u0131z\u0131n Gelece\u011fi\u2019, \u2018Yeniden Ya\u015fam\u2019, \u2018D\u00f6n\u00fc\u015f\u00fcm\u00fcn Kayna\u011f\u0131 N<\/strong><strong>erede?\u2019<\/strong> ve <strong>\u2018\u0130stanbul&#8217;un Gelece\u011fi\u2019 <\/strong>gibi sekt\u00f6rde \u00f6nem arz eden ve\u00a0<em>d\u00fcnya g\u00fcndemini yans\u0131tan 6 \u00f6nemli konu, panel ve oturumlarla masaya yat\u0131r\u0131lacak. <\/em><\/p>\n<p>Afet \u00f6ncesi, esnas\u0131 ve sonras\u0131n\u0131 b\u00fct\u00fcnc\u00fcl bir s\u00fcre\u00e7 olarak ele alan \u2018kentsel ve mekansal diren\u00e7lilik\u2019 kavram\u0131 ve afet uyumlu mek\u00e2nsal tasar\u0131mlar\u0131 merkezine alan zirvede, gelecekte ya\u015fanabilir bir \u00e7evre ve s\u00fcrd\u00fcr\u00fclebilir ya\u015fam alanlar\u0131 olu\u015fturmak ad\u0131na ye\u015fil bina sistemlerinin \u00f6nemi, in\u015faat ve bankac\u0131l\u0131k sekt\u00f6rlerinin ye\u015fil binalar i\u00e7in sundu\u011fu finansal \u00fcr\u00fcnler ve sertifika sistemleri ele al\u0131nacak. S\u0131f\u0131r enerjili, s\u0131f\u0131r karbonlu binalar gibi ye\u015fil bina sistemlerinin mimari yakla\u015f\u0131mlar\u0131n\u0131n, bu binalar\u0131n in\u015fas\u0131, y\u00f6netimi ve s\u00fcrd\u00fcr\u00fclebilirli\u011finin konu\u015fulaca\u011f\u0131 zirvede, \u2018karbonsuzla\u015fma\u2019 alan\u0131nda uluslararas\u0131 stratejilerin T\u00fcrkiye&#8217;de uygulanmas\u0131na y\u00f6nelik imk\u00e2n ve engeller, binalarda enerji verimlili\u011fin art\u0131\u015f\u0131 ve potansiyeli ile yenilenebilir enerji \u00fcretiminde T\u00fcrkiye&#8217;nin durumu ve ulusal enerji politikalar\u0131 da incelenecek. Zirvenin bu y\u0131lki en \u00f6nemli katk\u0131lar\u0131ndan biri ise \u0130stanbul\u2019un gelece\u011finin ele al\u0131nd\u0131\u011f\u0131 \u00f6zel bir oturuma da yer verecek olmas\u0131.<\/p>\n<h3><strong>Uluslararas\u0131 uzmanlar, \u00fcnl\u00fc kat\u0131l\u0131mc\u0131lar ses getirecek<\/strong><\/h3>\n<p>T\u00fcrkiye ve d\u00fcnyan\u0131n \u00f6nde gelen isimlerinin a\u011f\u0131rlanaca\u011f\u0131 zirvede konular\u0131nda uzman akademisyen, kamu ve \u00f6zel sekt\u00f6r temsilcileri yer alacak. \u00dcnl\u00fc \u015fovmen <strong>Okan Bay\u00fclgen&#8217;in<\/strong> moderat\u00f6rl\u00fc\u011f\u00fcnde ger\u00e7ekle\u015ftirilecek kapan\u0131\u015f paneline, aralar\u0131nda <strong>Prof. Dr. Naci G\u00f6r\u00fcr\u00a0<\/strong>ve<strong>\u00a0Prof. Dr. Celal Abdi G\u00fczer&#8217;in<\/strong> de oldu\u011fu \u00f6nemli akademisyenler kat\u0131lacak.<\/p>\n<p><strong>\u00c7evre \u015eehircilik ve \u0130klim De\u011fi\u015fikli\u011fi Bakan\u0131 Mehmet \u00d6zhaseki\u2019nin kat\u0131l\u0131m\u0131n\u0131n \u00f6ng\u00f6r\u00fcld\u00fc\u011f\u00fc zirvede;\u00a0<\/strong><strong>D\u00fcnya Ye\u015fil Bina Konseyi (WGBC) CEO\u2019su Cristina Gamboa, Y\u0131ld\u0131z Teknik \u00dcniversitesi Rekt\u00f6r\u00fc Prof. Dr. Tamer Y\u0131lmaz ve Grundfos Y\u00f6neticisi Murat Emir\u00a0<\/strong>a\u00e7\u0131l\u0131\u015f konu\u015fmalar\u0131n\u0131 yapacak. Zirvenin \u2018<strong>Afet-Diren\u00e7li \u015eehirler\u2019<\/strong> a\u00e7\u0131l\u0131\u015f\u00a0oturumunda <strong>\u00c7EDB\u0130K Y\u00f6netim Kurulu Ba\u015fkan\u0131 Mehmet Sami K\u0131l\u0131\u00e7, Prof. Dr. Sinan Mert \u015eener,\u00a0<\/strong><strong>\u00c7evre, \u015eehircilik ve \u0130klim De\u011fi\u015fikli\u011fi Bakanl\u0131\u011f\u0131 Altyap\u0131 ve Kentsel D\u00f6n\u00fc\u015f\u00fcm Hizmetleri Genel M\u00fcd\u00fcr Yard\u0131mc\u0131s\u0131 Sezayi K\u00f6se<\/strong>\u00a0ve <strong>\u0130stanbul B\u00fcy\u00fck\u015fehir Belediyesi \u0130mar ve \u015eehircilik Dairesi Ba\u015fkan\u0131 G\u00fcrkan Akg\u00fcn<\/strong>\u2019\u00fcn yer almas\u0131 bekleniyor.<\/p>\n<p>\u2018Karbonsuzla\u015fma ama Nas\u0131l?\u2019 ba\u015fl\u0131kl\u0131 ilk oturumun ard\u0131ndan zirvedeki ikinci oturum s\u0131rayla \u2018Binalar\u0131m\u0131z\u0131n Gelece\u011fi\u2019 ve \u2018Yeniden Ya\u015fam\u2019 ba\u015fl\u0131klar\u0131yla, \u00fc\u00e7\u00fcnc\u00fc ve son oturum ise \u2018D\u00f6n\u00fc\u015f\u00fcm\u00fcn Kayna\u011f\u0131 Nerede?\u2019 ve \u2018\u0130stanbul&#8217;un Gelece\u011fi\u2019 ba\u015fl\u0131klar\u0131yla ger\u00e7ekle\u015ftirilecek.<\/p>\n<h3><strong>\u2018S\u00fcrd\u00fcr\u00fclebilirlik Fikir Yar\u0131\u015fmas\u0131\u2019 ve \u20187. Ye\u015fil Ekonomi\u2019 \u00f6d\u00fclleri verilecek<\/strong><\/h3>\n<p>Zirvenin g\u00fcndemle yak\u0131ndan ili\u015fkili bir di\u011fer \u00f6nemli etkinli\u011fi de a\u00e7\u0131l\u0131\u015f panelinden sonra ger\u00e7ekle\u015ftirilecek \u2018<a href=\"https:\/\/cedbik.org\/tr\/edbi-k-renci-fikir-yar-mas-2023-d-n-m-tasarlamak\" target=\"_blank\" rel=\"noopener\">\u00c7EDB\u0130K S\u00fcrd\u00fcr\u00fclebilirlik Fikir Yar\u0131\u015fmas\u0131 2023: D\u00f6n\u00fc\u015f\u00fcm\u00fc Tasarlamak<\/a>\u2019 \u00d6d\u00fcl T\u00f6reni olacak. Bu y\u0131l ya\u015fad\u0131\u011f\u0131m\u0131z depremleri kentsel ve mek\u00e2nsal diren\u00e7lilik \u00e7er\u00e7evesinde oda\u011f\u0131na alan \u2018Afet Sonras\u0131 Nitelikli Bar\u0131nma Alanlar\u0131 Tasar\u0131m\u0131na Y\u00f6nelik \u00d6\u011frenci Fikir Yar\u0131\u015fmas\u0131\u2019, \u00c7anakkale ilinin Merkez il\u00e7esine ba\u011fl\u0131 Barbaros Mahallesi\u2019nin k\u0131y\u0131 b\u00f6lgesinde se\u00e7ilen bir proje alan\u0131nda, afet sonras\u0131nda afetzedelerin anl\u0131k ihtiya\u00e7lar\u0131n\u0131n kar\u015f\u0131lanmas\u0131n\u0131 sa\u011flayan i\u015fleve dayal\u0131 mekansal \u00e7\u00f6z\u00fcmler yarat\u0131lmas\u0131n\u0131 kaps\u0131yor. Bu do\u011frultuda, ilgili proje alan\u0131n\u0131 afet esnas\u0131nda ve sonras\u0131nda nitelikli ve ya\u015fanabilir ge\u00e7ici bar\u0131nma alanlar\u0131na d\u00f6n\u00fc\u015ft\u00fcren en iyi mimari tasar\u0131mlar\u0131n \u00f6d\u00fcllendirilmesi planlan\u0131yor.<\/p>\n<p>Zirvede ayr\u0131ca Yeni Aray\u0131\u015flar Giri\u015fimi Platformu Derne\u011fi\u2019nin (YAPDER) d\u00fczenledi\u011fi\u00a0Ye\u015fil Ekonomi \u00d6d\u00fclleri\u2019nin 7\u2019incisi de verilecek. Bu kapsamda aralar\u0131nda bilim insanlar\u0131, do\u011fa ve \u00e7evre uzmanlar\u0131 ve sivil toplum \u00f6rg\u00fct\u00fc \u00f6nderlerinin yer ald\u0131\u011f\u0131 50 ki\u015filik j\u00fcri taraf\u0131ndan belirlenen \u00f6d\u00fcllerle \u00e7evreye kar\u015f\u0131 duyarl\u0131 yakla\u015f\u0131mla proje \u00fcreten ki\u015fi ve kurumlar onurland\u0131r\u0131lacak.<\/p>","protected":false},"excerpt":{"rendered":"<p>Sorry, this entry is only available in Turkish. For the sake of viewer convenience, the content is shown below in the alternative language. You may click the link to switch the active language. \u00c7evre Dostu Ye\u015fil Binalar Derne\u011fi\u2019nin (\u00c7EDB\u0130K) ev sahipli\u011finde T.C. \u00c7evre, \u015eehircilik ve \u0130klim De\u011fi\u015fikli\u011fi Bakanl\u0131\u011f\u0131\u00a0deste\u011fiyle her y\u0131l s\u00fcrd\u00fcr\u00fclebilirli\u011fin \u00f6nemine dikkat \u00e7ekmek i\u00e7in [&hellip;]<\/p>\n","protected":false},"author":1,"featured_media":180153,"comment_status":"open","ping_status":"open","sticky":false,"template":"","format":"standard","meta":[],"categories":[53,52],"tags":[97534,110979],"views":64,"_links":{"self":[{"href":"https:\/\/www.enerjigazetesi.ist\/en\/wp-json\/wp\/v2\/posts\/180150"}],"collection":[{"href":"https:\/\/www.enerjigazetesi.ist\/en\/wp-json\/wp\/v2\/posts"}],"about":[{"href":"https:\/\/www.enerjigazetesi.ist\/en\/wp-json\/wp\/v2\/types\/post"}],"author":[{"embeddable":true,"href":"https:\/\/www.enerjigazetesi.ist\/en\/wp-json\/wp\/v2\/users\/1"}],"replies":[{"embeddable":true,"href":"https:\/\/www.enerjigazetesi.ist\/en\/wp-json\/wp\/v2\/comments?post=180150"}],"version-history":[{"count":0,"href":"https:\/\/www.enerjigazetesi.ist\/en\/wp-json\/wp\/v2\/posts\/180150\/revisions"}],"wp:featuredmedia":[{"embeddable":true,"href":"https:\/\/www.enerjigazetesi.ist\/en\/wp-json\/wp\/v2\/media\/180153"}],"wp:attachment":[{"href":"https:\/\/www.enerjigazetesi.ist\/en\/wp-json\/wp\/v2\/media?parent=180150"}],"wp:term":[{"taxonomy":"category","embeddable":true,"href":"https:\/\/www.enerjigazetesi.ist\/en\/wp-json\/wp\/v2\/categories?post=180150"},{"taxonomy":"post_tag","embeddable":true,"href":"https:\/\/www.enerjigazetesi.ist\/en\/wp-json\/wp\/v2\/tags?post=180150"}],"curies":[{"name":"wp","href":"https:\/\/api.w.org\/{rel}","templated":true}]}}