{"id":18011,"date":"2013-11-22T10:41:06","date_gmt":"2013-11-22T07:41:06","guid":{"rendered":"https:\/\/www.enerjigazetesi.ist\/?p=18011"},"modified":"2013-11-22T10:41:06","modified_gmt":"2013-11-22T07:41:06","slug":"cumhurbaskani-gul-ab-enerji-faslinin-acilmamis-olmasi-buyuk-celiski","status":"publish","type":"post","link":"https:\/\/www.enerjigazetesi.ist\/en\/cumhurbaskani-gul-ab-enerji-faslinin-acilmamis-olmasi-buyuk-celiski\/","title":{"rendered":"(Turkish) Cumhurba\u015fkan\u0131 G\u00fcl: AB Enerji Fasl\u0131n\u0131n A\u00e7\u0131lmam\u0131\u015f Olmas\u0131 B\u00fcy\u00fck \u00c7eli\u015fki&#8230;"},"content":{"rendered":"<p class=\"qtranxs-available-languages-message qtranxs-available-languages-message-en\">Sorry, this entry is only available in <a href=\"https:\/\/www.enerjigazetesi.ist\/tr\/wp-json\/wp\/v2\/posts\/18011\" class=\"qtranxs-available-language-link qtranxs-available-language-link-tr\" title=\"Turkish\">Turkish<\/a>. For the sake of viewer convenience, the content is shown below in the alternative language. You may click the link to switch the active language.<\/p><p><strong>Cumhurba\u015fkan\u0131 Abdullah G\u00fcl, Grand Tarabya Oteli\u2019nde \u2018Atlantik Konseyi 5. Enerji ve Ekonomik Zirvesi\u2019nin a\u00e7\u0131l\u0131\u015f\u0131nda konu\u015ftu: \u0130\u015fte konu\u015fmadan sat\u0131r ba\u015flar\u0131\u2026<\/strong><\/p>\n<p>&#8211; Enerji g\u00fcvenli\u011fi ve \u00e7e\u015fitlili\u011fi, makul fiyatla<a href=\"https:\/\/www.enerjigazetesi.ist\/wp-content\/uploads\/2013\/11\/cumhurbaskani-abdullah-gul-atlantik-konseyi-5-enerji-ve-ekonomik-zirvesinin-acilisinda-konustu.jpg\"><img loading=\"lazy\" class=\"alignleft size-medium wp-image-18012\" title=\"cumhurbaskani-abdullah-gul-atlantik-konseyi-5-enerji-ve-ekonomik-zirvesinin-acilisinda-konustu\" src=\"https:\/\/www.enerjigazetesi.ist\/wp-content\/uploads\/2013\/11\/cumhurbaskani-abdullah-gul-atlantik-konseyi-5-enerji-ve-ekonomik-zirvesinin-acilisinda-konustu-300x198.jpg\" alt=\"\" width=\"300\" height=\"198\" srcset=\"https:\/\/www.enerjigazetesi.ist\/wp-content\/uploads\/2013\/11\/cumhurbaskani-abdullah-gul-atlantik-konseyi-5-enerji-ve-ekonomik-zirvesinin-acilisinda-konustu-300x198.jpg 300w, https:\/\/www.enerjigazetesi.ist\/wp-content\/uploads\/2013\/11\/cumhurbaskani-abdullah-gul-atlantik-konseyi-5-enerji-ve-ekonomik-zirvesinin-acilisinda-konustu-75x50.jpg 75w, https:\/\/www.enerjigazetesi.ist\/wp-content\/uploads\/2013\/11\/cumhurbaskani-abdullah-gul-atlantik-konseyi-5-enerji-ve-ekonomik-zirvesinin-acilisinda-konustu.jpg 368w\" sizes=\"(max-width: 300px) 100vw, 300px\" \/><\/a>rla eri\u015fim her \u00fclke i\u00e7in \u00f6nemli bir konu haline gelmi\u015ftir.<\/p>\n<p>&#8211; Enerji g\u00fcvenli\u011fi devletler aras\u0131ndaki ili\u015fkileri, ittifak ili\u015fkilerini, savunma politikalar\u0131n\u0131 etkileyecek bir nitelik kazanm\u0131\u015ft\u0131r.<\/p>\n<p>&#8211; Ortado\u011fu, Rusya, Kafkasya, Orta Asya ve OPEC merkezli enerji \u00fcretimi \u00f6nemini koruyacak.<\/p>\n<p>&#8211; Bir di\u011fer husus n\u00fckleer enerjinin \u00f6nemini devam ettirmesidir. Genel e\u011fitim yeni nesil teknolojilerle n\u00fckleer enerjiye yat\u0131r\u0131m yapmak y\u00f6n\u00fcndedir. Bu kapsamda enerji haritas\u0131 de\u011fi\u015fmekte ve enerjide yeni akt\u00f6rler ortaya \u00e7\u0131kmakta, oyun de\u011fi\u015ftirici b\u00fcy\u00fck de\u011fi\u015fiklikler meydana gelmektedir.<\/p>\n<h2>Irak ikinci ihracat\u00e7\u0131 olacak<\/h2>\n<p>&#8211; Kom\u015fumuz Irak enerji denkleminde \u00e7ok \u00f6nemli bir rol oynamaya haz\u0131rlanmaktad\u0131r. Irak\u2019\u0131n 2030\u2032larda Rusya\u2019n\u0131n \u00f6n\u00fcne ge\u00e7erek d\u00fcnyan\u0131n ikinci b\u00fcy\u00fck petrol ihracat\u00e7\u0131s\u0131 olmas\u0131 beklenmektedir. Irak\u2019taki do\u011falgaz kaynaklar\u0131 aynen petrolde oldu\u011fu gibi paralel \u015fekilde geli\u015ftirilmelidir.<\/p>\n<p>&#8211; Bir di\u011fer geli\u015fme de kaya gaz\u0131n\u0131n yayg\u0131n \u015fekilde kullan\u0131lmas\u0131n\u0131n \u00f6n\u00fcn\u00fcn a\u00e7\u0131lmas\u0131d\u0131r. Bu yeni kaynak teknolojik ve \u00e7evresel durumlar kar\u015f\u0131s\u0131nda r\u00fc\u015ft\u00fcn\u00fc ispat edebildi\u011fi takdirde yeni bir milat olacakt\u0131r.<\/p>\n<p>&#8211; Temiz k\u00f6m\u00fcr teknolojilerinin geli\u015ftirilmesinin zorunlulu\u011fu da bir di\u011fer \u00f6nemli konudur. Zengin k\u00f6m\u00fcr kaynaklar\u0131na sahip \u00fclkemiz a\u00e7\u0131s\u0131ndan b\u00fcy\u00fck \u00f6nem arz etmektedir. Yenilenebilir enerji kaynaklar\u0131n\u0131n \u00f6nemi de g\u00f6z ard\u0131 edilmemelidir. Yeni kaynaklar\u0131n kullanma yerine kulland\u0131\u011f\u0131m\u0131z kaynaklar\u0131 etkin kullanma da \u00e7ok \u00f6nemlidir.<\/p>\n<p>&#8211; S\u00fcrd\u00fcrebilir kalk\u0131nma isteyen enerji \u00fclkelerinin sepetinde g\u00fcne\u015f ve jeotermal gibi enerji kaynaklar\u0131 olmal\u0131d\u0131r.<\/p>\n<h2>Enerji fasl\u0131n\u0131n a\u00e7\u0131lmam\u0131\u015f olmas\u0131 b\u00fcy\u00fck \u00e7eli\u015fki<\/h2>\n<p>&#8211; Ba\u015fta Azeri gaz\u0131 olmak \u00fczere Kafkasya, Orta Asya do\u011falgaz\u0131n\u0131n ta\u015f\u0131nmas\u0131 konusunda T\u00fcrkiye\u2019nin b\u00fcy\u00fck projelerde oynad\u0131\u011f\u0131 rol\u00fcn fark\u0131ndas\u0131n\u0131zd\u0131r. \u00d6te yandan AB\u2019de enerji fasl\u0131n\u0131n hala a\u00e7\u0131lmamas\u0131 b\u00fcy\u00fck bir \u00e7eli\u015fkidir.<\/p>\n<p>&#8211; T\u00fcrkiye\u2019nin b\u00f6lgesel sahiplenme ilkesi i\u00e7inde ortakl\u0131k ve i\u015fbirli\u011fi i\u00e7inde projeleri hayata ge\u00e7irmeyi s\u00fcrd\u00fcrecektir. Irak y\u00f6netimi ile yapt\u0131\u011f\u0131m\u0131z temaslar bunun \u00e7ok a\u00e7\u0131k \u00f6rnekleridir.<\/p>\n<p>Kaynak: <a href=\"http:\/\/enerjienstitusu.com\/2013\/11\/21\/cumhurbaskani-abdullah-gul-atlantik-konseyi-5-enerji-ve-ekonomik-zirvesinin-acilisinda-konustu\/\" target=\"_blank\">Enerji Enstit\u00fcs\u00fc<\/a><\/p>","protected":false},"excerpt":{"rendered":"<p>Sorry, this entry is only available in Turkish. For the sake of viewer convenience, the content is shown below in the alternative language. You may click the link to switch the active language.Cumhurba\u015fkan\u0131 Abdullah G\u00fcl, Grand Tarabya Oteli\u2019nde \u2018Atlantik Konseyi 5. Enerji ve Ekonomik Zirvesi\u2019nin a\u00e7\u0131l\u0131\u015f\u0131nda konu\u015ftu: \u0130\u015fte konu\u015fmadan sat\u0131r ba\u015flar\u0131\u2026 &#8211; Enerji g\u00fcvenli\u011fi ve [&hellip;]<\/p>\n","protected":false},"author":1,"featured_media":18012,"comment_status":"open","ping_status":"open","sticky":false,"template":"","format":"standard","meta":[],"categories":[53],"tags":[10559,7710,10557,3307,63,67,232,1009,165,18,168,21,10558,1369,1748,508],"views":626,"_links":{"self":[{"href":"https:\/\/www.enerjigazetesi.ist\/en\/wp-json\/wp\/v2\/posts\/18011"}],"collection":[{"href":"https:\/\/www.enerjigazetesi.ist\/en\/wp-json\/wp\/v2\/posts"}],"about":[{"href":"https:\/\/www.enerjigazetesi.ist\/en\/wp-json\/wp\/v2\/types\/post"}],"author":[{"embeddable":true,"href":"https:\/\/www.enerjigazetesi.ist\/en\/wp-json\/wp\/v2\/users\/1"}],"replies":[{"embeddable":true,"href":"https:\/\/www.enerjigazetesi.ist\/en\/wp-json\/wp\/v2\/comments?post=18011"}],"version-history":[{"count":1,"href":"https:\/\/www.enerjigazetesi.ist\/en\/wp-json\/wp\/v2\/posts\/18011\/revisions"}],"predecessor-version":[{"id":18013,"href":"https:\/\/www.enerjigazetesi.ist\/en\/wp-json\/wp\/v2\/posts\/18011\/revisions\/18013"}],"wp:featuredmedia":[{"embeddable":true,"href":"https:\/\/www.enerjigazetesi.ist\/en\/wp-json\/wp\/v2\/media\/18012"}],"wp:attachment":[{"href":"https:\/\/www.enerjigazetesi.ist\/en\/wp-json\/wp\/v2\/media?parent=18011"}],"wp:term":[{"taxonomy":"category","embeddable":true,"href":"https:\/\/www.enerjigazetesi.ist\/en\/wp-json\/wp\/v2\/categories?post=18011"},{"taxonomy":"post_tag","embeddable":true,"href":"https:\/\/www.enerjigazetesi.ist\/en\/wp-json\/wp\/v2\/tags?post=18011"}],"curies":[{"name":"wp","href":"https:\/\/api.w.org\/{rel}","templated":true}]}}