{"id":180082,"date":"2023-10-17T17:56:33","date_gmt":"2023-10-17T14:56:33","guid":{"rendered":"https:\/\/www.enerjigazetesi.ist\/?p=180082"},"modified":"2023-10-17T18:07:32","modified_gmt":"2023-10-17T15:07:32","slug":"bakan-bayraktar-moskovada-duzenlenen-rus-enerji-haftasina-katildi","status":"publish","type":"post","link":"https:\/\/www.enerjigazetesi.ist\/en\/bakan-bayraktar-moskovada-duzenlenen-rus-enerji-haftasina-katildi\/","title":{"rendered":"(Turkish) Bakan Bayraktar Moskova\u2019da D\u00fczenlenen Rus Enerji Haftas\u0131\u2019na Kat\u0131ld\u0131"},"content":{"rendered":"<p class=\"qtranxs-available-languages-message qtranxs-available-languages-message-en\">Sorry, this entry is only available in <a href=\"https:\/\/www.enerjigazetesi.ist\/tr\/wp-json\/wp\/v2\/posts\/180082\" class=\"qtranxs-available-language-link qtranxs-available-language-link-tr\" title=\"Turkish\">Turkish<\/a>. For the sake of viewer convenience, the content is shown below in the alternative language. You may click the link to switch the active language.<\/p><p><\/p>\n<h2>Enerji\u00a0ve Tabii Kaynaklar Bakan\u0131 Alparslan Bayraktar, Rusya&#8217;n\u0131n ba\u015fkenti Moskova&#8217;da d\u00fczenlenen Rus\u00a0Enerji\u00a0Haftas\u0131 kapsam\u0131nda ger\u00e7ekle\u015ftirilen &#8220;Teknolojik egemenlik ve d\u00fc\u015f\u00fck karbon\u00a0enerjisi: Gelece\u011fe bakmak&#8221; ba\u015fl\u0131kl\u0131 oturumda konu\u015ftu.<\/h2>\n<p style=\"text-align: center;\"><img loading=\"lazy\" class=\"aligncenter wp-image-180084\" src=\"https:\/\/www.enerjigazetesi.ist\/wp-content\/uploads\/2023\/10\/bakan-bayraktar-moskovada-duzenlenen-rus-enerji-haftasina-katildi.jpg\" alt=\"\" width=\"500\" height=\"329\" srcset=\"https:\/\/www.enerjigazetesi.ist\/wp-content\/uploads\/2023\/10\/bakan-bayraktar-moskovada-duzenlenen-rus-enerji-haftasina-katildi.jpg 550w, https:\/\/www.enerjigazetesi.ist\/wp-content\/uploads\/2023\/10\/bakan-bayraktar-moskovada-duzenlenen-rus-enerji-haftasina-katildi-300x197.jpg 300w, https:\/\/www.enerjigazetesi.ist\/wp-content\/uploads\/2023\/10\/bakan-bayraktar-moskovada-duzenlenen-rus-enerji-haftasina-katildi-500x329.jpg 500w, https:\/\/www.enerjigazetesi.ist\/wp-content\/uploads\/2023\/10\/bakan-bayraktar-moskovada-duzenlenen-rus-enerji-haftasina-katildi-76x50.jpg 76w\" sizes=\"(max-width: 500px) 100vw, 500px\" \/><\/p>\n<p>Enerji\u00a0konusunda geleneksel zorlu\u011fun,\u00a0enerjinin g\u00fcvenilir ve d\u00fc\u015f\u00fck maliyetli bir \u015fekilde t\u00fcketiciye tedarik edilmesi oldu\u011funa i\u015faret eden Bakan Bayraktar, &#8220;\u015eimdi ise\u00a0enerjinin g\u00fcvenilir ve d\u00fc\u015f\u00fck maliyetli bir \u015fekilde tedarik edilmesinin yan\u0131 s\u0131ra \u00e7evre dostu olarak da tedariki yeni bir zorluk olarak \u00f6n\u00fcm\u00fcze \u00e7\u0131k\u0131yor.&#8221; ifadesini kulland\u0131.<\/p>\n<p>S\u00f6z konusu zorluklar\u0131n T\u00fcrk\u00a0enerji\u00a0pazar\u0131nda da ge\u00e7erli oldu\u011funu belirten Bayraktar, &#8220;\u00c7\u00fcnk\u00fc biz b\u00fcy\u00fcyen bir pazar\u0131z,\u00a0enerji\u00a0talebimiz hem elektrik hem de do\u011fal gaz taraf\u0131nda art\u0131yor. Son 20 y\u0131lda yakla\u015f\u0131k 3 kat bir art\u0131\u015f ya\u015fand\u0131.\u00a0Enerji\u00a0talebimiz her y\u0131l y\u00fczde 4,7 art\u0131yor ve bu e\u011filimin 20 y\u0131l boyunca devam edece\u011fini d\u00fc\u015f\u00fcn\u00fcyoruz.&#8221; dedi.<\/p>\n<p>Bakan Bayraktar, bu nedenle T\u00fcrkiye&#8217;de\u00a0enerji\u00a0\u00fcretimine y\u00f6nelik \u00f6nemli miktarda yat\u0131r\u0131m yap\u0131lmas\u0131 gerekti\u011finin alt\u0131n\u0131 \u00e7izdi.<\/p>\n<h3><strong>T\u00fcrkiye&#8217;nin karbon n\u00f6tr hedefi<\/strong><\/h3>\n<p>Cumhurba\u015fkan\u0131 Recep Tayyip Erdo\u011fan&#8217;\u0131n, 2053 itibar\u0131yla karbon n\u00f6tre ula\u015fma hedefini iki y\u0131l \u00f6nce duyurdu\u011funu an\u0131msatan Bayraktar, &#8220;Sadece 30 y\u0131l vaktimiz var ve t\u00fcm\u00a0enerji\u00a0sistemimizi, tar\u0131mdan ula\u015f\u0131ma ve sanayiye, t\u00fcm sekt\u00f6rlerimizi d\u00f6n\u00fc\u015ft\u00fcrmemiz gerekiyor. Ekonominin t\u00fcm sekt\u00f6rlerinde\u00a0enerji\u00a0alan\u0131nda d\u00f6n\u00fc\u015f\u00fcm ger\u00e7ekle\u015ftirmemiz gerekiyor.&#8221; diye konu\u015ftu.<\/p>\n<p>T\u00fcrkiye&#8217;nin\u00a0enerjide karbon n\u00f6tre ula\u015fmak i\u00e7in \u00f6nemli yat\u0131r\u0131mlar yapt\u0131\u011f\u0131n\u0131 vurgulayan Bayraktar, &#8220;\u00d6ncelikle yenilenebilir\u00a0enerjide \u00f6nemli bir potansiyele sahibiz. Rusya Devlet N\u00fckleer\u00a0Enerji\u00a0Kurulu\u015fu Rosatom Genel M\u00fcd\u00fcr\u00fc Aleksey Likhachev de T\u00fcrk yenilenebilir\u00a0enerji\u00a0pazar\u0131na yat\u0131r\u0131m yapmak istiyor. \u015eu anda <strong>g\u00fcne\u015f<\/strong> ve<strong> r\u00fczgar\u00a0enerjisine<\/strong> y\u00f6nelik projeler geli\u015ftiriyoruz.&#8221; dedi.<\/p>\n<p>Bakan Bayraktar, T\u00fcrk\u00a0enerji\u00a0sekt\u00f6r\u00fcnde yenilenebilir\u00a0enerjinin artan \u00f6nemine i\u015faret ederek, &#8220;T\u00fcrkiye&#8217;nin kurulu g\u00fcc\u00fcn\u00fcn y\u00fczde 55&#8217;i yenilenebilir\u00a0enerjiden geliyor ve bunu daha da art\u0131rmak istiyoruz. <strong>2035&#8217;e<\/strong> kadar <strong>g\u00fcne\u015f<\/strong> ve <strong>r\u00fczgar\u00a0enerjisinde<\/strong> kurulu g\u00fcc\u00fcm\u00fcz\u00fc <strong>her y\u0131l 5 gigavat art\u0131rmam\u0131z<\/strong> gerekiyor. <strong>G\u00fcne\u015f<\/strong> ve<strong> r\u00fczgarda<\/strong> ilave yenilenebilir\u00a0enerji\u00a0kurulumumuz <strong>12 y\u0131lda 60 gigavata<\/strong> ula\u015facak.&#8221; ifadesini kulland\u0131.<\/p>\n<p><strong>Enerji verimlili\u011fin de<\/strong> \u00f6nemli bir konu oldu\u011funu vurgulayan Bayraktar, t\u00fcm ekonomide enerji \u00fcretiminin ve t\u00fcketiminin verimli bir \u015fekilde ger\u00e7ekle\u015ftirilmesi gerekti\u011fini s\u00f6yledi.<\/p>\n<h3><strong>T\u00fcrkiye&#8217;nin n\u00fckleer\u00a0enerji\u00a0ihtiyac\u0131<\/strong><\/h3>\n<p>Rosatom&#8217;un, Rusya ile imzalanan anla\u015fma do\u011frultusunda Akkuyu N\u00fckleer G\u00fc\u00e7 Santrali&#8217;ni (NGS) in\u015fa etti\u011fini belirten Bayraktar, <em>&#8220;Ancak uzun vadede n\u00fckleer\u00a0enerjide en az 20 gigavat kurulu g\u00fcce ihtiyac\u0131m\u0131z var. Akkuyu&#8217;nun kapasitesi 4,8 gigavat, ancak ikinci ve \u00fc\u00e7\u00fcnc\u00fc n\u00fckleer santrallere de ihtiyac\u0131m\u0131z var. Rosatom da Sinop&#8217;ta planlad\u0131\u011f\u0131m\u0131z n\u00fckleer\u00a0enerji\u00a0santraline b\u00fcy\u00fck ilgi g\u00f6steriyor.&#8221;<\/em> diye konu\u015ftu.<\/p>\n<p>Akkuyu NGS&#8217;de in\u015faat \u00e7al\u0131\u015fmalar\u0131n\u0131n on binlerce \u00e7al\u0131\u015fanla birlikte etkin bir \u015fekilde y\u00fcr\u00fct\u00fcld\u00fc\u011f\u00fcn\u00fc dile getiren Bayraktar, <em>&#8220;\u0130ki hafta \u00f6nce sahadayd\u0131k. Hedefimiz, ilk reakt\u00f6rden 2024&#8217;te elektrik \u00fcretmek. Takip eden y\u0131llarda da t\u00fcm g\u00fc\u00e7 santralini faaliyete alaca\u011f\u0131z.\u00a0Enerji\u00a0ihtiyac\u0131m\u0131z\u0131n y\u00fczde 10&#8217;u bu tesisten gelecek ve bu da 30 ila 35 milyon ton karbon emisyonundan ka\u00e7\u0131nmam\u0131z\u0131 sa\u011flayacak.&#8221;<\/em> bilgisini verdi.<\/p>\n<p>Bayraktar, <strong>k\u00fc\u00e7\u00fck mod\u00fcler reakt\u00f6rler<\/strong> alan\u0131nda da \u00e7\u00f6z\u00fcmler i\u00e7in ad\u0131mlar att\u0131klar\u0131n\u0131 s\u00f6yledi.<\/p>\n<h3><strong>&#8220;Enerji\u00a0tedarikinde do\u011fru dengeyi bulmam\u0131z gerekiyor&#8221;<\/strong><\/h3>\n<p>T\u00fcrkiye&#8217;de rekabet\u00e7i ve d\u00fc\u015f\u00fck maliyetli\u00a0enerji\u00a0tedarikine \u00f6nem verdiklerini belirten Bakan Bayraktar, \u015funlar\u0131 kaydetti:<\/p>\n<p><em>&#8220;Sanayimize, hane halk\u0131m\u0131za, rekabet\u00e7i ve d\u00fc\u015f\u00fck maliyetli\u00a0enerji\u00a0tedariki sa\u011flamam\u0131z gerekiyor. T\u00fcrkiye, bir sanayi \u00fclkesi olarak \u00fcretim noktas\u0131nda \u00e7ok y\u00fcksek bir kapasiteye sahip ve elektrik ve do\u011fal gazda g\u00fcvenilir\u00a0enerjiye de ihtiya\u00e7lar\u0131 var. G\u00fcvenilir ve rekabet\u00e7i\u00a0enerji\u00a0tedarikinde do\u011fru dengeyi bulmam\u0131z gerekiyor.&#8221;<\/em><\/p>\n<p>Yenilenebilir\u00a0enerji\u00a0alan\u0131n\u0131n da teknolojik geli\u015fmelerle birlikte rekabet\u00e7i hale geldi\u011fini s\u00f6yleyen Bayraktar, <em>&#8220;En \u00f6nemlisi, pazara rekabet\u00e7i, d\u00fc\u015f\u00fck maliyetli ve g\u00fcvenilir enerjiyi tedarik etmek. N\u00fckleer enerji planlar\u0131m\u0131z da buna uyumlu g\u00f6r\u00fcn\u00fcyor ve bunun b\u00f6yle devam edece\u011fini umuyoruz.&#8221;<\/em> dedi.<\/p>\n<p>Kaynak: <a href=\"https:\/\/enerji.gov.tr\/haber-detay?id=21190\" target=\"_blank\" rel=\"noopener\">ETKB<\/a><\/p>","protected":false},"excerpt":{"rendered":"<p>Sorry, this entry is only available in Turkish. For the sake of viewer convenience, the content is shown below in the alternative language. You may click the link to switch the active language. Enerji\u00a0ve Tabii Kaynaklar Bakan\u0131 Alparslan Bayraktar, Rusya&#8217;n\u0131n ba\u015fkenti Moskova&#8217;da d\u00fczenlenen Rus\u00a0Enerji\u00a0Haftas\u0131 kapsam\u0131nda ger\u00e7ekle\u015ftirilen &#8220;Teknolojik egemenlik ve d\u00fc\u015f\u00fck karbon\u00a0enerjisi: Gelece\u011fe bakmak&#8221; ba\u015fl\u0131kl\u0131 oturumda [&hellip;]<\/p>\n","protected":false},"author":1,"featured_media":180084,"comment_status":"open","ping_status":"open","sticky":false,"template":"","format":"standard","meta":[],"categories":[51,53,49,43,50],"tags":[18,13,21,16,842,105],"views":65,"_links":{"self":[{"href":"https:\/\/www.enerjigazetesi.ist\/en\/wp-json\/wp\/v2\/posts\/180082"}],"collection":[{"href":"https:\/\/www.enerjigazetesi.ist\/en\/wp-json\/wp\/v2\/posts"}],"about":[{"href":"https:\/\/www.enerjigazetesi.ist\/en\/wp-json\/wp\/v2\/types\/post"}],"author":[{"embeddable":true,"href":"https:\/\/www.enerjigazetesi.ist\/en\/wp-json\/wp\/v2\/users\/1"}],"replies":[{"embeddable":true,"href":"https:\/\/www.enerjigazetesi.ist\/en\/wp-json\/wp\/v2\/comments?post=180082"}],"version-history":[{"count":0,"href":"https:\/\/www.enerjigazetesi.ist\/en\/wp-json\/wp\/v2\/posts\/180082\/revisions"}],"wp:featuredmedia":[{"embeddable":true,"href":"https:\/\/www.enerjigazetesi.ist\/en\/wp-json\/wp\/v2\/media\/180084"}],"wp:attachment":[{"href":"https:\/\/www.enerjigazetesi.ist\/en\/wp-json\/wp\/v2\/media?parent=180082"}],"wp:term":[{"taxonomy":"category","embeddable":true,"href":"https:\/\/www.enerjigazetesi.ist\/en\/wp-json\/wp\/v2\/categories?post=180082"},{"taxonomy":"post_tag","embeddable":true,"href":"https:\/\/www.enerjigazetesi.ist\/en\/wp-json\/wp\/v2\/tags?post=180082"}],"curies":[{"name":"wp","href":"https:\/\/api.w.org\/{rel}","templated":true}]}}