{"id":180031,"date":"2023-10-16T16:51:50","date_gmt":"2023-10-16T13:51:50","guid":{"rendered":"https:\/\/www.enerjigazetesi.ist\/?p=180031"},"modified":"2023-10-16T16:51:50","modified_gmt":"2023-10-16T13:51:50","slug":"watsons-surdurulebilirlik-ve-inovasyon-zirvesi-ne-geri-sayim-basladi","status":"publish","type":"post","link":"https:\/\/www.enerjigazetesi.ist\/en\/watsons-surdurulebilirlik-ve-inovasyon-zirvesi-ne-geri-sayim-basladi\/","title":{"rendered":"(Turkish) &#8217;Watsons S\u00fcrd\u00fcr\u00fclebilirlik ve \u0130novasyon Zirvesi\u2019ne Geri Say\u0131m Ba\u015flad\u0131"},"content":{"rendered":"<p class=\"qtranxs-available-languages-message qtranxs-available-languages-message-en\">Sorry, this entry is only available in <a href=\"https:\/\/www.enerjigazetesi.ist\/tr\/wp-json\/wp\/v2\/posts\/180031\" class=\"qtranxs-available-language-link qtranxs-available-language-link-tr\" title=\"Turkish\">Turkish<\/a>. For the sake of viewer convenience, the content is shown below in the alternative language. You may click the link to switch the active language.<\/p><p><\/p>\n<h2><strong>T\u00fcrkiye\u2019nin g\u00fczellik ve ki\u015fisel bak\u0131m sekt\u00f6r\u00fcnde s\u00fcrd\u00fcr\u00fclebilirli\u011fi sahiplenen ilk perakende markas\u0131 Watsons\u2019\u0131n bu y\u0131l ilk kez d\u00fczenledi\u011fi \u201cWatsons S\u00fcrd\u00fcr\u00fclebilirlik ve \u0130novasyon Zirvesi\u201d <\/strong><strong>19 &#8211; 20 Ekim\u2019de Bo\u011fazi\u00e7i \u00dcniversitesi\u2019nde ger\u00e7ekle\u015fecek. \u00dccretsiz olarak herkesin kat\u0131l\u0131m\u0131na a\u00e7\u0131k olan ve yo\u011fun ilgi g\u00f6ren zirvede, s\u00fcrd\u00fcr\u00fclebilirlik kavram\u0131 t\u00fcm eksenleriyle ele al\u0131nacak.<\/strong><\/h2>\n<p>S\u00fcrd\u00fcr\u00fclebilirlik konusunda perakende ve kozmetik sekt\u00f6r\u00fcne \u00f6nc\u00fcl\u00fck eden Watsons T\u00fcrkiye\u2019nin bu y\u0131l ilk kez d\u00fczenledi\u011fi \u201c<strong>Watsons S\u00fcrd\u00fcr\u00fclebilirlik ve \u0130novasyon Zirvesi\u201d 19 \u2013 20 Ekim <\/strong>tarihlerinde<strong>\u00a0Bo\u011fazi\u00e7i \u00dcniversitesi Albert Long Hall<\/strong>\u2019de ger\u00e7ekle\u015fecek.<\/p>\n<p><img loading=\"lazy\" class=\"alignright wp-image-180033\" src=\"https:\/\/www.enerjigazetesi.ist\/wp-content\/uploads\/2023\/10\/watsons-surdurulebilirlik-ve-inovasyon-zirvesi-ne-geri-sayim-basladi.jpg\" alt=\"\" width=\"320\" height=\"291\" srcset=\"https:\/\/www.enerjigazetesi.ist\/wp-content\/uploads\/2023\/10\/watsons-surdurulebilirlik-ve-inovasyon-zirvesi-ne-geri-sayim-basladi.jpg 527w, https:\/\/www.enerjigazetesi.ist\/wp-content\/uploads\/2023\/10\/watsons-surdurulebilirlik-ve-inovasyon-zirvesi-ne-geri-sayim-basladi-300x273.jpg 300w, https:\/\/www.enerjigazetesi.ist\/wp-content\/uploads\/2023\/10\/watsons-surdurulebilirlik-ve-inovasyon-zirvesi-ne-geri-sayim-basladi-439x400.jpg 439w, https:\/\/www.enerjigazetesi.ist\/wp-content\/uploads\/2023\/10\/watsons-surdurulebilirlik-ve-inovasyon-zirvesi-ne-geri-sayim-basladi-55x50.jpg 55w, https:\/\/www.enerjigazetesi.ist\/wp-content\/uploads\/2023\/10\/watsons-surdurulebilirlik-ve-inovasyon-zirvesi-ne-geri-sayim-basladi-500x455.jpg 500w\" sizes=\"(max-width: 320px) 100vw, 320px\" \/>Zirve; T\u00fcrkiye\u2019de ilk kez Bo\u011fazi\u00e7i \u00dcniversitesi \u0130novasyon ve Rekabet Odakl\u0131 Kalk\u0131nma \u00c7al\u0131\u015fmalar\u0131 Uygulama ve Ara\u015ft\u0131rma Merkezi ve Galatasaray \u00dcniversitesi Giri\u015fimcilik ve Yenilik\u00e7ilik Merkezi i\u015fbirli\u011fi ile d\u00fczenlenmesiyle de dikkat \u00e7ekiyor. \u201c<strong>Watsons S\u00fcrd\u00fcr\u00fclebilirlik ve \u0130novasyon Zirvesi\u201d\u00a0perakende, teknoloji, beyaz e\u015fya, sa\u011fl\u0131k, kozmetik, h\u0131zl\u0131 t\u00fcketim \u00fcr\u00fcnleri, g\u0131da, ula\u015ft\u0131rma<\/strong> ve daha <strong>bir\u00e7ok sekt\u00f6rden kat\u0131l\u0131mc\u0131<\/strong> ile <strong>akademisyenleri<\/strong>, s\u00fcrd\u00fcr\u00fclebilirlik alan\u0131nda etkili \u00e7al\u0131\u015fmalar yapan \u015firketlerin \u00fcst d\u00fczey y\u00f6neticilerini, sekt\u00f6r profesyonellerini ve alan\u0131nda uzman isimleri \u00fcniversite \u00f6\u011frencileri ve s\u00fcrd\u00fcr\u00fclebilirlik konusunda uzmanla\u015fmak isteyen herkesi &#8220;<strong>S\u00fcrd\u00fcr\u00fclebilir Gelece\u011fe Yenilik\u00e7i Ad\u0131mlar&#8221;<\/strong>\u00a0slogan\u0131yla bir araya getiriyor. Zirvenin sunuculu\u011funu ise <strong>Cansu Canan \u00d6zgen<\/strong> \u00fcstleniyor.<\/p>\n<p>Kat\u0131l\u0131mc\u0131lardan ve markalardan yo\u011fun ilgili g\u00f6ren zirvenin Platin sponsorlar\u0131 <strong>Nivea Beiersdorf<\/strong> ve <strong>The Purest Solutions<\/strong> olurken, Alt\u0131n sponsorlar\u0131 ise <strong>TAV, Erka Group, Coca Cola \u0130\u00e7ecek, Creavit<\/strong> ve <strong>Doxa. P&amp;G, Unilever<\/strong> ve <strong>Juan Valdez<\/strong>\u2019in ise <strong>Destek sponsor<\/strong> olarak yer alaca\u011f\u0131 zirvenin i\u015f birli\u011fi payda\u015flar\u0131 ise <strong>T\u00fcbider<\/strong> ve <strong>T\u00fcrkiye \u0130novasyon Hareketi.<\/strong><\/p>\n<h3><strong>Birbirinden farkl\u0131 sekt\u00f6rler s\u00fcrd\u00fcr\u00fclebilirlik oda\u011f\u0131nda bulu\u015fuyor<\/strong><\/h3>\n<p>Sekt\u00f6r profesyonelleri, akademisyenler ve alan\u0131nda uzman isimlerin kat\u0131laca\u011f\u0131 zirvede, s\u00fcrd\u00fcr\u00fclebilirlik alan\u0131nda etkili \u00e7al\u0131\u015fmalar yapan \u015firketlerin \u00fcst d\u00fczey y\u00f6neticileri deneyim ve i\u00e7g\u00f6r\u00fclerini payla\u015facak. Zirvede,\u00a0<strong>FutureBright Group Kurucu Orta\u011f\u0131 Akan Abdula<\/strong>\u00a0ve\u00a0<strong>Do\u011fa Aktivisti G\u00fcven \u0130slamo\u011flu<\/strong>\u00a0gibi uzman isimlerin yan\u0131 s\u0131ra yerelde y\u00fcr\u00fctt\u00fckleri \u00e7al\u0131\u015fmalarla geni\u015f bir \u00e7evreye etki eden\u00a0<strong>Topraktan Taba\u011fa Tar\u0131msal Kalk\u0131nma Kooperatifi kurucular\u0131ndan ve Cercis Murat Kona\u011f\u0131\u2019n\u0131n sahibi olan Sosyal Gastronomi \u015eefi<\/strong>\u00a0<strong>Ebru Baybara Demir, KEDV Mardin \u0130l Ba\u015fkan\u0131 Berna Ya\u011fc\u0131<\/strong>\u00a0ve\u00a0<strong>K\u0131rsal Eko Turizm Organizat\u00f6r\u00fc Bedriye Berber Engin<\/strong>\u00a0gibi isimler de ilham veren ba\u015far\u0131 hikayelerini payla\u015facak.<\/p>\n<p><strong>19-20 Ekim 2023<\/strong> tarihlerinde <strong>Bo\u011fazi\u00e7i \u00dcniversitesi Albert Long Hall\u2019de<\/strong> ger\u00e7ekle\u015fecek zirveye kat\u0131l\u0131m i\u00e7in\u00a0<a href=\"https:\/\/www.sisummit.com.tr\/tr\/katilim\/zirve\" target=\"_blank\" rel=\"noopener\">https:\/\/www.sisummit.com.tr\/tr\/katilim\/zirve<\/a> \u00fczerinden \u00fccretsiz olarak kay\u0131t yapt\u0131rabilirsiniz.<\/p>","protected":false},"excerpt":{"rendered":"<p>Sorry, this entry is only available in Turkish. For the sake of viewer convenience, the content is shown below in the alternative language. You may click the link to switch the active language. T\u00fcrkiye\u2019nin g\u00fczellik ve ki\u015fisel bak\u0131m sekt\u00f6r\u00fcnde s\u00fcrd\u00fcr\u00fclebilirli\u011fi sahiplenen ilk perakende markas\u0131 Watsons\u2019\u0131n bu y\u0131l ilk kez d\u00fczenledi\u011fi \u201cWatsons S\u00fcrd\u00fcr\u00fclebilirlik ve \u0130novasyon Zirvesi\u201d [&hellip;]<\/p>\n","protected":false},"author":1,"featured_media":180033,"comment_status":"open","ping_status":"open","sticky":false,"template":"","format":"standard","meta":[],"categories":[53],"tags":[110944,110943],"views":22,"_links":{"self":[{"href":"https:\/\/www.enerjigazetesi.ist\/en\/wp-json\/wp\/v2\/posts\/180031"}],"collection":[{"href":"https:\/\/www.enerjigazetesi.ist\/en\/wp-json\/wp\/v2\/posts"}],"about":[{"href":"https:\/\/www.enerjigazetesi.ist\/en\/wp-json\/wp\/v2\/types\/post"}],"author":[{"embeddable":true,"href":"https:\/\/www.enerjigazetesi.ist\/en\/wp-json\/wp\/v2\/users\/1"}],"replies":[{"embeddable":true,"href":"https:\/\/www.enerjigazetesi.ist\/en\/wp-json\/wp\/v2\/comments?post=180031"}],"version-history":[{"count":0,"href":"https:\/\/www.enerjigazetesi.ist\/en\/wp-json\/wp\/v2\/posts\/180031\/revisions"}],"wp:featuredmedia":[{"embeddable":true,"href":"https:\/\/www.enerjigazetesi.ist\/en\/wp-json\/wp\/v2\/media\/180033"}],"wp:attachment":[{"href":"https:\/\/www.enerjigazetesi.ist\/en\/wp-json\/wp\/v2\/media?parent=180031"}],"wp:term":[{"taxonomy":"category","embeddable":true,"href":"https:\/\/www.enerjigazetesi.ist\/en\/wp-json\/wp\/v2\/categories?post=180031"},{"taxonomy":"post_tag","embeddable":true,"href":"https:\/\/www.enerjigazetesi.ist\/en\/wp-json\/wp\/v2\/tags?post=180031"}],"curies":[{"name":"wp","href":"https:\/\/api.w.org\/{rel}","templated":true}]}}