{"id":180021,"date":"2023-10-16T16:26:13","date_gmt":"2023-10-16T13:26:13","guid":{"rendered":"https:\/\/www.enerjigazetesi.ist\/?p=180021"},"modified":"2023-10-16T16:26:30","modified_gmt":"2023-10-16T13:26:30","slug":"metro-turkiye-nin-elektrik-ihtiyacinin-yuzde-70-ten-fazlasi-gunesten","status":"publish","type":"post","link":"https:\/\/www.enerjigazetesi.ist\/en\/metro-turkiye-nin-elektrik-ihtiyacinin-yuzde-70-ten-fazlasi-gunesten\/","title":{"rendered":"(Turkish) &#8217;Metro T\u00fcrkiye&#8217;nin Elektrik \u0130htiyac\u0131n\u0131n % 70\u2019ten Fazlas\u0131 G\u00fcne\u015ften&#8230;"},"content":{"rendered":"<p class=\"qtranxs-available-languages-message qtranxs-available-languages-message-en\">Sorry, this entry is only available in <a href=\"https:\/\/www.enerjigazetesi.ist\/tr\/wp-json\/wp\/v2\/posts\/180021\" class=\"qtranxs-available-language-link qtranxs-available-language-link-tr\" title=\"Turkish\">Turkish<\/a>. For the sake of viewer convenience, the content is shown below in the alternative language. You may click the link to switch the active language.<\/p><p><\/p>\n<h2><strong>2023\u2019\u00fc ye\u015fil enerji yat\u0131r\u0131mlar\u0131nda geni\u015fleme y\u0131l\u0131 ilan eden Metro T\u00fcrkiye, 500 milyon TL\u2019lik g\u00fcne\u015f enerjisi sistemi (GES) projesinin ilk faz\u0131n\u0131 devreye alarak 15 ma\u011fazada elektrik ihtiyac\u0131n\u0131n y\u00fczde 70\u2019ten fazlas\u0131n\u0131 yenilenebilir enerji ile kar\u015f\u0131lamaya ba\u015flad\u0131. \u201c30 ma\u011fazaya 30 MW\u201d hedefiyle ger\u00e7ekle\u015ftirdikleri projeyle \u201c2040\u2019a kadar karbon n\u00f6tr olma\u201d yolunda \u00f6nemli bir ad\u0131m att\u0131klar\u0131n\u0131 vurgulayan Metro T\u00fcrkiye CFO\u2019su Asl\u0131 Arac\u0131o\u011flu, yat\u0131r\u0131m\u0131n 2. faz\u0131na ara vermeden devam ettiklerini belirtti.<\/strong><\/h2>\n<p>Metro T\u00fcrkiye, sadece yeme i\u00e7me sekt\u00f6r\u00fcn\u00fcn bir numaral\u0131 i\u015f orta\u011f\u0131 olarak sundu\u011fu \u00fcr\u00fcnlerle de\u011fil, geli\u015ftirdi\u011fi projelerle de ekosistemi koruyup daha temiz ve ye\u015fil bir gelecek yaratmak i\u00e7in \u00e7al\u0131\u015f\u0131yor. \u015eirketten yap\u0131lan bas\u0131n a\u00e7\u0131klamas\u0131na g\u00f6re, 2040 y\u0131l\u0131na kadar karbon n\u00f6tr olma hedefi do\u011frultusunda ad\u0131mlar\u0131n\u0131 h\u0131zland\u0131r\u0131rken, 2023\u2019\u00fc<strong> \u201cYe\u015fil Enerji Yat\u0131r\u0131mlar\u0131nda Geni\u015fleme Y\u0131l\u0131\u201d<\/strong> olarak ilan eden Metro T\u00fcrkiye, bu kapsamda<strong> \u201c30 ma\u011fazaya 30 MW\u201d<\/strong> slogan\u0131yla ger\u00e7ekle\u015ftirdi\u011fi g\u00fcne\u015f enerjisi sistemi (GES) yat\u0131r\u0131m\u0131n\u0131n ilk faz\u0131n\u0131 tamamlad\u0131. \u0130lk fazda yer alan 15 ma\u011fazan\u0131n \u00e7at\u0131lar\u0131na ve otopark g\u00f6lgeliklerine kurulumu yap\u0131lan panellerle 18 MW\u2019l\u0131k kurulu GES g\u00fcc\u00fcne eri\u015fen Metro T\u00fcrkiye, bu ma\u011fazalar\u0131n\u0131n y\u0131ll\u0131k enerji ihtiyac\u0131n\u0131n y\u00fczde 70\u2019ten fazlas\u0131n\u0131 yenilenebilir enerji ile sa\u011flamaya ba\u015flad\u0131. H\u0131z kesmeden projenin 2. faz \u00e7al\u0131\u015fmalar\u0131na ge\u00e7en Metro T\u00fcrkiye, 500 milyon TL de\u011ferindeki GES yat\u0131r\u0131m\u0131 tamamland\u0131\u011f\u0131nda yakla\u015f\u0131k 110 bin ki\u015finin y\u0131ll\u0131k enerji t\u00fcketimine denk gelen toplam 30 MW \u00fcretimi ger\u00e7ekle\u015ftirerek, 30 ma\u011fazas\u0131nda kulland\u0131\u011f\u0131 elektri\u011fin yakla\u015f\u0131k y\u00fczde 60\u2019\u0131n\u0131 temiz enerji ile kar\u015f\u0131lam\u0131\u015f olacak. Bu sayede 825 bin a\u011fac\u0131n n\u00f6trleyebilece\u011fi 18 bin ton karbon emisyonunun \u00f6n\u00fcne ge\u00e7ip karbon ayak izini 14 bin tona d\u00fc\u015f\u00fcrerek daha s\u00fcrd\u00fcr\u00fclebilir bir gelece\u011fe katk\u0131 sa\u011flayacak.<\/p>\n<h3><strong>500 milyon TL\u2019lik yat\u0131r\u0131m\u0131n ilk faz\u0131 tamamland\u0131<\/strong><\/h3>\n<p><img loading=\"lazy\" class=\"alignright wp-image-180025\" src=\"https:\/\/www.enerjigazetesi.ist\/wp-content\/uploads\/2023\/10\/metro-turkiye-nin-elektrik-ihtiyacinin-yuzde-70-ten-fazlasi-gunesten-1.jpg\" alt=\"\" width=\"320\" height=\"390\" srcset=\"https:\/\/www.enerjigazetesi.ist\/wp-content\/uploads\/2023\/10\/metro-turkiye-nin-elektrik-ihtiyacinin-yuzde-70-ten-fazlasi-gunesten-1.jpg 394w, https:\/\/www.enerjigazetesi.ist\/wp-content\/uploads\/2023\/10\/metro-turkiye-nin-elektrik-ihtiyacinin-yuzde-70-ten-fazlasi-gunesten-1-246x300.jpg 246w, https:\/\/www.enerjigazetesi.ist\/wp-content\/uploads\/2023\/10\/metro-turkiye-nin-elektrik-ihtiyacinin-yuzde-70-ten-fazlasi-gunesten-1-328x400.jpg 328w, https:\/\/www.enerjigazetesi.ist\/wp-content\/uploads\/2023\/10\/metro-turkiye-nin-elektrik-ihtiyacinin-yuzde-70-ten-fazlasi-gunesten-1-41x50.jpg 41w\" sizes=\"(max-width: 320px) 100vw, 320px\" \/>\u00dclkemizde faaliyete ba\u015flad\u0131\u011f\u0131 1990 y\u0131l\u0131ndan bu yana s\u00fcrd\u00fcr\u00fclebilirli\u011fi t\u00fcm i\u015flerinin merkezine koyan Metro T\u00fcrkiye\u2019nin 2023\u2019\u00fc ye\u015fil enerji yat\u0131r\u0131mlar\u0131nda geni\u015fleme y\u0131l\u0131 ilan etti\u011fini hat\u0131rlatan <strong>Metro T\u00fcrkiye CFO\u2019su Asl\u0131 Arac\u0131o\u011flu<\/strong>, <em>\u201c30 ma\u011fazaya 30 MW\u201d hedefiyle \u00e7\u0131kt\u0131klar\u0131 yolda \u00f6nemli bir a\u015fama kaydettiklerini s\u00f6yledi. T\u00fcrkiye\u2019nin 21 \u015fehrinde 37 ma\u011faza ile hizmet veren Metro T\u00fcrkiye\u2019nin GES yat\u0131r\u0131m\u0131n\u0131n teknik olarak ger\u00e7ekle\u015febilece\u011fi 30 ma\u011faza belirlemesinin ard\u0131ndan projeyi h\u0131zla devreye ald\u0131klar\u0131n\u0131 vurgulayan Arac\u0131o\u011flu, \u201cToplam 500 milyon TL\u2019lik GES yat\u0131r\u0131m\u0131m\u0131z\u0131n \u0130stanbul Merter ve Pendik, Ankara Etlik ve Bat\u0131kent, \u0130zmir \u00c7i\u011fli ve Gaziemir, Antalya Kepez ve Alanya ile Kayseri, Eski\u015fehir, Diyarbak\u0131r, Konya, Gaziantep, Denizli, Bodrum olmak \u00fczere 15 ma\u011fazam\u0131z\u0131 kapsayan ilk faz\u0131n\u0131 tamamlam\u0131\u015f olmaktan b\u00fcy\u00fck bir mutluluk duyuyoruz. Bulunduklar\u0131 yere ve ko\u015fullara g\u00f6re de\u011fi\u015fmekle birlikte, bu ma\u011fazalar\u0131m\u0131z\u0131n enerji ihtiya\u00e7lar\u0131n\u0131 y\u00fczde 80, y\u00fczde 90 hatta y\u00fczde 100\u2019e varan d\u00fczeyde GES ile kar\u015f\u0131lama \u015fans\u0131na kavu\u015fmas\u0131, daha ye\u015fil bir gelecek i\u00e7in \u00e7ok de\u011ferli. \u0130lk fazda kurulumunu tamamlad\u0131\u011f\u0131m\u0131z Ankara Etlik ma\u011fazam\u0131z\u0131n enerji ihtiyac\u0131n\u0131n tamam\u0131n\u0131n yap\u0131lan yat\u0131r\u0131mla elde edilmesi, ne kadar do\u011fru bir ad\u0131m att\u0131\u011f\u0131m\u0131z\u0131n g\u00f6stergesi\u201d<\/em> dedi.<\/p>\n<p>Projede ilk faz\u0131n hayata ge\u00e7irilmesiyle 18 MW\u2019l\u0131k kurulu GES g\u00fcc\u00fc kazanm\u0131\u015f olduklar\u0131n\u0131 dile getiren Arac\u0131o\u011flu, \u201cBu, 15 ma\u011fazam\u0131z\u0131n y\u0131ll\u0131k elektrik ihtiyac\u0131n\u0131n ortalamada y\u00fczde 70\u2019ten fazlas\u0131n\u0131 yenilenebilir enerji ile kar\u015f\u0131layabildi\u011fimiz anlam\u0131na geliyor. 2024 sonunda tamamlamay\u0131 planlad\u0131\u011f\u0131m\u0131z yat\u0131r\u0131m kapsam\u0131nda 2. faz \u00e7al\u0131\u015fmalar\u0131na da ara vermeden ba\u015flad\u0131k. 2040\u2019ta karbon n\u00f6tr olma yolunda ilerlerken, karbon ayak izimizi 14 bin tona d\u00fc\u015f\u00fcrm\u00fc\u015f olaca\u011f\u0131z. Hedefimiz ise elbette enerji ihtiyac\u0131m\u0131z\u0131n y\u00fczde 100\u2019\u00fcn\u00fc g\u00fcne\u015ften kar\u015f\u0131lamak amac\u0131yla GES yat\u0131r\u0131m\u0131m\u0131za devam etmek\u201d diye konu\u015ftu.<\/p>\n<h3><strong>Global hedefin y\u00fczde 40\u2019\u0131n\u0131 tek ba\u015f\u0131na kar\u015f\u0131layacak<\/strong><\/h3>\n<p>30 ma\u011fazada 30 MW\u2019l\u0131k hedefe ula\u015fman\u0131n b\u00fcnyesinde yer ald\u0131klar\u0131 Metro AG a\u00e7\u0131s\u0131ndan da \u00e7ok \u00f6nemli oldu\u011funa dikkat \u00e7eken Asl\u0131 Arac\u0131o\u011flu, \u201cYapt\u0131\u011f\u0131m\u0131z yat\u0131r\u0131mla, faaliyet g\u00f6sterdi\u011fi t\u00fcm \u00fclkelerde GES ile 2030\u2019a kadar 80 MWp\u2019a ula\u015fmay\u0131 hedefleyen Metro AG i\u00e7in olduk\u00e7a de\u011ferli bir rol \u00fcstleniyoruz. Metro T\u00fcrkiye olarak ger\u00e7ekle\u015ftirdi\u011fimiz projemiz ile global olarak belirlenen hedefin y\u00fczde 40\u2019a yak\u0131n\u0131n\u0131 \u00fclke olarak tek ba\u015f\u0131m\u0131za kar\u015f\u0131lam\u0131\u015f olaca\u011f\u0131z. Hem Metro T\u00fcrkiye hem de \u00fclkemiz ad\u0131na b\u00f6yle de\u011fer yaratmaktan b\u00fcy\u00fck bir gurur duyuyoruz\u201d dedi.<\/p>","protected":false},"excerpt":{"rendered":"<p>Sorry, this entry is only available in Turkish. For the sake of viewer convenience, the content is shown below in the alternative language. You may click the link to switch the active language. 2023\u2019\u00fc ye\u015fil enerji yat\u0131r\u0131mlar\u0131nda geni\u015fleme y\u0131l\u0131 ilan eden Metro T\u00fcrkiye, 500 milyon TL\u2019lik g\u00fcne\u015f enerjisi sistemi (GES) projesinin ilk faz\u0131n\u0131 devreye alarak [&hellip;]<\/p>\n","protected":false},"author":1,"featured_media":180024,"comment_status":"open","ping_status":"open","sticky":false,"template":"","format":"standard","meta":[],"categories":[53,49],"tags":[29013,110942,40349],"views":58,"_links":{"self":[{"href":"https:\/\/www.enerjigazetesi.ist\/en\/wp-json\/wp\/v2\/posts\/180021"}],"collection":[{"href":"https:\/\/www.enerjigazetesi.ist\/en\/wp-json\/wp\/v2\/posts"}],"about":[{"href":"https:\/\/www.enerjigazetesi.ist\/en\/wp-json\/wp\/v2\/types\/post"}],"author":[{"embeddable":true,"href":"https:\/\/www.enerjigazetesi.ist\/en\/wp-json\/wp\/v2\/users\/1"}],"replies":[{"embeddable":true,"href":"https:\/\/www.enerjigazetesi.ist\/en\/wp-json\/wp\/v2\/comments?post=180021"}],"version-history":[{"count":0,"href":"https:\/\/www.enerjigazetesi.ist\/en\/wp-json\/wp\/v2\/posts\/180021\/revisions"}],"wp:featuredmedia":[{"embeddable":true,"href":"https:\/\/www.enerjigazetesi.ist\/en\/wp-json\/wp\/v2\/media\/180024"}],"wp:attachment":[{"href":"https:\/\/www.enerjigazetesi.ist\/en\/wp-json\/wp\/v2\/media?parent=180021"}],"wp:term":[{"taxonomy":"category","embeddable":true,"href":"https:\/\/www.enerjigazetesi.ist\/en\/wp-json\/wp\/v2\/categories?post=180021"},{"taxonomy":"post_tag","embeddable":true,"href":"https:\/\/www.enerjigazetesi.ist\/en\/wp-json\/wp\/v2\/tags?post=180021"}],"curies":[{"name":"wp","href":"https:\/\/api.w.org\/{rel}","templated":true}]}}