{"id":179941,"date":"2023-10-12T17:42:17","date_gmt":"2023-10-12T14:42:17","guid":{"rendered":"https:\/\/www.enerjigazetesi.ist\/?p=179941"},"modified":"2023-10-12T17:42:17","modified_gmt":"2023-10-12T14:42:17","slug":"sanko-enerji-surdurulebilirlik-hedeflerini-anlatti","status":"publish","type":"post","link":"https:\/\/www.enerjigazetesi.ist\/en\/sanko-enerji-surdurulebilirlik-hedeflerini-anlatti\/","title":{"rendered":"(Turkish) &#8217;SANKO Enerji&#8217; S\u00fcrd\u00fcr\u00fclebilirlik Hedeflerini Anlatt\u0131"},"content":{"rendered":"<p class=\"qtranxs-available-languages-message qtranxs-available-languages-message-en\">Sorry, this entry is only available in <a href=\"https:\/\/www.enerjigazetesi.ist\/tr\/wp-json\/wp\/v2\/posts\/179941\" class=\"qtranxs-available-language-link qtranxs-available-language-link-tr\" title=\"Turkish\">Turkish<\/a>. For the sake of viewer convenience, the content is shown below in the alternative language. You may click the link to switch the active language.<\/p><p><\/p>\n<h2><strong>Fortune 500 T\u00fcrkiye\u2019nin \u201cYeni H\u0131z \u00c7a\u011f\u0131: S\u0131f\u0131rla ve Yeniden Ke\u015ffet\u2019 ba\u015fl\u0131kl\u0131 Dijital Zirve ve \u00d6d\u00fcl T\u00f6reni ger\u00e7ekle\u015fti. Zirvede \u2018\u015eirketlerin S\u00fcrd\u00fcr\u00fclebilirlik Ad\u0131mlar\u0131 ve Gelecek D\u00f6nem Hedefleri\u2019 konulu panele kat\u0131lan SANKO Enerji S\u00fcrd\u00fcr\u00fclebilirlik M\u00fcd\u00fcr\u00fc Yener Esen, \u201cBug\u00fcne kadar oldu\u011fu gibi \u00f6n\u00fcm\u00fczdeki y\u0131llarda da sadece yenilenebilir enerji kaynaklar\u0131na yat\u0131r\u0131m yaparak y\u00fczde y\u00fcz yenilenebilir enerji portf\u00f6y\u00fcm\u00fcz\u00fc koruyaca\u011f\u0131z\u201d dedi.<\/strong><\/h2>\n<p>Fortune T\u00fcrkiye Borsa Edit\u00f6r\u00fc Zeynep Akta\u015f\u2019\u0131n moderat\u00f6rl\u00fc\u011f\u00fcnde ger\u00e7ekle\u015ftirilen panelde konu\u015fan SANKO Enerji S\u00fcrd\u00fcr\u00fclebilirlik M\u00fcd\u00fcr\u00fc Yener Esen, SANKO Enerji\u2019nin gelecek d\u00f6nem hedefleri ve s\u00fcrd\u00fcr\u00fclebilirlik konusunda at\u0131lan ad\u0131mlar\u0131 anlatt\u0131. \u015eirketlerin s\u00fcrd\u00fcr\u00fclebilirlik stratejileri, verimli ve etkin projeler ve \u015firketlerin g\u00fcndemindeki konular\u0131n ele al\u0131nd\u0131\u011f\u0131 panelde SANKO Enerji <img loading=\"lazy\" class=\"alignright wp-image-179944\" src=\"https:\/\/www.enerjigazetesi.ist\/wp-content\/uploads\/2023\/10\/sanko-enerji-surdurulebilirlik-hedeflerini-anlatti-1.jpg\" alt=\"\" width=\"320\" height=\"382\" srcset=\"https:\/\/www.enerjigazetesi.ist\/wp-content\/uploads\/2023\/10\/sanko-enerji-surdurulebilirlik-hedeflerini-anlatti-1.jpg 402w, https:\/\/www.enerjigazetesi.ist\/wp-content\/uploads\/2023\/10\/sanko-enerji-surdurulebilirlik-hedeflerini-anlatti-1-251x300.jpg 251w, https:\/\/www.enerjigazetesi.ist\/wp-content\/uploads\/2023\/10\/sanko-enerji-surdurulebilirlik-hedeflerini-anlatti-1-335x400.jpg 335w, https:\/\/www.enerjigazetesi.ist\/wp-content\/uploads\/2023\/10\/sanko-enerji-surdurulebilirlik-hedeflerini-anlatti-1-42x50.jpg 42w\" sizes=\"(max-width: 320px) 100vw, 320px\" \/>S\u00fcrd\u00fcr\u00fclebilirlik M\u00fcd\u00fcr\u00fc Yener Esen, T\u00fcrkiye\u2019nin en b\u00fcy\u00fck uluslararas\u0131 yenilenebilir enerji \u015firketi olma hedefiyle ilerlediklerini belirterek <em>\u201cBug\u00fcne kadar oldu\u011fu gibi, \u00f6n\u00fcm\u00fczdeki y\u0131llarda da sadece yenilenebilir enerji kaynaklar\u0131na yat\u0131r\u0131m yaparak % 100 yenilenebilir enerji portf\u00f6y\u00fcm\u00fcz\u00fc koruyaca\u011f\u0131z\u201d<\/em> diye konu\u015ftu.<\/p>\n<h3><strong>SANKO Enerji 1000 MW g\u00fcce sahip<\/strong><\/h3>\n<p>SANKO Enerji\u2019nin <strong>hidroelektrik, r\u00fczg\u00e2r, g\u00fcne\u015f ve jeotermal enerji<\/strong> santrallerinden toplam<strong> 1000 MW<\/strong> kurulu g\u00fcce sahip oldu\u011funu an\u0131msatan Esen, <em>\u201cBu kurulu g\u00fcce 2008 y\u0131l\u0131ndan bug\u00fcne kadar ge\u00e7en 15 y\u0131lda ula\u015ft\u0131k. Bu kaynaklar\u0131 hi\u00e7bir israfa neden olmadan azami verimlilik ile kullanmak i\u00e7in gayret g\u00f6steren bir \u015firket olarak, sadece teknik verilere odaklanm\u0131yoruz\u201d<\/em> ifadelerini kulland\u0131.<\/p>\n<h3><strong>Net s\u0131f\u0131r yerine net pozitif etki<\/strong><\/h3>\n<p>2021 y\u0131l\u0131nda \u015firketin <strong>S\u00fcrd\u00fcr\u00fclebilirlik Y\u00f6netim Sistemini<\/strong> kurmak i\u00e7in \u00e7al\u0131\u015fmalara ba\u015flad\u0131klar\u0131n\u0131 da anlatan Esen, s\u00f6zlerini \u015f\u00f6yle s\u00fcrd\u00fcrd\u00fc: <em>\u201c\u015eu an ba\u015fkanl\u0131\u011f\u0131n\u0131 CEO\u2019muzun yapt\u0131\u011f\u0131 bir S\u00fcrd\u00fcr\u00fclebilirlik Komitemiz, bu komiteye ba\u011fl\u0131 olarak \u00e7al\u0131\u015fan d\u00f6rt farkl\u0131 \u00e7al\u0131\u015fma grubumuz var. Y\u00fczde 100 yenilenebilir enerji \u015firketi olmam\u0131z, \u00e7evresel a\u00e7\u0131dan bize en b\u00fcy\u00fck avantaj\u0131 sa\u011flasa da s\u00fcrd\u00fcr\u00fclebilirli\u011fi sadece \u00e7evre oda\u011f\u0131nda tutmayarak, sosyal ve y\u00f6neti\u015fim konular\u0131n\u0131 da dahil ederek, net s\u0131f\u0131r yerine net pozitif bir etki olu\u015fturmay\u0131 hedefliyoruz.\u201d<\/em><\/p>\n<h3><strong>Do\u011fal afetlere dayan\u0131kl\u0131 santraller<\/strong><\/h3>\n<p>Pozitif etki olu\u015fturmak i\u00e7in y\u00f6ntemleri ele ald\u0131klar\u0131n\u0131 dile getiren Esen, <em>\u201c6 \u015eubat cumhuriyet tarihimizin en b\u00fcy\u00fck felaketlerinden birisini ya\u015fad\u0131k. 17 A\u011fustos depremini \u0130stanbul\u2019da ya\u015fad\u0131m. G\u00fcnlerce elektrik kesintisi nedeniyle bir\u00e7ok problem ya\u015fad\u0131k. Bu felaketlerden \u00e7\u0131karaca\u011f\u0131m\u0131z en \u00f6nemli ders, enerji alan\u0131nda yap\u0131lan yat\u0131r\u0131mlar\u0131n do\u011fal afetlerden sonra s\u00fcrekli\u011finin sa\u011flanabilmesi ile ba\u015far\u0131l\u0131 kabul edilebilece\u011fidir. Bizler,<strong> \u0130\u015f S\u00fcreklili\u011fi ve Acil Durumlar\u0131n Y\u00f6netilmesi projesi<\/strong> kapsam\u0131nda t\u00fcm santrallerimizde olu\u015fabilecek t\u00fcm senaryolara kar\u015f\u0131 <strong>teorik<\/strong> ve <strong>pratik uygulamalar<\/strong> yapt\u0131k. Bu \u00e7al\u0131\u015fmalar\u0131m\u0131z periyodik olarak devam ediyor. Dijitalle\u015fme konusuna da \u00f6zel \u00f6nem veriyoruz. Kriz sonras\u0131nda h\u0131zl\u0131 toparlanma ve de\u011fi\u015fime ayak uydurmak i\u00e7in dijitalle\u015fme konusunda da \u00f6nemli \u00e7al\u0131\u015fmalar y\u00fcr\u00fct\u00fcyoruz. \u015eirketlerin strateji konusunda ciddi bir bak\u0131\u015f a\u00e7\u0131s\u0131 sergilemesi gerekiyor. Oda\u011f\u0131nda insan olmayan bir \u015firketin s\u00fcreklili\u011fi m\u00fcmk\u00fcn de\u011fildir\u201d<\/em> diyerek s\u00f6zlerine son verdi.<\/p>\n<h3><strong>Fortune 500 \u00f6d\u00fcl t\u00f6reni ger\u00e7ekle\u015fti<\/strong><\/h3>\n<p><strong>Fortune 500 Dijital Zirvesi<\/strong> sonras\u0131nda d\u00fczenlenen Fortune 500 \u00d6d\u00fcl T\u00f6reni\u2019nde T\u00fcrkiye&#8217;nin \u00f6nde gelen \u015firketlerine te\u015fekk\u00fcr plaketi takdim edildi. Fortune 500 Etkinli\u011fine katk\u0131lar\u0131ndan dolay\u0131 <strong>SANKO Holding<\/strong> ad\u0131na <strong>Kurumsal \u0130leti\u015fim Direkt\u00f6r\u00fc P\u0131nar Uluta\u015f\u2019a<\/strong> plaket takdim edildi.<\/p>","protected":false},"excerpt":{"rendered":"<p>Sorry, this entry is only available in Turkish. For the sake of viewer convenience, the content is shown below in the alternative language. You may click the link to switch the active language. Fortune 500 T\u00fcrkiye\u2019nin \u201cYeni H\u0131z \u00c7a\u011f\u0131: S\u0131f\u0131rla ve Yeniden Ke\u015ffet\u2019 ba\u015fl\u0131kl\u0131 Dijital Zirve ve \u00d6d\u00fcl T\u00f6reni ger\u00e7ekle\u015fti. Zirvede \u2018\u015eirketlerin S\u00fcrd\u00fcr\u00fclebilirlik Ad\u0131mlar\u0131 ve [&hellip;]<\/p>\n","protected":false},"author":1,"featured_media":179943,"comment_status":"open","ping_status":"open","sticky":false,"template":"","format":"standard","meta":[],"categories":[51,53],"tags":[110922,110923,227,70,58,69,25055,23969],"views":57,"_links":{"self":[{"href":"https:\/\/www.enerjigazetesi.ist\/en\/wp-json\/wp\/v2\/posts\/179941"}],"collection":[{"href":"https:\/\/www.enerjigazetesi.ist\/en\/wp-json\/wp\/v2\/posts"}],"about":[{"href":"https:\/\/www.enerjigazetesi.ist\/en\/wp-json\/wp\/v2\/types\/post"}],"author":[{"embeddable":true,"href":"https:\/\/www.enerjigazetesi.ist\/en\/wp-json\/wp\/v2\/users\/1"}],"replies":[{"embeddable":true,"href":"https:\/\/www.enerjigazetesi.ist\/en\/wp-json\/wp\/v2\/comments?post=179941"}],"version-history":[{"count":0,"href":"https:\/\/www.enerjigazetesi.ist\/en\/wp-json\/wp\/v2\/posts\/179941\/revisions"}],"wp:featuredmedia":[{"embeddable":true,"href":"https:\/\/www.enerjigazetesi.ist\/en\/wp-json\/wp\/v2\/media\/179943"}],"wp:attachment":[{"href":"https:\/\/www.enerjigazetesi.ist\/en\/wp-json\/wp\/v2\/media?parent=179941"}],"wp:term":[{"taxonomy":"category","embeddable":true,"href":"https:\/\/www.enerjigazetesi.ist\/en\/wp-json\/wp\/v2\/categories?post=179941"},{"taxonomy":"post_tag","embeddable":true,"href":"https:\/\/www.enerjigazetesi.ist\/en\/wp-json\/wp\/v2\/tags?post=179941"}],"curies":[{"name":"wp","href":"https:\/\/api.w.org\/{rel}","templated":true}]}}