{"id":179911,"date":"2023-10-11T17:22:01","date_gmt":"2023-10-11T14:22:01","guid":{"rendered":"https:\/\/www.enerjigazetesi.ist\/?p=179911"},"modified":"2023-10-11T17:22:01","modified_gmt":"2023-10-11T14:22:01","slug":"tkyd-ve-tisk-is-birligine-imza-atti","status":"publish","type":"post","link":"https:\/\/www.enerjigazetesi.ist\/en\/tkyd-ve-tisk-is-birligine-imza-atti\/","title":{"rendered":"(Turkish) TKYD ve T\u0130SK \u0130\u015f Birli\u011fine \u0130mza Att\u0131"},"content":{"rendered":"<p class=\"qtranxs-available-languages-message qtranxs-available-languages-message-en\">Sorry, this entry is only available in <a href=\"https:\/\/www.enerjigazetesi.ist\/tr\/wp-json\/wp\/v2\/posts\/179911\" class=\"qtranxs-available-language-link qtranxs-available-language-link-tr\" title=\"Turkish\">Turkish<\/a>. For the sake of viewer convenience, the content is shown below in the alternative language. You may click the link to switch the active language.<\/p><p><\/p>\n<h2><strong>Kurumsal y\u00f6netimin yayg\u0131nla\u015ft\u0131r\u0131lmas\u0131 misyonuyla hareket eden T\u00fcrkiye Kurumsal Y\u00f6netim Derne\u011fi (TKYD), <\/strong><strong>T\u00fcrkiye \u0130\u015fveren Sendikalar\u0131 Konfederasyonu (T\u0130SK)<\/strong><strong> ile yeni bir i\u015f birli\u011fine imza att\u0131. Bu i\u015f birli\u011fi ile k<\/strong><strong>urumsal y\u00f6netim alan\u0131nda fark\u0131ndal\u0131\u011f\u0131n daha da art\u0131r\u0131lmas\u0131 i\u00e7in \u00e7al\u0131\u015f\u0131larak ortak proje ba\u015fvurular\u0131 yap\u0131lacak, ara\u015ft\u0131rma, rapor, yay\u0131n \u00e7al\u0131\u015fmalar\u0131 yap\u0131l\u0131p ilgili sekt\u00f6rlere y\u00f6nelik e\u011fitim programlar\u0131 d\u00fczenlenecek.<\/strong><\/h2>\n<p style=\"text-align: center;\"><img loading=\"lazy\" class=\"aligncenter wp-image-179913\" src=\"https:\/\/www.enerjigazetesi.ist\/wp-content\/uploads\/2023\/10\/tkyd-ve-tisk-is-birligine-imza-atti.jpg\" alt=\"\" width=\"500\" height=\"412\" srcset=\"https:\/\/www.enerjigazetesi.ist\/wp-content\/uploads\/2023\/10\/tkyd-ve-tisk-is-birligine-imza-atti.jpg 550w, https:\/\/www.enerjigazetesi.ist\/wp-content\/uploads\/2023\/10\/tkyd-ve-tisk-is-birligine-imza-atti-300x247.jpg 300w, https:\/\/www.enerjigazetesi.ist\/wp-content\/uploads\/2023\/10\/tkyd-ve-tisk-is-birligine-imza-atti-486x400.jpg 486w, https:\/\/www.enerjigazetesi.ist\/wp-content\/uploads\/2023\/10\/tkyd-ve-tisk-is-birligine-imza-atti-61x50.jpg 61w, https:\/\/www.enerjigazetesi.ist\/wp-content\/uploads\/2023\/10\/tkyd-ve-tisk-is-birligine-imza-atti-500x412.jpg 500w\" sizes=\"(max-width: 500px) 100vw, 500px\" \/><\/p>\n<p>Kurumsal Y\u00f6netim anlay\u0131\u015f\u0131n\u0131n en iyi uygulamalar\u0131yla hayata ge\u00e7irilmesini hedefleyen T\u00fcrkiye Kurumsal Y\u00f6netim Derne\u011fi (TKYD) aras\u0131na yeni kat\u0131lan \u00fcyeleri ve geli\u015ftirdi\u011fi i\u015f birlikleriyle b\u00fcy\u00fcmeye devam ediyor. TKYD ve T\u0130SK, kurumsal y\u00f6netim temas\u0131nda yeni bir i\u015f birli\u011fi ger\u00e7ekle\u015ftirdi.<\/p>\n<h3><strong>\u0130lgili Sekt\u00f6rlere E\u011fitim Programlar\u0131 D\u00fczenlenecek<\/strong><\/h3>\n<p>T\u00fcrk i\u015fverenlerini yurt i\u00e7i ve yurt d\u0131\u015f\u0131nda temsil etme yetkisi olan tek \u00fcst kurulu\u015f olan T\u0130SK ve T\u0130SK\u2019in e\u011fitim platformu olan T\u0130SK Akademi, TKYD ve TKYD Enstit\u00fc\u2019n\u00fcn i\u015f birli\u011finde ilgili sekt\u00f6rlere y\u00f6nelik ortak e\u011fitim programlar\u0131 d\u00fczenleyecek.<\/p>\n<h3><strong>Raporlama ve Yay\u0131n \u00c7al\u0131\u015fmalar\u0131 da Y\u00fcr\u00fct\u00fclecek<\/strong><\/h3>\n<p>\u0130\u015f birli\u011fi kapsam\u0131nda; ortak proje ba\u015fvurular\u0131 ger\u00e7ekle\u015ftirilmesi, ortak ara\u015ft\u0131rma, raporlama ve yay\u0131n \u00e7al\u0131\u015fmalar\u0131 y\u00fcr\u00fct\u00fclmesi, T\u0130SK Akademi ile TKYD Enstit\u00fc i\u015f birli\u011finde ilgili sekt\u00f6rlere y\u00f6nelik ortak e\u011fitim programlar\u0131 d\u00fczenlenmesi sa\u011flanacak.<\/p>\n<p>G\u00fcn\u00fcm\u00fcz d\u00fcnyas\u0131nda belirsizlik ve risklerden korunman\u0131n yolunun kurumsal y\u00f6netimden ge\u00e7ti\u011fine y\u00f6nelik fark\u0131ndal\u0131\u011f\u0131n \u00f6zellikle son d\u00f6nemde h\u0131zla artt\u0131\u011f\u0131na dikkat \u00e7eken<strong> TKYD Y\u00f6netim Kurulu Ba\u015fkan\u0131 Dr. Tamer Saka<\/strong>, \u201cKurumsal y\u00f6netimin yaln\u0131zca \u015firketlere de\u011fil t\u00fcm T\u00fcrkiye\u2019ye b\u00fcy\u00fck fayda sa\u011flayaca\u011f\u0131 fikrinden hareketle faaliyetlerimizi y\u00fcr\u00fct\u00fcyoruz. TKYD\u2019nin \u00fcyeleriyle birlikte kurumsal y\u00f6netimin \u00fclkemizdeki geli\u015fimine hep birlikte katk\u0131 sunuyor. Bu kapsamda \u015firketlerin kurumsal y\u00f6netim kapasitelerinin art\u0131r\u0131lmas\u0131, y\u00f6netim s\u00fcre\u00e7lerinin \u00e7a\u011f\u0131n gereklerine uygun olarak meydana getirilmesi, finansmana eri\u015fimlerinin kolayla\u015ft\u0131r\u0131lmas\u0131 ve kamuoyunun bilgilendirilmesine y\u00f6nelik kapsaml\u0131 \u00e7al\u0131\u015fmalar y\u00fcr\u00fct\u00fcyoruz. \u00d6n\u00fcm\u00fczdeki d\u00f6nemlerdeki T\u0130SK ve T\u0130SK Akademi ile TKYD ve TKYD Enstit\u00fc\u2019n\u00fcn i\u015f birli\u011finde ilgili y\u00fcr\u00fctece\u011fimiz \u00e7al\u0131\u015fmalar\u0131n \u015fimdiden hay\u0131rl\u0131 u\u011furlu olmas\u0131n\u0131 dilerim.<\/p>\n<h3><strong>Ba\u015far\u0131l\u0131 Bir Kurumsal Y\u00f6netim Yap\u0131s\u0131 \u015eart<\/strong><\/h3>\n<p>T\u00fcrkiye\u2019nin kalk\u0131nmas\u0131 i\u00e7in bu y\u00f6nde faaliyet g\u00f6steren b\u00fct\u00fcn kurumlar\u0131m\u0131z\u0131n sa\u011flam temellere oturmas\u0131, \u2018ba\u015far\u0131l\u0131 bir kurumsal y\u00f6netim yap\u0131s\u0131\u2019 olu\u015fturabilmelerinden ge\u00e7iyor. TKYD olarak, kurumsal y\u00f6netimin; karar alma mekanizmalar\u0131nda, y\u00f6netim kurulu toplant\u0131lar\u0131nda ve kurumlar\u0131n t\u00fcm kademelerinde sa\u011fl\u0131kl\u0131 bir bi\u00e7imde uygulanmas\u0131n\u0131 kapsayan davran\u0131\u015fsal y\u00f6netim alan\u0131nda hen\u00fcz kat etmemiz gereken uzun bir yolumuz oldu\u011funa inan\u0131yoruz. T\u0130SK ile \u00e7ok ba\u015far\u0131l\u0131 i\u015flere imza ataca\u011f\u0131m\u0131za inanc\u0131m\u0131z tam.\u201d dedi.<\/p>\n<h3><strong>Krizlerin Alt\u0131ndan Kurumsal Y\u00f6netim Eksikli\u011fi \u00c7\u0131k\u0131yor<\/strong><\/h3>\n<p><strong>T\u0130SK Y\u00f6netim Kurulu Ba\u015fkan\u0131<\/strong> <strong>\u00d6zg\u00fcr Burak Akkol <\/strong>ise, \u201cBiliyorsunuz i\u015fletmelerimizin son d\u00f6nemdeki \u00f6nemli \u00f6nceliklerinden biri ku\u015fkusuz s\u00fcrd\u00fcr\u00fclebilirlik. S\u00fcrd\u00fcr\u00fclebilirlik asl\u0131nda i\u015f hayat\u0131nda uzun s\u00fcredir olan bir kavram. Ancak tan\u0131m\u0131 ve i\u00e7eri\u011fi ciddi bir \u015fekilde de\u011fi\u015fti. Eskiden s\u00fcrd\u00fcr\u00fclebilirlik denince odak, mali s\u00fcrd\u00fcr\u00fclebilirlik, ortakl\u0131klar\u0131n devaml\u0131l\u0131\u011f\u0131 gibi konulard\u0131. \u015eu anda ise odak daha fazla, d\u00fcnyam\u0131z\u0131n, \u00e7evremizin, teknolojinin, insan kayna\u011f\u0131n\u0131n s\u00fcrd\u00fcr\u00fclebilirli\u011fi olmu\u015f durumda. Son birka\u00e7 y\u0131l i\u00e7erisinde, duran i\u015fletmelere, i\u015flere k\u00f6t\u00fcye giden yap\u0131lara bakt\u0131\u011f\u0131m\u0131zda, i\u015f g\u00fcc\u00fcn\u00fcn h\u0131zl\u0131 turnover\u0131, yetenek eksikli\u011fi, teknolojik yetkinsizlik, ya da siber sald\u0131r\u0131lar gibi konular g\u00fcndeme geliyor.<\/p>\n<p>\u015eirketlerimiz olas\u0131 risklerle m\u00fccadele i\u00e7in s\u00fcrd\u00fcr\u00fclebilirlikle ilgili ciddi ad\u0131mlar at\u0131yor. G\u00fcn\u00fcm\u00fcz d\u00fcnyas\u0131nda da yeni yeni riskler ve belirsizliklerle s\u0131nand\u0131\u011f\u0131m\u0131z bir d\u00f6nemden ge\u00e7iyoruz. Bu y\u0131l ya\u015fad\u0131\u011f\u0131m\u0131z deprem felaketiyle de bunu hissettik. Ya\u015fad\u0131\u011f\u0131m\u0131z ac\u0131 olay maalesef hepimizi derinden etkiledi. \u0130lk g\u00fcn itibariyle tek y\u00fcrek olarak kenetlendik, hala hep birlikte yaralar\u0131m\u0131z\u0131 sarmaya \u00e7al\u0131\u015f\u0131yoruz. Depremin ilk g\u00fcn\u00fcnden bu yana Konfederasyonumuzun b\u00f6lgeye deste\u011fi s\u00fcr\u00fcyor. T\u0130SK olarak \u00fcye sendika ve i\u015fletmelerimiz ile beraber vatanda\u015flar\u0131m\u0131z\u0131n t\u00fcm ihtiya\u00e7lar\u0131na ko\u015fmaya devam ediyoruz. Bu, son d\u00f6nemde ya\u015fad\u0131\u011f\u0131m\u0131z somut risk \u00f6rneklerinden sadece bir tanesi. \u00c7ok geriye gitmeye gerek yok. Yine bundan \u00e7ok k\u0131sa bir s\u00fcre \u00f6nce, neredeyse 2 y\u0131l kadar uzun s\u00fcren salg\u0131n ile sava\u015ft\u0131k. D\u00fcnyada ya\u015fan\u0131lan bu tarz \u00f6rnekler art\u0131r\u0131labilir. 2008 mali krizi, iklim krizleri, do\u011fal afetler, ekonomik sava\u015flar, \u00f6zellikle hizmet sekt\u00f6r\u00fcn\u00fcn s\u0131k\u00e7a kar\u015f\u0131la\u015ft\u0131\u011f\u0131 siber sald\u0131r\u0131lar, kurumlar\u0131n kar\u015f\u0131la\u015ft\u0131\u011f\u0131 veri ihlalleri gibi bir\u00e7ok risk alt\u0131nday\u0131z. Hele ki k\u00fcresel pazarda rekabet artarken, beklenmedik b\u00f6ylesi olaylar\u0131n kar\u015f\u0131m\u0131za \u00e7\u0131kmas\u0131 \u00e7ok muhtemel. Kurumsal y\u00f6netim anlay\u0131\u015f\u0131 da bu noktada b\u00fcy\u00fck \u00f6nem kazan\u0131yor.<\/p>\n<p>T\u00fcrkiye Kurumsal Y\u00f6netim Derne\u011fi, bu konu \u00f6zelinde kurumlar\u0131 geli\u015ftirmek ve olgunluk seviyesini art\u0131rmak i\u00e7in \u00e7al\u0131\u015f\u0131yor. \u00dclkemizin rekabet\u00e7ili\u011finin artmas\u0131 i\u00e7in i\u015fletmelere ve \u00fclkemize dokunan bu \u00f6nemli konu, T\u0130SK ve TKYD\u2019yi bug\u00fcn ortak paydada bulu\u015fturdu. Yapt\u0131\u011f\u0131m\u0131z i\u015f birli\u011finin ve imzalar\u0131n\u0131 ataca\u011f\u0131m\u0131z protokol\u00fcm\u00fcz\u00fcn \u00e7al\u0131\u015fma hayat\u0131na b\u00fcy\u00fck katk\u0131 sunaca\u011f\u0131na inanc\u0131m tamd\u0131r.\u201d dedi.<\/p>","protected":false},"excerpt":{"rendered":"<p>Sorry, this entry is only available in Turkish. For the sake of viewer convenience, the content is shown below in the alternative language. You may click the link to switch the active language. Kurumsal y\u00f6netimin yayg\u0131nla\u015ft\u0131r\u0131lmas\u0131 misyonuyla hareket eden T\u00fcrkiye Kurumsal Y\u00f6netim Derne\u011fi (TKYD), T\u00fcrkiye \u0130\u015fveren Sendikalar\u0131 Konfederasyonu (T\u0130SK) ile yeni bir i\u015f birli\u011fine imza [&hellip;]<\/p>\n","protected":false},"author":1,"featured_media":179913,"comment_status":"open","ping_status":"open","sticky":false,"template":"","format":"standard","meta":[],"categories":[53],"tags":[2034,100730,73188,102787],"views":35,"_links":{"self":[{"href":"https:\/\/www.enerjigazetesi.ist\/en\/wp-json\/wp\/v2\/posts\/179911"}],"collection":[{"href":"https:\/\/www.enerjigazetesi.ist\/en\/wp-json\/wp\/v2\/posts"}],"about":[{"href":"https:\/\/www.enerjigazetesi.ist\/en\/wp-json\/wp\/v2\/types\/post"}],"author":[{"embeddable":true,"href":"https:\/\/www.enerjigazetesi.ist\/en\/wp-json\/wp\/v2\/users\/1"}],"replies":[{"embeddable":true,"href":"https:\/\/www.enerjigazetesi.ist\/en\/wp-json\/wp\/v2\/comments?post=179911"}],"version-history":[{"count":0,"href":"https:\/\/www.enerjigazetesi.ist\/en\/wp-json\/wp\/v2\/posts\/179911\/revisions"}],"wp:featuredmedia":[{"embeddable":true,"href":"https:\/\/www.enerjigazetesi.ist\/en\/wp-json\/wp\/v2\/media\/179913"}],"wp:attachment":[{"href":"https:\/\/www.enerjigazetesi.ist\/en\/wp-json\/wp\/v2\/media?parent=179911"}],"wp:term":[{"taxonomy":"category","embeddable":true,"href":"https:\/\/www.enerjigazetesi.ist\/en\/wp-json\/wp\/v2\/categories?post=179911"},{"taxonomy":"post_tag","embeddable":true,"href":"https:\/\/www.enerjigazetesi.ist\/en\/wp-json\/wp\/v2\/tags?post=179911"}],"curies":[{"name":"wp","href":"https:\/\/api.w.org\/{rel}","templated":true}]}}