{"id":179887,"date":"2023-10-11T14:57:35","date_gmt":"2023-10-11T11:57:35","guid":{"rendered":"https:\/\/www.enerjigazetesi.ist\/?p=179887"},"modified":"2023-10-11T14:58:09","modified_gmt":"2023-10-11T11:58:09","slug":"petronas-madeni-yaglar-stratejik-liderlik-ekibi-nde-degisime-gitti","status":"publish","type":"post","link":"https:\/\/www.enerjigazetesi.ist\/en\/petronas-madeni-yaglar-stratejik-liderlik-ekibi-nde-degisime-gitti\/","title":{"rendered":"(Turkish) &#8217;PETRONAS Madeni Ya\u011flar&#8217; Stratejik Liderlik Ekibinde De\u011fi\u015fime Gitti"},"content":{"rendered":"<p class=\"qtranxs-available-languages-message qtranxs-available-languages-message-en\">Sorry, this entry is only available in <a href=\"https:\/\/www.enerjigazetesi.ist\/tr\/wp-json\/wp\/v2\/posts\/179887\" class=\"qtranxs-available-language-link qtranxs-available-language-link-tr\" title=\"Turkish\">Turkish<\/a>. For the sake of viewer convenience, the content is shown below in the alternative language. You may click the link to switch the active language.<\/p><p><\/p>\n<h2>PETRONAS Madeni Ya\u011flar (PLI), 1 Eyl\u00fcl 2023 tarihinden itibaren ge\u00e7erli olmak \u00fczere EMEA b\u00f6lgesi liderlik ekibini stratejik olarak yeniden yap\u0131land\u0131rd\u0131. Yap\u0131lan de\u011fi\u015fiklikler, m\u00fc\u015fteri odakl\u0131 i\u015f modelindeki geli\u015fimin arkas\u0131ndan geldi ve \u015firketin EMEA b\u00f6lgesindeki pazar dinamiklerine ve m\u00fc\u015fteri ihtiya\u00e7lar\u0131na h\u0131zl\u0131 bir \u015fekilde yan\u0131t verme yetene\u011fini art\u0131rmak i\u00e7in tasarland\u0131.<\/h2>\n<p style=\"text-align: center;\"><img loading=\"lazy\" class=\"aligncenter wp-image-179890\" src=\"https:\/\/www.enerjigazetesi.ist\/wp-content\/uploads\/2023\/10\/petronas-madeni-yaglar-stratejik-liderlik-ekibi-nde-degisime-gitti-1.jpg\" alt=\"\" width=\"500\" height=\"231\" srcset=\"https:\/\/www.enerjigazetesi.ist\/wp-content\/uploads\/2023\/10\/petronas-madeni-yaglar-stratejik-liderlik-ekibi-nde-degisime-gitti-1.jpg 550w, https:\/\/www.enerjigazetesi.ist\/wp-content\/uploads\/2023\/10\/petronas-madeni-yaglar-stratejik-liderlik-ekibi-nde-degisime-gitti-1-300x139.jpg 300w, https:\/\/www.enerjigazetesi.ist\/wp-content\/uploads\/2023\/10\/petronas-madeni-yaglar-stratejik-liderlik-ekibi-nde-degisime-gitti-1-500x231.jpg 500w, https:\/\/www.enerjigazetesi.ist\/wp-content\/uploads\/2023\/10\/petronas-madeni-yaglar-stratejik-liderlik-ekibi-nde-degisime-gitti-1-80x37.jpg 80w\" sizes=\"(max-width: 500px) 100vw, 500px\" \/><\/p>\n<p>Yeni model, Orta ve Kuzey Avrupa \u0130\u015f Birimi Ba\u015fkan\u0131 Bart Janssen, \u0130berya \u0130\u015f Birimi Y\u00f6neticisi Luca Gabella, \u0130talya ve Afrika \u0130\u015f Birimi Y\u00f6neticisi Ciro Lupo ve <strong>T\u00fcrkiye ve Orta Do\u011fu \u0130\u015f Birimi Y\u00f6neticisi Burak I\u015f\u0131ldak<\/strong> taraf\u0131ndan y\u00f6netilecek olan <strong>d\u00f6rt ayr\u0131 i\u015f biriminden<\/strong> olu\u015fuyor. Bu i\u015f birimleri, i\u015f modelinin s\u00fcrd\u00fcr\u00fclebilirli\u011fini sa\u011flamak i\u00e7in temel finansal g\u00f6stergelerle birlikte PLI&#8217;\u0131n <strong>stratejik g\u00fcndemi<\/strong> ve<strong> ticari sonu\u00e7lar\u0131n\u0131 y\u00f6nlendirme sorumlulu\u011funa<\/strong> sahip olacak.<\/p>\n<p>Yeni atamalar\u0131n yan\u0131 s\u0131ra Jose Eliseo Abascal Di Giulio, departmanlar aras\u0131 ve i\u00e7indeki etkile\u015fimi daha da geli\u015ftirmek ve u\u00e7tan uca m\u00fc\u015fteri deneyimi sa\u011flamak \u00fczere Pazarlama, M\u00fc\u015fteri Hizmetleri ve M\u00fc\u015fteri M\u00fckemmelli\u011fi i\u015flevlerini i\u00e7erecek \u015fekilde yeniden d\u00fczenlenen EMEA b\u00f6lgesi pazarlama organizasyonunun liderli\u011fini \u00fcstlenecek.<\/p>\n<p>\u0130\u015f Birimi Y\u00f6neticileri, Nisan 2023&#8217;te atanan EMEA B\u00f6lge Y\u00f6neticisi Giuseppe Pedretti&#8217;ye ba\u011fl\u0131 olacak.<\/p>\n<p>Giuseppe Pedretti, yeni liderlik yap\u0131s\u0131na dair \u015funlar\u0131 s\u00f6yledi: &#8220;Yeni liderlik yap\u0131m\u0131z alt\u0131nda EMEA b\u00f6lgesinde end\u00fcstri \u00e7evikli\u011fi ve m\u00fc\u015fteri odakl\u0131l\u0131k konusunda bir sonraki ad\u0131m\u0131 atacak kabiliyete sahibiz. Bu d\u00f6n\u00fc\u015f\u00fcm, yerel operasyonlar\u0131m\u0131z\u0131 g\u00fc\u00e7lendirerek ekiplerin rekabet ortam\u0131nda yollar\u0131n\u0131 daha kolay bulmalar\u0131n\u0131 ve m\u00fc\u015fterilerimize, i\u015f ortaklar\u0131m\u0131za, distrib\u00fct\u00f6rlerimize ve di\u011fer payda\u015flar\u0131m\u0131za, birlikte e\u015fsiz bir de\u011fer sunmalar\u0131n\u0131 sa\u011fl\u0131yor.&#8221;<\/p>","protected":false},"excerpt":{"rendered":"<p>Sorry, this entry is only available in Turkish. For the sake of viewer convenience, the content is shown below in the alternative language. You may click the link to switch the active language. PETRONAS Madeni Ya\u011flar (PLI), 1 Eyl\u00fcl 2023 tarihinden itibaren ge\u00e7erli olmak \u00fczere EMEA b\u00f6lgesi liderlik ekibini stratejik olarak yeniden yap\u0131land\u0131rd\u0131. Yap\u0131lan de\u011fi\u015fiklikler, [&hellip;]<\/p>\n","protected":false},"author":1,"featured_media":179889,"comment_status":"open","ping_status":"open","sticky":false,"template":"","format":"standard","meta":[],"categories":[53,44],"tags":[110908,99486,110907],"views":21,"_links":{"self":[{"href":"https:\/\/www.enerjigazetesi.ist\/en\/wp-json\/wp\/v2\/posts\/179887"}],"collection":[{"href":"https:\/\/www.enerjigazetesi.ist\/en\/wp-json\/wp\/v2\/posts"}],"about":[{"href":"https:\/\/www.enerjigazetesi.ist\/en\/wp-json\/wp\/v2\/types\/post"}],"author":[{"embeddable":true,"href":"https:\/\/www.enerjigazetesi.ist\/en\/wp-json\/wp\/v2\/users\/1"}],"replies":[{"embeddable":true,"href":"https:\/\/www.enerjigazetesi.ist\/en\/wp-json\/wp\/v2\/comments?post=179887"}],"version-history":[{"count":0,"href":"https:\/\/www.enerjigazetesi.ist\/en\/wp-json\/wp\/v2\/posts\/179887\/revisions"}],"wp:featuredmedia":[{"embeddable":true,"href":"https:\/\/www.enerjigazetesi.ist\/en\/wp-json\/wp\/v2\/media\/179889"}],"wp:attachment":[{"href":"https:\/\/www.enerjigazetesi.ist\/en\/wp-json\/wp\/v2\/media?parent=179887"}],"wp:term":[{"taxonomy":"category","embeddable":true,"href":"https:\/\/www.enerjigazetesi.ist\/en\/wp-json\/wp\/v2\/categories?post=179887"},{"taxonomy":"post_tag","embeddable":true,"href":"https:\/\/www.enerjigazetesi.ist\/en\/wp-json\/wp\/v2\/tags?post=179887"}],"curies":[{"name":"wp","href":"https:\/\/api.w.org\/{rel}","templated":true}]}}