{"id":179857,"date":"2023-10-09T16:52:33","date_gmt":"2023-10-09T13:52:33","guid":{"rendered":"https:\/\/www.enerjigazetesi.ist\/?p=179857"},"modified":"2023-10-09T16:53:05","modified_gmt":"2023-10-09T13:53:05","slug":"gece-ve-isigin-en-guzel-fotograflari-secildi","status":"publish","type":"post","link":"https:\/\/www.enerjigazetesi.ist\/en\/gece-ve-isigin-en-guzel-fotograflari-secildi\/","title":{"rendered":"(Turkish) Gece ve I\u015f\u0131\u011f\u0131n En G\u00fczel Foto\u011fraflar\u0131 Se\u00e7ildi"},"content":{"rendered":"<p class=\"qtranxs-available-languages-message qtranxs-available-languages-message-en\">Sorry, this entry is only available in <a href=\"https:\/\/www.enerjigazetesi.ist\/tr\/wp-json\/wp\/v2\/posts\/179857\" class=\"qtranxs-available-language-link qtranxs-available-language-link-tr\" title=\"Turkish\">Turkish<\/a>. For the sake of viewer convenience, the content is shown below in the alternative language. You may click the link to switch the active language.<\/p><p><\/p>\n<h2><strong>UEDA\u015e\u2019\u0131n geleneksel hale getirdi\u011fi \u2019gece ve \u0131\u015f\u0131k\u2019 temas\u0131n\u0131n i\u015flendi\u011fi Uluslararas\u0131 \u015eehrin I\u015f\u0131klar\u0131 foto\u011fraf yar\u0131\u015fmas\u0131n\u0131n kazananlar\u0131 belli oldu. 01 &#8211; 30 Eyl\u00fcl tarihleri aras\u0131nda d\u00fcnyan\u0131n her yerinden ba\u015fvurular\u0131n kabul edildi\u011fi yar\u0131\u015fmaya bu y\u0131l 3 bin 893 foto\u011fraf severin \u00e7ekti\u011fi 9 bin 326 foto\u011fraf kat\u0131ld\u0131.<\/strong><\/h2>\n<p style=\"text-align: center;\"><img loading=\"lazy\" class=\"aligncenter size-full wp-image-179860\" src=\"https:\/\/www.enerjigazetesi.ist\/wp-content\/uploads\/2023\/10\/gece-ve-isigin-en-guzel-fotograflari-secildi.jpg\" alt=\"\" width=\"480\" height=\"480\" srcset=\"https:\/\/www.enerjigazetesi.ist\/wp-content\/uploads\/2023\/10\/gece-ve-isigin-en-guzel-fotograflari-secildi.jpg 480w, https:\/\/www.enerjigazetesi.ist\/wp-content\/uploads\/2023\/10\/gece-ve-isigin-en-guzel-fotograflari-secildi-300x300.jpg 300w, https:\/\/www.enerjigazetesi.ist\/wp-content\/uploads\/2023\/10\/gece-ve-isigin-en-guzel-fotograflari-secildi-150x150.jpg 150w, https:\/\/www.enerjigazetesi.ist\/wp-content\/uploads\/2023\/10\/gece-ve-isigin-en-guzel-fotograflari-secildi-400x400.jpg 400w, https:\/\/www.enerjigazetesi.ist\/wp-content\/uploads\/2023\/10\/gece-ve-isigin-en-guzel-fotograflari-secildi-50x50.jpg 50w, https:\/\/www.enerjigazetesi.ist\/wp-content\/uploads\/2023\/10\/gece-ve-isigin-en-guzel-fotograflari-secildi-100x100.jpg 100w\" sizes=\"(max-width: 480px) 100vw, 480px\" \/><\/p>\n<p>J\u00fcri taraf\u0131ndan yap\u0131lan s\u0131k\u0131 bir eleme sonucunda Ahmet Fatih S\u00f6nmez\u2019in foto\u011fraf\u0131 birinci se\u00e7ilirken, Murat Bakmaz ikinci, Erhan Karaca\u2019n\u0131n foto\u011fraf\u0131 ise \u00fc\u00e7\u00fcnc\u00fc oldu.<\/p>\n<p style=\"text-align: center;\"><img loading=\"lazy\" class=\"aligncenter size-full wp-image-179862\" src=\"https:\/\/www.enerjigazetesi.ist\/wp-content\/uploads\/2023\/10\/gece-ve-isigin-en-guzel-fotograflari-secildi-2.jpg\" alt=\"\" width=\"480\" height=\"480\" srcset=\"https:\/\/www.enerjigazetesi.ist\/wp-content\/uploads\/2023\/10\/gece-ve-isigin-en-guzel-fotograflari-secildi-2.jpg 480w, https:\/\/www.enerjigazetesi.ist\/wp-content\/uploads\/2023\/10\/gece-ve-isigin-en-guzel-fotograflari-secildi-2-300x300.jpg 300w, https:\/\/www.enerjigazetesi.ist\/wp-content\/uploads\/2023\/10\/gece-ve-isigin-en-guzel-fotograflari-secildi-2-150x150.jpg 150w, https:\/\/www.enerjigazetesi.ist\/wp-content\/uploads\/2023\/10\/gece-ve-isigin-en-guzel-fotograflari-secildi-2-400x400.jpg 400w, https:\/\/www.enerjigazetesi.ist\/wp-content\/uploads\/2023\/10\/gece-ve-isigin-en-guzel-fotograflari-secildi-2-50x50.jpg 50w, https:\/\/www.enerjigazetesi.ist\/wp-content\/uploads\/2023\/10\/gece-ve-isigin-en-guzel-fotograflari-secildi-2-100x100.jpg 100w\" sizes=\"(max-width: 480px) 100vw, 480px\" \/><\/p>\n<p>G\u00fcney Marmara\u2019da elektrik da\u011f\u0131t\u0131m hizmeti veren UEDA\u015e taraf\u0131ndan bu y\u0131l 11.\u2019si d\u00fczenlenen \u015eehrin I\u015f\u0131klar\u0131 Uluslararas\u0131 Foto\u011fraf Yar\u0131\u015fmas\u0131&#8217;n\u0131n sonu\u00e7lar\u0131 a\u00e7\u0131kland\u0131.<\/p>\n<p style=\"text-align: center;\"><img loading=\"lazy\" class=\"aligncenter size-full wp-image-179863\" src=\"https:\/\/www.enerjigazetesi.ist\/wp-content\/uploads\/2023\/10\/gece-ve-isigin-en-guzel-fotograflari-secildi-3.jpg\" alt=\"\" width=\"480\" height=\"480\" srcset=\"https:\/\/www.enerjigazetesi.ist\/wp-content\/uploads\/2023\/10\/gece-ve-isigin-en-guzel-fotograflari-secildi-3.jpg 480w, https:\/\/www.enerjigazetesi.ist\/wp-content\/uploads\/2023\/10\/gece-ve-isigin-en-guzel-fotograflari-secildi-3-300x300.jpg 300w, https:\/\/www.enerjigazetesi.ist\/wp-content\/uploads\/2023\/10\/gece-ve-isigin-en-guzel-fotograflari-secildi-3-150x150.jpg 150w, https:\/\/www.enerjigazetesi.ist\/wp-content\/uploads\/2023\/10\/gece-ve-isigin-en-guzel-fotograflari-secildi-3-400x400.jpg 400w, https:\/\/www.enerjigazetesi.ist\/wp-content\/uploads\/2023\/10\/gece-ve-isigin-en-guzel-fotograflari-secildi-3-50x50.jpg 50w, https:\/\/www.enerjigazetesi.ist\/wp-content\/uploads\/2023\/10\/gece-ve-isigin-en-guzel-fotograflari-secildi-3-100x100.jpg 100w\" sizes=\"(max-width: 480px) 100vw, 480px\" \/><\/p>\n<p>D\u00fcnyan\u0131n her noktas\u0131ndan foto\u011frafseverin yer ald\u0131\u011f\u0131\u00a0yar\u0131\u015fmaya\u00a0<strong>Mardin\u2019den<\/strong> kat\u0131lan ve birincili\u011fi g\u00f6\u011f\u00fcsleyen <strong>Ahmet Fatih S\u00f6nmez 20 bin<\/strong>, Azerbaycan\u2019dan kat\u0131lan ve ikincili\u011fi kazanan <strong>Murat Bakmaz 15 bin<\/strong>, Bursa\u2019dan kat\u0131ld\u0131\u011f\u0131 yar\u0131\u015fmada \u00fc\u00e7\u00fcnc\u00fc olan <strong>Erhan Karaca ise 10 bin liral\u0131k<\/strong> \u00f6d\u00fcl\u00fcn sahibi oldu. <strong>\u2018Uluslararas\u0131 \u015eehrin I\u015f\u0131klar\u0131 11\u2019<\/strong> yar\u0131\u015fmas\u0131nda dereceye giren<strong> ilk 40 foto\u011fraf<\/strong> y\u0131l boyunca <strong>bir\u00e7ok sergide boy g\u00f6stererek<\/strong> sanatseverlerin be\u011fenisine sunulacak.<\/p>","protected":false},"excerpt":{"rendered":"<p>Sorry, this entry is only available in Turkish. For the sake of viewer convenience, the content is shown below in the alternative language. You may click the link to switch the active language. UEDA\u015e\u2019\u0131n geleneksel hale getirdi\u011fi \u2019gece ve \u0131\u015f\u0131k\u2019 temas\u0131n\u0131n i\u015flendi\u011fi Uluslararas\u0131 \u015eehrin I\u015f\u0131klar\u0131 foto\u011fraf yar\u0131\u015fmas\u0131n\u0131n kazananlar\u0131 belli oldu. 01 &#8211; 30 Eyl\u00fcl tarihleri [&hellip;]<\/p>\n","protected":false},"author":1,"featured_media":179860,"comment_status":"open","ping_status":"open","sticky":false,"template":"","format":"standard","meta":[],"categories":[51,53],"tags":[80798,2873,2227],"views":44,"_links":{"self":[{"href":"https:\/\/www.enerjigazetesi.ist\/en\/wp-json\/wp\/v2\/posts\/179857"}],"collection":[{"href":"https:\/\/www.enerjigazetesi.ist\/en\/wp-json\/wp\/v2\/posts"}],"about":[{"href":"https:\/\/www.enerjigazetesi.ist\/en\/wp-json\/wp\/v2\/types\/post"}],"author":[{"embeddable":true,"href":"https:\/\/www.enerjigazetesi.ist\/en\/wp-json\/wp\/v2\/users\/1"}],"replies":[{"embeddable":true,"href":"https:\/\/www.enerjigazetesi.ist\/en\/wp-json\/wp\/v2\/comments?post=179857"}],"version-history":[{"count":0,"href":"https:\/\/www.enerjigazetesi.ist\/en\/wp-json\/wp\/v2\/posts\/179857\/revisions"}],"wp:featuredmedia":[{"embeddable":true,"href":"https:\/\/www.enerjigazetesi.ist\/en\/wp-json\/wp\/v2\/media\/179860"}],"wp:attachment":[{"href":"https:\/\/www.enerjigazetesi.ist\/en\/wp-json\/wp\/v2\/media?parent=179857"}],"wp:term":[{"taxonomy":"category","embeddable":true,"href":"https:\/\/www.enerjigazetesi.ist\/en\/wp-json\/wp\/v2\/categories?post=179857"},{"taxonomy":"post_tag","embeddable":true,"href":"https:\/\/www.enerjigazetesi.ist\/en\/wp-json\/wp\/v2\/tags?post=179857"}],"curies":[{"name":"wp","href":"https:\/\/api.w.org\/{rel}","templated":true}]}}