{"id":179847,"date":"2023-10-09T16:05:53","date_gmt":"2023-10-09T13:05:53","guid":{"rendered":"https:\/\/www.enerjigazetesi.ist\/?p=179847"},"modified":"2023-10-09T16:06:11","modified_gmt":"2023-10-09T13:06:11","slug":"demirdokum-is-ortaklarina-sektor-trendlerini-ve-yenilikleri-aktardi","status":"publish","type":"post","link":"https:\/\/www.enerjigazetesi.ist\/en\/demirdokum-is-ortaklarina-sektor-trendlerini-ve-yenilikleri-aktardi\/","title":{"rendered":"(Turkish) &#8217;DemirD\u00f6k\u00fcm&#8217; \u0130\u015f Ortaklar\u0131na Sekt\u00f6r Trendlerini ve Yenilikleri Aktard\u0131"},"content":{"rendered":"<p class=\"qtranxs-available-languages-message qtranxs-available-languages-message-en\">Sorry, this entry is only available in <a href=\"https:\/\/www.enerjigazetesi.ist\/tr\/wp-json\/wp\/v2\/posts\/179847\" class=\"qtranxs-available-language-link qtranxs-available-language-link-tr\" title=\"Turkish\">Turkish<\/a>. For the sake of viewer convenience, the content is shown below in the alternative language. You may click the link to switch the active language.<\/p><p><\/p>\n<h2><strong>\u0130klimlendirme sekt\u00f6r\u00fcn\u00fcn \u00f6nc\u00fc markalar\u0131ndan DemirD\u00f6k\u00fcm, Ankara, Adana, \u0130zmir ve \u0130stanbul\u2019da i\u015f ortaklar\u0131yla bulu\u015ftu. DemirD\u00f6k\u00fcm \u00fcst d\u00fczey y\u00f6neticilerinin konu\u015fmac\u0131 olarak yer ald\u0131\u011f\u0131 B\u00f6lge Toplant\u0131lar\u0131nda sekt\u00f6r\u00fcn g\u00fcncel trendleri, do\u011fal gaz pazar\u0131ndaki geli\u015fmeler, t\u00fcketici beklentileri, f\u0131rsatlar, DemirD\u00f6k\u00fcm&#8217;\u00fcn b\u00f6lgelerde y\u00fcr\u00fctt\u00fc\u011f\u00fc \u00e7al\u0131\u015fmalar ve 2023 y\u0131l\u0131 hedefleri payla\u015f\u0131ld\u0131.<\/strong><\/h2>\n<p style=\"text-align: center;\"><img loading=\"lazy\" class=\"aligncenter wp-image-179850\" src=\"https:\/\/www.enerjigazetesi.ist\/wp-content\/uploads\/2023\/10\/demirdokum-is-ortaklarina-sektor-trendlerini-ve-yenilikleri-aktardi.jpg\" alt=\"\" width=\"500\" height=\"375\" srcset=\"https:\/\/www.enerjigazetesi.ist\/wp-content\/uploads\/2023\/10\/demirdokum-is-ortaklarina-sektor-trendlerini-ve-yenilikleri-aktardi.jpg 550w, https:\/\/www.enerjigazetesi.ist\/wp-content\/uploads\/2023\/10\/demirdokum-is-ortaklarina-sektor-trendlerini-ve-yenilikleri-aktardi-300x225.jpg 300w, https:\/\/www.enerjigazetesi.ist\/wp-content\/uploads\/2023\/10\/demirdokum-is-ortaklarina-sektor-trendlerini-ve-yenilikleri-aktardi-500x375.jpg 500w, https:\/\/www.enerjigazetesi.ist\/wp-content\/uploads\/2023\/10\/demirdokum-is-ortaklarina-sektor-trendlerini-ve-yenilikleri-aktardi-67x50.jpg 67w\" sizes=\"(max-width: 500px) 100vw, 500px\" \/><\/p>\n<p>DemirD\u00f6k\u00fcm, i\u015f ortaklar\u0131yla sekt\u00f6re y\u00f6n verecek ad\u0131mlar\u0131 atmaya devam ediyor. 2022 y\u0131l\u0131nda euro baz\u0131nda y\u00fczde 26 b\u00fcy\u00fcme sa\u011flayarak rekor k\u0131ran ve bu y\u0131la da yine ayn\u0131 bazda y\u00fczde 25 b\u00fcy\u00fcme hedefiyle ba\u015flayan \u015firket, B\u00f6lge Toplant\u0131lar\u0131nda i\u015f ortaklar\u0131yla bulu\u015ftu. \u0130stanbul, Ankara, Adana ve \u0130zmir\u2019de ger\u00e7ekle\u015ftirilen toplant\u0131lar; Sat\u0131\u015ftan Sorumlu Genel M\u00fcd\u00fcr Yard\u0131mc\u0131s\u0131 Erol Kayao\u011flu, Pazarlamadan Sorumlu Genel M\u00fcd\u00fcr Yard\u0131mc\u0131s\u0131 Ufuk Atan, Sat\u0131\u015f Direkt\u00f6r\u00fc F\u0131rat \u0130rfano\u011flu ve DemirD\u00f6k\u00fcm CFO&#8217;su Dr. Hasan M. Eren&#8217;in kat\u0131l\u0131m\u0131 ile ger\u00e7ekle\u015fti.<\/p>\n<p>DemirD\u00f6k\u00fcm&#8217;\u00fcn \u00fcr\u00fcn gam\u0131ndaki yenilikleri, b\u00fcy\u00fcme verileri, kampanyalar\u0131, ileti\u015fim stratejileri, m\u00fc\u015fteri memnuniyeti \u00e7al\u0131\u015fmalar\u0131 ve sat\u0131\u015f sonras\u0131 hizmetlerindeki g\u00fcncellemelerinin yan\u0131 s\u0131ra sekt\u00f6r\u00fcn kar\u015f\u0131la\u015fabilece\u011fi f\u0131rsatlar\u0131n payla\u015f\u0131ld\u0131\u011f\u0131 toplant\u0131lara <strong>300\u2019e yak\u0131n i\u015f orta\u011f\u0131<\/strong> kat\u0131ld\u0131.<\/p>\n<h3><strong>&#8220;KEND\u0130 REKORUMUZU KIRMA HEDEF\u0130YLE \u0130LERL\u0130YORUZ&#8221;<\/strong><\/h3>\n<p>Rekorlar y\u0131l\u0131 olan 2022\u2019deki performans\u0131, 2023 y\u0131l\u0131nda da s\u00fcrd\u00fcrebilmek amac\u0131yla, t\u00fcm s\u00fcre\u00e7lerini geli\u015ftirme y\u00f6n\u00fcnde \u00f6nemli yat\u0131r\u0131mlar yapt\u0131klar\u0131n\u0131 vurgulayan <strong>Sat\u0131\u015ftan Sorumlu Genel M\u00fcd\u00fcr Yard\u0131mc\u0131s\u0131 Erol Kayao\u011flu<\/strong>, sekt\u00f6rde her kesime hitap eden son derece geni\u015f ve rekabet\u00e7i bir \u00fcr\u00fcn gam\u0131na ula\u015ft\u0131klar\u0131n\u0131 ifade etti. \u0130\u015f ortaklar\u0131na \u00e7evrelerindeki i\u015f f\u0131rsatlar\u0131na odaklanmalar\u0131 i\u00e7in atmalar\u0131 gereken ad\u0131mlar\u0131 detayl\u0131 bir \u015fekilde payla\u015fan <strong>Kayao\u011flu<\/strong> s\u00f6zlerini \u015f\u00f6yle s\u00fcrd\u00fcrd\u00fc: <em>&#8220;\u00dcr\u00fcnlerimizin yan\u0131 s\u0131ra tedarik, sevkiyat ve sat\u0131\u015f sonras\u0131 hizmetlerde \u00f6nc\u00fc projeleri hayata ge\u00e7irmeye devam ediyoruz. <strong>Kombi<\/strong> ile birlikte \u00f6zellikle <strong>\u0131s\u0131 pompas\u0131<\/strong> gibi y\u00fckselen i\u015f alanlar\u0131nda yeni bir stratejiyle ilerliyoruz. Hedefimiz a\u00e7\u0131k ve net: Kendi rekorumuzu k\u0131rmak.&#8221; Erol Kayao\u011flu, 7 ba\u015fl\u0131k alt\u0131nda ger\u00e7ekle\u015ftirdi\u011fi sunumda, i\u015f y\u00f6netimi becerilerini g\u00fc\u00e7lendirme, pazardaki f\u0131rsatlar\u0131 ke\u015ffetme ve m\u00fc\u015fteri ihtiya\u00e7lar\u0131n\u0131 do\u011fru analiz etme gibi alanlarda gereken haz\u0131rl\u0131klar\u0131 yapman\u0131n \u00f6nemini kat\u0131l\u0131mc\u0131lara aktard\u0131. <strong>Kayao\u011flu<\/strong>, \u201c\u00d6n\u00fcm\u00fczdeki s\u00fcre\u00e7te hedeflerinize do\u011fru emin ad\u0131mlarla ilerlerken \u00e7evrenizdeki i\u015f f\u0131rsatlar\u0131n\u0131n fark\u0131nda olmay\u0131 ve artan maliyetlerinizin etkilerini en aza indirmek i\u00e7in stratejiler geli\u015ftirmeyi mutlaka \u00f6nceliklendirin\u201d<\/em> diye konu\u015ftu.<\/p>\n<h3><strong>\u201cYEN\u0130L\u0130K\u00c7\u0130 ALANLARDAK\u0130 YATIRIMLARIMIZLA \u00d6NC\u00dcL\u00dc\u011e\u00dcM\u00dcZ\u00dc S\u00dcRD\u00dcR\u00dcYORUZ\u201d<\/strong><\/h3>\n<p><strong>Pazarlamadan Sorumlu Genel M\u00fcd\u00fcr Yard\u0131mc\u0131s\u0131 Ufuk Atan<\/strong>, iklimlendirme ve in\u015faat sekt\u00f6r\u00fcndeki 5 y\u0131ll\u0131k geli\u015fim projeksiyonunu, \u00f6n\u00fcm\u00fczdeki 3 y\u0131l i\u00e7erisinde do\u011fal gaz pazar\u0131nda beklenen geli\u015fmeleri aktard\u0131. T\u00fcketici trendlerine dair detayl\u0131 bir sunum yapan Ufuk Atan, DemirD\u00f6k\u00fcm\u2019\u00fcn ticari pazarlama faaliyetleri, kampanyalar\u0131, pazarlama ileti\u015fim \u00e7al\u0131\u015fmalar\u0131 ve dijital ileti\u015fimdeki \u00e7al\u0131\u015fmalar\u0131n\u0131 kat\u0131l\u0131mc\u0131larla payla\u015ft\u0131. Dijitalle\u015fme ve yeni nesil y\u00f6netim yakla\u015f\u0131m\u0131n\u0131 benimseyenlerin rekabette bir ad\u0131m \u00f6nde olaca\u011f\u0131n\u0131 vurgulayan <strong>Atan<\/strong>; <em>\u201cYenili\u011fe kapal\u0131 markalar, bug\u00fcn daha \u00f6nce ak\u0131llar\u0131na dahi gelmeyen rakiplerle kar\u015f\u0131 kar\u015f\u0131ya kalabiliyor. M\u00fc\u015fteri deneyimi ile y\u00f6netim yakla\u015f\u0131m\u0131 ve dijitalle\u015fmeyi ayn\u0131 anda benimseyen kurumlar, rakiplerinden ayr\u0131\u015fmaya devam ediyorlar. DemirD\u00f6k\u00fcm olarak i\u015f ortaklar\u0131m\u0131z ve m\u00fc\u015fterilerimize y\u00f6nelik ger\u00e7ekle\u015ftirdi\u011fimiz d\u00f6n\u00fc\u015f\u00fcmle sekt\u00f6rdeki \u00f6nc\u00fcl\u00fc\u011f\u00fcm\u00fcz\u00fc s\u00fcrd\u00fcr\u00fcyoruz\u201d<\/em> \u015feklinde konu\u015ftu. <strong>Ufuk Atan<\/strong> ayr\u0131ca <strong>DemirD\u00f6k\u00fcm Akademi<\/strong> taraf\u0131ndan sunulan e\u011fitimler, <strong>sonbahar<\/strong> ve<strong> k\u0131\u015f sezonlar\u0131nda<\/strong> ger\u00e7ekle\u015ftirilecek <strong>kampanyalar<\/strong> ve <strong>yeni \u00fcr\u00fcn lansmanlar\u0131na<\/strong> y\u00f6nelik detaylar\u0131 i\u015f ortaklar\u0131yla payla\u015ft\u0131.<\/p>\n<h3><strong>\u201cHEDEF SADECE B\u0130R ISITMA VE SO\u011eUTMA \u00dcRET\u0130C\u0130S\u0130 OLMANIN \u00c7OK \u00d6TES\u0130NDE\u201d<\/strong><\/h3>\n<p>Sunumunda DemirD\u00f6k\u00fcm&#8217;\u00fcn son 7 aydaki performans\u0131n\u0131 aktaran<strong>\u00a0Sat\u0131\u015f Direkt\u00f6r\u00fc F\u0131rat \u0130rfano\u011flu<\/strong>, sat\u0131\u015fa sunulan yeni \u00fcr\u00fcnleri, \u00fcr\u00fcn gruplar\u0131ndaki ba\u015far\u0131lar\u0131 ve \u015firketin b\u00fcy\u00fcme alanlar\u0131n\u0131 kat\u0131l\u0131mc\u0131larla payla\u015ft\u0131. <strong>\u0130rfano\u011flu<\/strong>, <em>&#8220;Amac\u0131m\u0131z, sadece \u0131s\u0131tma ve so\u011futma \u00e7\u00f6z\u00fcmleri \u00fcreticisi olman\u0131n \u00f6tesine ge\u00e7mek. Nesillerdir yenilik\u00e7i yakla\u015f\u0131m\u0131m\u0131z, kaliteli \u00fcr\u00fcnlerimiz ve g\u00fcvenilir hizmet anlay\u0131\u015f\u0131m\u0131zla sekt\u00f6rde fark yaratmay\u0131 ba\u015fard\u0131k. Bu yolda siz <strong>de\u011ferli i\u015f ortaklar\u0131m\u0131z\u0131n<\/strong> ve <strong>\u00e7al\u0131\u015fanlar\u0131m\u0131z\u0131n deste\u011fiyle<\/strong> \u00f6nemli ad\u0131mlar att\u0131k. T\u00fcm illerimizde her y\u0131l, k\u0131ymetli emeklerinizle ba\u015far\u0131 grafi\u011fimizi daha da yukar\u0131 ta\u015f\u0131yoruz&#8221;<\/em> dedi.<\/p>\n<p>T\u00fcrkiye ve k\u00fcresel \u00f6l\u00e7ekteki ekonomik geli\u015fmelerin ele al\u0131nd\u0131\u011f\u0131 etkinlikte, <strong>DemirD\u00f6k\u00fcm CFO&#8217;su Dr. Hasan Melih Eren<\/strong>, enflasyon bask\u0131s\u0131n\u0131n kurumlar \u00fczerindeki etkilerini, <strong>in\u015faat, yap\u0131 malzemeleri<\/strong> ve <strong>iklimlendirme sekt\u00f6r\u00fcndeki<\/strong> dinamikleri ele ald\u0131. Eren, zorlu ekonomik ko\u015fullarda al\u0131nabilecek \u00f6nlemleri, risk y\u00f6netimi ad\u0131mlar\u0131n\u0131 ve t\u00fcketici taleplerindeki s\u00fcreci payla\u015ft\u0131.<\/p>","protected":false},"excerpt":{"rendered":"<p>Sorry, this entry is only available in Turkish. For the sake of viewer convenience, the content is shown below in the alternative language. You may click the link to switch the active language. \u0130klimlendirme sekt\u00f6r\u00fcn\u00fcn \u00f6nc\u00fc markalar\u0131ndan DemirD\u00f6k\u00fcm, Ankara, Adana, \u0130zmir ve \u0130stanbul\u2019da i\u015f ortaklar\u0131yla bulu\u015ftu. DemirD\u00f6k\u00fcm \u00fcst d\u00fczey y\u00f6neticilerinin konu\u015fmac\u0131 olarak yer ald\u0131\u011f\u0131 B\u00f6lge [&hellip;]<\/p>\n","protected":false},"author":1,"featured_media":179850,"comment_status":"open","ping_status":"open","sticky":false,"template":"","format":"standard","meta":[],"categories":[46,53],"tags":[110898,869,3172,10457,1440],"views":33,"_links":{"self":[{"href":"https:\/\/www.enerjigazetesi.ist\/en\/wp-json\/wp\/v2\/posts\/179847"}],"collection":[{"href":"https:\/\/www.enerjigazetesi.ist\/en\/wp-json\/wp\/v2\/posts"}],"about":[{"href":"https:\/\/www.enerjigazetesi.ist\/en\/wp-json\/wp\/v2\/types\/post"}],"author":[{"embeddable":true,"href":"https:\/\/www.enerjigazetesi.ist\/en\/wp-json\/wp\/v2\/users\/1"}],"replies":[{"embeddable":true,"href":"https:\/\/www.enerjigazetesi.ist\/en\/wp-json\/wp\/v2\/comments?post=179847"}],"version-history":[{"count":0,"href":"https:\/\/www.enerjigazetesi.ist\/en\/wp-json\/wp\/v2\/posts\/179847\/revisions"}],"wp:featuredmedia":[{"embeddable":true,"href":"https:\/\/www.enerjigazetesi.ist\/en\/wp-json\/wp\/v2\/media\/179850"}],"wp:attachment":[{"href":"https:\/\/www.enerjigazetesi.ist\/en\/wp-json\/wp\/v2\/media?parent=179847"}],"wp:term":[{"taxonomy":"category","embeddable":true,"href":"https:\/\/www.enerjigazetesi.ist\/en\/wp-json\/wp\/v2\/categories?post=179847"},{"taxonomy":"post_tag","embeddable":true,"href":"https:\/\/www.enerjigazetesi.ist\/en\/wp-json\/wp\/v2\/tags?post=179847"}],"curies":[{"name":"wp","href":"https:\/\/api.w.org\/{rel}","templated":true}]}}