{"id":17982,"date":"2013-11-21T18:33:08","date_gmt":"2013-11-21T15:33:08","guid":{"rendered":"https:\/\/www.enerjigazetesi.ist\/?p=17982"},"modified":"2013-11-21T18:33:19","modified_gmt":"2013-11-21T15:33:19","slug":"teias-genel-muduru-enerji-borsasi-elektrikte-ki-asiri-karlari-azaltacak","status":"publish","type":"post","link":"https:\/\/www.enerjigazetesi.ist\/en\/teias-genel-muduru-enerji-borsasi-elektrikte-ki-asiri-karlari-azaltacak\/","title":{"rendered":"(Turkish) TE\u0130A\u015e Genel M\u00fcd\u00fcr\u00fc: \u2018Enerji Borsas\u0131 Elektrikte ki A\u015f\u0131r\u0131 Karlar\u0131 Azaltacak\u2019"},"content":{"rendered":"<p class=\"qtranxs-available-languages-message qtranxs-available-languages-message-en\">Sorry, this entry is only available in <a href=\"https:\/\/www.enerjigazetesi.ist\/tr\/wp-json\/wp\/v2\/posts\/17982\" class=\"qtranxs-available-language-link qtranxs-available-language-link-tr\" title=\"Turkish\">Turkish<\/a>. For the sake of viewer convenience, the content is shown below in the alternative language. You may click the link to switch the active language.<\/p><p><strong>TE\u0130A\u015e Genel M\u00fcd\u00fcr\u00fc Kemal Y\u0131ld\u0131r, y\u0131l sonunda faaliyete girmesi beklenen Enerji Borsas\u0131\u2019yla t\u00fcketicinin elektri\u011fi \u015fimdiki fiyatlardan \u00e7ok daha ucuza kullanma imkan\u0131na kavu\u015faca\u011f\u0131n\u0131 s\u00f6yledi. T\u00fcrkiye Elektrik \u0130letim Anonim \u015eirketi (TE\u0130A\u015e) Genel M\u00fcd\u00fcr\u00fc Kemal Y\u0131ld\u0131r, Borsa \u0130stanbul \u00e7at\u0131s\u0131 alt\u0131nda i\u015flem g\u00f6recek Enerji Piyasalar\u0131 \u0130\u015fletme Anonim \u015eirketi\u2019nin (EP\u0130A\u015e) 2014 ba\u015f\u0131na kadar haz\u0131rl\u0131klar\u0131n\u0131 tamamlayaca\u011f\u0131n\u0131 dile getirerek, Enerji Borsas\u0131\u2019n\u0131n T\u00fcrkiye\u2019ye muhtemel getirilerine ili\u015fkin de\u011ferlendirmeler yapt\u0131.<\/strong><\/p>\n<p>T\u00fcrkiye\u2019nin bat\u0131s\u0131ndaki ve do\u011fusundaki \u00fclkelerle \u00e7ok \u00f6nemli bir enerji trafi\u011finin ortas\u0131nda oldu\u011funu kaydeden Y\u0131ld\u0131r, \u201cT\u00fcrkiye b\u00f6lgesinde b\u00fcy\u00fck bir g\u00fc\u00e7. Dolay\u0131s\u0131yla elektrikte de bu kapasiteyi 5. b\u00fcy\u00fckl\u00fck olarak g\u00f6r\u00fcyoruz. \u015eu anda 242 milyar kilovatsaat\u2019lik bir t\u00fcketim hacmiyle faaliyet g\u00f6steriyo<a href=\"https:\/\/www.enerjigazetesi.ist\/wp-content\/uploads\/2013\/11\/teias-genel-muduru-yildir-enerji-borsasi-elektrikteki-asiri-karlari-azaltacak.jpg\"><img loading=\"lazy\" class=\"alignleft size-medium wp-image-17983\" title=\"teias-genel-muduru-yildir-enerji-borsasi-elektrikteki-asiri-karlari-azaltacak\" src=\"https:\/\/www.enerjigazetesi.ist\/wp-content\/uploads\/2013\/11\/teias-genel-muduru-yildir-enerji-borsasi-elektrikteki-asiri-karlari-azaltacak-300x223.jpg\" alt=\"\" width=\"300\" height=\"223\" srcset=\"https:\/\/www.enerjigazetesi.ist\/wp-content\/uploads\/2013\/11\/teias-genel-muduru-yildir-enerji-borsasi-elektrikteki-asiri-karlari-azaltacak-300x223.jpg 300w, https:\/\/www.enerjigazetesi.ist\/wp-content\/uploads\/2013\/11\/teias-genel-muduru-yildir-enerji-borsasi-elektrikteki-asiri-karlari-azaltacak-67x50.jpg 67w, https:\/\/www.enerjigazetesi.ist\/wp-content\/uploads\/2013\/11\/teias-genel-muduru-yildir-enerji-borsasi-elektrikteki-asiri-karlari-azaltacak.jpg 386w\" sizes=\"(max-width: 300px) 100vw, 300px\" \/><\/a>ruz. Bu zaten kendi i\u00e7 pazar\u0131nda b\u00fcy\u00fck bir g\u00fc\u00e7 olarak g\u00f6r\u00fcn\u00fcyor.<\/p>\n<p>Do\u011fudaki, bilhassa G\u00fcrcistan\u2019daki su kaynaklar\u0131 ve \u0130ran\u2019daki do\u011fal gaz kaynaklar\u0131nda \u00fcretilen enerjinin bu piyasa i\u00e7erisinde rahatl\u0131kla d\u00fc\u015f\u00fck fiyatlarda al\u0131c\u0131 bulabilece\u011fi o \u00fclkeler taraf\u0131ndan g\u00f6r\u00fcl\u00fcyor. Bizim piyasada oyuncu olmak onlar\u0131n iste\u011fi\u201d de\u011ferlendirmesini yapt\u0131.<\/p>\n<p>\u0130ran, Suudi Arabistan ve Irak\u2019la enerji ticaretini geli\u015ftimek ad\u0131na \u00e7al\u0131\u015fmalar\u0131n s\u00fcrd\u00fc\u011f\u00fcn\u00fc dile getiren Y\u0131ld\u0131r, \u201cIrak\u2019ta Musul, Kerk\u00fck, Zaho \u00fczerinden Kuzey Irak\u2019la asenkron paralel sistemi tamamlad\u0131\u011f\u0131m\u0131zda T\u00fcrkiye tamamen serbest elektrik ticaretinin yap\u0131ld\u0131\u011f\u0131, do\u011fu ve bat\u0131 aras\u0131nda bir k\u00f6pr\u00fc konumunda olacak. Dolay\u0131s\u0131yla T\u00fcrkiye\u2019nin bu piyasalar\u0131n birle\u015ftirilmesi hususunda \u015fans\u0131 \u00e7ok b\u00fcy\u00fck. Lider olma konusunda \u015fans\u0131 \u00e7ok fazla. Bulgaristan, Yunanistan ve di\u011fer Balkan \u00fclkelerini g\u00f6z \u00f6n\u00fcne ald\u0131\u011f\u0131m\u0131zda Makedonya, Arnavutluk, Bosna Hersek, \u00c7ekoslavakya gibi \u00fclkelerde \u00e7ok zay\u0131f sistemler var. T\u00fcrkiye bu pazar i\u00e7erisinde bat\u0131 ve do\u011fu aras\u0131nda bir denge unsuru olacak. Bat\u0131n\u0131n g\u00fc\u00e7l\u00fc olan enerji transferini do\u011fuya, do\u011fudan da T\u00fcrkiye \u00fczerinden bat\u0131ya do\u011fru bir elektrik transferi imkan\u0131 olu\u015fmu\u015f olacak.\u201d<\/p>\n<p>Enerji Borsas\u0131\u2019n\u0131n tam olarak faaliyete ge\u00e7mesiyle birim t\u00fcketicinin kulland\u0131\u011f\u0131 enerji fiyatlar\u0131nda d\u00fc\u015f\u00fc\u015f ya\u015fanaca\u011f\u0131n\u0131 dile getiren Y\u0131ld\u0131r, \u201cEnerji Borsas\u0131\u2019n\u0131n kurulu\u015f amac\u0131 enerji fiyatlar\u0131n\u0131 serbest piyasa kurallar\u0131 i\u00e7erisinde serbest piyasan\u0131n olu\u015fturdu\u011fu fiyat seviyesinde tutmakt\u0131r. \u2018Olmayan \u015fey pahal\u0131d\u0131r\u2019 kural\u0131n\u0131 unutmamak laz\u0131m, ama elektrik enerjisinin vatanda\u015fa ula\u015fan k\u0131sm\u0131nda arzda bir fazlal\u0131k oldu\u011fu m\u00fcddet\u00e7e bu fiyatlar hep a\u015fa\u011f\u0131da kalacakt\u0131r. Tabii zarar seviyesine d\u00fc\u015fmemek kayd\u0131yla. A\u015f\u0131r\u0131 karlar minimize edilmi\u015f olacak\u201d diye konu\u015ftu.<\/p>\n<p>Kaynak: <a href=\"http:\/\/enerjienstitusu.com\/2013\/11\/21\/teias-genel-muduru-yildir-enerji-borsasi-elektrikteki-asiri-karlari-azaltacak\/\" target=\"_blank\">Enerji Enstit\u00fcs\u00fc<\/a><\/p>","protected":false},"excerpt":{"rendered":"<p>Sorry, this entry is only available in Turkish. For the sake of viewer convenience, the content is shown below in the alternative language. You may click the link to switch the active language.TE\u0130A\u015e Genel M\u00fcd\u00fcr\u00fc Kemal Y\u0131ld\u0131r, y\u0131l sonunda faaliyete girmesi beklenen Enerji Borsas\u0131\u2019yla t\u00fcketicinin elektri\u011fi \u015fimdiki fiyatlardan \u00e7ok daha ucuza kullanma imkan\u0131na kavu\u015faca\u011f\u0131n\u0131 s\u00f6yledi. [&hellip;]<\/p>\n","protected":false},"author":1,"featured_media":17983,"comment_status":"open","ping_status":"open","sticky":false,"template":"","format":"standard","meta":[],"categories":[51,53],"tags":[68,61,343,63,112,67,1009,165,10542,1582,10543],"views":720,"_links":{"self":[{"href":"https:\/\/www.enerjigazetesi.ist\/en\/wp-json\/wp\/v2\/posts\/17982"}],"collection":[{"href":"https:\/\/www.enerjigazetesi.ist\/en\/wp-json\/wp\/v2\/posts"}],"about":[{"href":"https:\/\/www.enerjigazetesi.ist\/en\/wp-json\/wp\/v2\/types\/post"}],"author":[{"embeddable":true,"href":"https:\/\/www.enerjigazetesi.ist\/en\/wp-json\/wp\/v2\/users\/1"}],"replies":[{"embeddable":true,"href":"https:\/\/www.enerjigazetesi.ist\/en\/wp-json\/wp\/v2\/comments?post=17982"}],"version-history":[{"count":6,"href":"https:\/\/www.enerjigazetesi.ist\/en\/wp-json\/wp\/v2\/posts\/17982\/revisions"}],"predecessor-version":[{"id":17989,"href":"https:\/\/www.enerjigazetesi.ist\/en\/wp-json\/wp\/v2\/posts\/17982\/revisions\/17989"}],"wp:featuredmedia":[{"embeddable":true,"href":"https:\/\/www.enerjigazetesi.ist\/en\/wp-json\/wp\/v2\/media\/17983"}],"wp:attachment":[{"href":"https:\/\/www.enerjigazetesi.ist\/en\/wp-json\/wp\/v2\/media?parent=17982"}],"wp:term":[{"taxonomy":"category","embeddable":true,"href":"https:\/\/www.enerjigazetesi.ist\/en\/wp-json\/wp\/v2\/categories?post=17982"},{"taxonomy":"post_tag","embeddable":true,"href":"https:\/\/www.enerjigazetesi.ist\/en\/wp-json\/wp\/v2\/tags?post=17982"}],"curies":[{"name":"wp","href":"https:\/\/api.w.org\/{rel}","templated":true}]}}