{"id":179802,"date":"2023-10-06T12:49:40","date_gmt":"2023-10-06T09:49:40","guid":{"rendered":"https:\/\/www.enerjigazetesi.ist\/?p=179802"},"modified":"2023-10-06T12:49:40","modified_gmt":"2023-10-06T09:49:40","slug":"otokar-ilk-hidrojenli-otobusunu-avrupada-sergiliyor","status":"publish","type":"post","link":"https:\/\/www.enerjigazetesi.ist\/en\/otokar-ilk-hidrojenli-otobusunu-avrupada-sergiliyor\/","title":{"rendered":"(Turkish) &#8217;Otokar&#8217; \u0130lk Hidrojenli Otob\u00fcs\u00fcn\u00fc Avrupa\u2019da Sergiliyor"},"content":{"rendered":"<p class=\"qtranxs-available-languages-message qtranxs-available-languages-message-en\">Sorry, this entry is only available in <a href=\"https:\/\/www.enerjigazetesi.ist\/tr\/wp-json\/wp\/v2\/posts\/179802\" class=\"qtranxs-available-language-link qtranxs-available-language-link-tr\" title=\"Turkish\">Turkish<\/a>. For the sake of viewer convenience, the content is shown below in the alternative language. You may click the link to switch the active language.<\/p><p><\/p>\n<h2><strong>Otokar, Avrupa\u2019n\u0131n en b\u00fcy\u00fck otob\u00fcs fuar\u0131 Busworld Europe&#8217;ta hidrojen yak\u0131t h\u00fccreli otob\u00fcs\u00fc KENT Hidrojen&#8217;i d\u00fcnya sahnesine ta\u015f\u0131d\u0131. Fuarda elektrikli otob\u00fcs ailesinin yeni \u00fcyelerini tan\u0131tan Otokar, biri otonom olmak \u00fczere 7 farkl\u0131 model otob\u00fcs\u00fcn\u00fc sergiliyor.<\/strong><\/h2>\n<p><img loading=\"lazy\" class=\"aligncenter wp-image-179804\" src=\"https:\/\/www.enerjigazetesi.ist\/wp-content\/uploads\/2023\/10\/otokar-ilk-hidrojenli-otobusunu-avrupada-sergiliyor.jpg\" alt=\"\" width=\"500\" height=\"319\" srcset=\"https:\/\/www.enerjigazetesi.ist\/wp-content\/uploads\/2023\/10\/otokar-ilk-hidrojenli-otobusunu-avrupada-sergiliyor.jpg 550w, https:\/\/www.enerjigazetesi.ist\/wp-content\/uploads\/2023\/10\/otokar-ilk-hidrojenli-otobusunu-avrupada-sergiliyor-300x191.jpg 300w, https:\/\/www.enerjigazetesi.ist\/wp-content\/uploads\/2023\/10\/otokar-ilk-hidrojenli-otobusunu-avrupada-sergiliyor-500x319.jpg 500w, https:\/\/www.enerjigazetesi.ist\/wp-content\/uploads\/2023\/10\/otokar-ilk-hidrojenli-otobusunu-avrupada-sergiliyor-78x50.jpg 78w\" sizes=\"(max-width: 500px) 100vw, 500px\" \/><\/p>\n<p>Ko\u00e7 Toplulu\u011fu \u015firketlerinden Otokar, Avrupa&#8217;n\u0131n en b\u00fcy\u00fck otob\u00fcs etkinli\u011fi <strong>Busworld Europe<\/strong> fuar\u0131nda yenilik r\u00fczgar\u0131 estiriyor. Geni\u015f \u00fcr\u00fcn gam\u0131, kullan\u0131c\u0131 ve \u00e7evre odakl\u0131 \u00e7\u00f6z\u00fcmleriyle s\u00fcrd\u00fcr\u00fclebilir ula\u015f\u0131m\u0131n gelece\u011fine katk\u0131 sa\u011flayan Otokar,<strong> 12 Ekim 2023<\/strong> tarihine kadar s\u00fcrecek olan fuara <strong>4&#8217;\u00fc<\/strong> yeni olmak \u00fczere <strong>7 arac\u0131yla<\/strong> kat\u0131ld\u0131.<\/p>\n<p>D\u00fcnya \u00e7ap\u0131nda milyonlarca yolcuya konforlu ve g\u00fcvenli seyahat imkan\u0131 sunan Otokar, 6 g\u00fcn s\u00fcrecek olan fuara \u00fcr\u00fcn gam\u0131na ekledi\u011fi yeni s\u0131f\u0131r emisyonlu ara\u00e7lar\u0131yla bir kez daha damgas\u0131n\u0131 vuracak. Otokar\u2019\u0131n ilk hidrojen yak\u0131t h\u00fccreli otob\u00fcs\u00fc olan KENT Hidrojen ilk kez Busworld Europe&#8217;da sergileniyor. Ge\u00e7ti\u011fimiz y\u0131l Avrupa\u2019da <strong>\u201cM\u00fckemmel Tasar\u0131m \u00d6d\u00fcl\u00fc\u201d<\/strong>ne lay\u0131k g\u00f6r\u00fclen <strong>TERRITO<\/strong> serisinin 13 metrelik <strong>yeni elektrikli modeli e-TERRITO<\/strong> da ilk kez fuarda tan\u0131t\u0131l\u0131yor.<\/p>\n<p>Elektrikli ve alternatif yak\u0131tl\u0131 ara\u00e7lar konusunda bir\u00e7ok ilke imza atan Otokar, ak\u0131ll\u0131 otonom otob\u00fcs\u00fc e-CENTRO ile ula\u015f\u0131m\u0131n gelece\u011fini ayd\u0131nlat\u0131yor. Ara\u00e7, Avrupa&#8217;n\u0131n en b\u00fcy\u00fck bulu\u015fmalar\u0131ndan biri olan fuarda ziyaret\u00e7ileri salonlar aras\u0131nda ta\u015f\u0131yarak toplu ula\u015f\u0131m\u0131n gelece\u011fini deneyimleme f\u0131rsat\u0131 sunuyor. Otokar stand\u0131n\u0131n ziyaret\u00e7ileri ayr\u0131ca, Avrupa&#8217;da bir\u00e7ok \u00fclkede en \u00e7ok satan orta boy otob\u00fcs olan NAVIGO&#8217;yu yenilenen tasar\u0131m\u0131yla yak\u0131ndan g\u00f6rme f\u0131rsat\u0131 buluyor.<\/p>\n<h3><strong>&#8220;AVRUPA PAZARINDA \u0130ST\u0130KRARLI B\u00dcY\u00dcMEM\u0130Z\u0130 S\u00dcRD\u00dcR\u00dcYORUZ&#8221;<\/strong><\/h3>\n<p>T\u00fcrkiye&#8217;nin lider otob\u00fcs markas\u0131 olan Otokar\u2019\u0131n Avrupa&#8217;n\u0131n \u00f6nde gelen otob\u00fcs \u00fcreticileri aras\u0131ndaki konumunu art\u0131rd\u0131\u011f\u0131n\u0131 vurgulayan <strong>Otokar Genel M\u00fcd\u00fcr Yard\u0131mc\u0131s\u0131 Kerem Erman<\/strong> \u015f\u00f6yle konu\u015ftu: <em>&#8220;T\u00fcrkiye&#8217;de ve d\u00fcnyan\u0131n d\u00f6rt bir yan\u0131nda operat\u00f6rlerin ihtiya\u00e7lar\u0131n\u0131 uygun maliyetli, \u00e7evre dostu ve s\u00fcrd\u00fcr\u00fclebilir ula\u015f\u0131m \u00e7\u00f6z\u00fcmleri ile kar\u015f\u0131l\u0131yoruz. M\u00fc\u015fteri odakl\u0131 yakla\u015f\u0131m\u0131m\u0131z, faaliyet g\u00f6sterdi\u011fimiz segmentlerde y\u00fcksek m\u00fc\u015fteri sadakati kazand\u0131rd\u0131. Otokar&#8217;a olan g\u00fcven ve ara\u00e7lar\u0131m\u0131za g\u00f6sterilen ilgi sayesinde gelirinin y\u00fczde 72&#8217;sini k\u00fcresel pazarlardan elde eden bir \u00fcretici konumuna ula\u015ft\u0131k. Hedefimiz, mevcut ve \u00fcr\u00fcn ailemize ekledi\u011fimiz s\u0131f\u0131r emisyonlu ara\u00e7lar\u0131m\u0131zla Avrupa pazar\u0131nda g\u00fc\u00e7l\u00fc oyunculardan biri olmak.\u201d Ge\u00e7ti\u011fimiz g\u00fcnlerde \u0130talya\u2019daki \u015firket al\u0131m\u0131yla Avrupa\u2019daki i\u015ftirak \u015firket say\u0131s\u0131n\u0131 3\u2019e \u00e7\u0131kard\u0131klar\u0131n\u0131 hat\u0131rlatan Erman; \u201cAvrupa&#8217;daki b\u00fcy\u00fcmemizi s\u00fcrd\u00fcrmeyi hedefliyoruz&#8221;<\/em> dedi.<\/p>\n<h3><strong>H\u0130DROJENL\u0130 KENT D\u00dcNYA SAHNES\u0130NDE<\/strong><\/h3>\n<p>S\u00fcrd\u00fcr\u00fclebilir bir gelecek i\u00e7in ye\u015fil ula\u015f\u0131m \u00e7al\u0131\u015fmalar\u0131na h\u0131z veren Otokar, hidrojen yak\u0131t h\u00fccresine sahip ilk otob\u00fcs\u00fc KENT Hidrojen&#8217;i ilk kez Busworld Europe\u2019da sergiliyor. Otokar&#8217;\u0131n s\u00fcrd\u00fcr\u00fclebilirlik taahh\u00fctleri do\u011frultusunda geli\u015ftirilen KENT Hidrojen, karbon emisyonlar\u0131n\u0131n azalt\u0131lmas\u0131, temiz enerji d\u00f6n\u00fc\u015f\u00fcm\u00fc ve s\u00fcrd\u00fcr\u00fclebilir ula\u015f\u0131m politikalar\u0131na destek olacak.<\/p>\n<p>\u00d6zellikle tarihi \u015fehirler gibi s\u0131n\u0131rl\u0131 \u015farj altyap\u0131s\u0131na sahip b\u00f6lgeler i\u00e7in \u00e7evre dostu bir \u00e7\u00f6z\u00fcm olarak \u00f6ne \u00e7\u0131kan KENT Hidrojen, d\u00fc\u015f\u00fck yak\u0131t t\u00fcketimi, d\u00fc\u015f\u00fck i\u015fletme maliyeti, y\u00fcksek teknoloji \u00f6zellikleri ile dikkat \u00e7ekiyor. KENT Hidrojen, s\u0131f\u0131r emisyonlu yap\u0131s\u0131yla sadece su buhar\u0131 \u00fcreterek zararl\u0131 emisyonlar\u0131 b\u00fcy\u00fck \u00f6l\u00e7\u00fcde azalt\u0131rken, kentlerde hava kalitesini iyile\u015ftirmeye katk\u0131 sa\u011fl\u0131yor. 12 metre uzunlu\u011fundaki al\u00e7ak tabanl\u0131 ara\u00e7, y\u00fcksek yolcu kapasitesi ve geni\u015f i\u00e7 hacim sunuyor.<\/p>\n<h3><strong>\u00d6D\u00dcLL\u00dc TERRITO ELEKTR\u0130KLEND\u0130<\/strong><\/h3>\n<p>Tasar\u0131m\u0131, y\u00fcksek yolcu kapasitesi, sahip oldu\u011fu \u00f6zellikler, bagaj b\u00f6lmeleriyle Avrupal\u0131 operat\u00f6rlerin ilgisi \u00e7eken &#8220;M\u00fckemmel Tasar\u0131m&#8221; \u00f6d\u00fcll\u00fc Otokar TERRITO, elektrikli versiyonuyla Busworld\u2019de yer ald\u0131. Geni\u015f bir kullan\u0131m alan\u0131na cevap verecek \u015fekilde tasarlanan 13 metre uzunlu\u011fundaki e-TERRITO, optimum menzili, y\u00fcksek performans\u0131, s\u0131f\u0131r emisyonu, \u00e7ok y\u00f6nl\u00fcl\u00fc\u011f\u00fc ve ba\u011f\u0131ms\u0131z \u00f6n s\u00fcspansiyonlar\u0131 ile \u00f6ne \u00e7\u0131k\u0131yor.<\/p>\n<h3><strong>S\u00dcR\u00dcC\u00dcS\u00dcZ e-CENTRO BUSWORLD&#8217;DE \u0130\u015e BA\u015eINDA<\/strong><\/h3>\n<p>Otokar, tan\u0131t\u0131ld\u0131\u011f\u0131 g\u00fcnden itibaren dikkatleri \u00fczerinde toplayan ikonik mikrob\u00fcs\u00fc elektrikli e-CENTRO&#8217;ya yeni yetenekler kazand\u0131rmaya devam ediyor. Busworld Europe\u2019da seviye 4 s\u00fcr\u00fc\u015f teknolojisine sahip e-CENTRO ile yer alan Otokar\u2019\u0131n otonom arac\u0131, s\u00fcr\u00fcc\u00fcye ihtiya\u00e7 duymadan seyahat edebiliyor. Trafik kurallar\u0131na uyacak \u015fekilde geli\u015ftirilen ara\u00e7, konumunu hassas bir \u015fekilde alg\u0131l\u0131yor. Hava ko\u015fullar\u0131ndan ba\u011f\u0131ms\u0131z g\u00fcn\u00fcn her saatinde kesintisiz hizmet verebilen ara\u00e7, belirlenen g\u00fczergahta duraklara yana\u015farak yolcular\u0131n sorunsuz bir \u015fekilde inip binmesini sa\u011fl\u0131yor. Otokar&#8217;\u0131n otonom arac\u0131 e-CENTRO fuar s\u00fcresince ziyaret\u00e7ileri toplu ula\u015f\u0131mda otonom teknolojisiyle tan\u0131\u015ft\u0131r\u0131rken, fuar ziyaret\u00e7ilerine ta\u015f\u0131ma hizmeti verecek.<\/p>\n<h3><strong>NAVIGO YEN\u0130LENEN TASARIMIYLA DAHA \u0130DD\u0130ALI<\/strong><\/h3>\n<p>Avrupal\u0131 operat\u00f6rlerin takdirini kazanan ve orta boy otob\u00fcs pazar\u0131nda b\u00fcy\u00fck ba\u015far\u0131 yakalayan NAVIGO, yenilenen tasar\u0131m\u0131yla Otokar stand\u0131nda yer ald\u0131. \u00d6n y\u00fcz\u00fc tamamen yenilenen ara\u00e7, dinamik ve keskin hatlar\u0131yla Avrupa caddelerine yeni bir soluk getirmeye haz\u0131rlan\u0131yor. Yenilenen i\u00e7 mekan\u0131 ile de dikkat \u00e7eken ara\u00e7, \u00fcst\u00fcn konfor ve g\u00fcvenlik \u00f6nlemleriyle pazardaki iddias\u0131n\u0131 art\u0131r\u0131yor.<\/p>","protected":false},"excerpt":{"rendered":"<p>Sorry, this entry is only available in Turkish. For the sake of viewer convenience, the content is shown below in the alternative language. You may click the link to switch the active language. Otokar, Avrupa\u2019n\u0131n en b\u00fcy\u00fck otob\u00fcs fuar\u0131 Busworld Europe&#8217;ta hidrojen yak\u0131t h\u00fccreli otob\u00fcs\u00fc KENT Hidrojen&#8217;i d\u00fcnya sahnesine ta\u015f\u0131d\u0131. Fuarda elektrikli otob\u00fcs ailesinin yeni [&hellip;]<\/p>\n","protected":false},"author":1,"featured_media":179804,"comment_status":"open","ping_status":"open","sticky":false,"template":"","format":"standard","meta":[],"categories":[51,53],"tags":[110882,110883,13859,110881,110880],"views":33,"_links":{"self":[{"href":"https:\/\/www.enerjigazetesi.ist\/en\/wp-json\/wp\/v2\/posts\/179802"}],"collection":[{"href":"https:\/\/www.enerjigazetesi.ist\/en\/wp-json\/wp\/v2\/posts"}],"about":[{"href":"https:\/\/www.enerjigazetesi.ist\/en\/wp-json\/wp\/v2\/types\/post"}],"author":[{"embeddable":true,"href":"https:\/\/www.enerjigazetesi.ist\/en\/wp-json\/wp\/v2\/users\/1"}],"replies":[{"embeddable":true,"href":"https:\/\/www.enerjigazetesi.ist\/en\/wp-json\/wp\/v2\/comments?post=179802"}],"version-history":[{"count":0,"href":"https:\/\/www.enerjigazetesi.ist\/en\/wp-json\/wp\/v2\/posts\/179802\/revisions"}],"wp:featuredmedia":[{"embeddable":true,"href":"https:\/\/www.enerjigazetesi.ist\/en\/wp-json\/wp\/v2\/media\/179804"}],"wp:attachment":[{"href":"https:\/\/www.enerjigazetesi.ist\/en\/wp-json\/wp\/v2\/media?parent=179802"}],"wp:term":[{"taxonomy":"category","embeddable":true,"href":"https:\/\/www.enerjigazetesi.ist\/en\/wp-json\/wp\/v2\/categories?post=179802"},{"taxonomy":"post_tag","embeddable":true,"href":"https:\/\/www.enerjigazetesi.ist\/en\/wp-json\/wp\/v2\/tags?post=179802"}],"curies":[{"name":"wp","href":"https:\/\/api.w.org\/{rel}","templated":true}]}}