{"id":179782,"date":"2023-10-05T17:59:12","date_gmt":"2023-10-05T14:59:12","guid":{"rendered":"https:\/\/www.enerjigazetesi.ist\/?p=179782"},"modified":"2023-10-05T18:01:16","modified_gmt":"2023-10-05T15:01:16","slug":"romanya-nin-ilk-turk-ges-yatirimi-uretime-gecti","status":"publish","type":"post","link":"https:\/\/www.enerjigazetesi.ist\/en\/romanya-nin-ilk-turk-ges-yatirimi-uretime-gecti\/","title":{"rendered":"(Turkish) Romanya\u2019n\u0131n \u0130lk T\u00fcrk GES Yat\u0131r\u0131m\u0131 \u00dcretime Ge\u00e7ti"},"content":{"rendered":"<p class=\"qtranxs-available-languages-message qtranxs-available-languages-message-en\">Sorry, this entry is only available in <a href=\"https:\/\/www.enerjigazetesi.ist\/tr\/wp-json\/wp\/v2\/posts\/179782\" class=\"qtranxs-available-language-link qtranxs-available-language-link-tr\" title=\"Turkish\">Turkish<\/a>. For the sake of viewer convenience, the content is shown below in the alternative language. You may click the link to switch the active language.<\/p><p><\/p>\n<h2>Yenilenebilir enerji projeleriyle farkl\u0131 k\u0131talarda ad\u0131ndan s\u00f6z ettiren YEO Teknoloji, Avrupa\u2019daki i\u015ftiraki Defic Globe ile b\u00fcy\u00fcmeye devam ediyor. Bu y\u0131l\u0131n ba\u015f\u0131nda \u00e7al\u0131\u015fmalar\u0131na ba\u015flanan Romanya&#8217;daki 18,5 MWp kapasiteye sahip Caracal G\u00fcne\u015f Enerjisi Santrali (GES) \u00fcretime ba\u015flad\u0131. Romanya&#8217;daki ilk T\u00fcrk g\u00fcne\u015f enerjisi santrali yat\u0131r\u0131m\u0131 olma \u00f6zelli\u011fi ta\u015f\u0131yan <strong>Caracal GES<\/strong>, y\u0131lda <strong>26.017 GWh<\/strong> enerji \u00fcretecek. B\u00f6ylece 32.300 ton, yani 165 bin a\u011faca denk gelen miktarda karbon sal\u0131m\u0131 engellenecek.<\/h2>\n<p style=\"text-align: center;\"><img loading=\"lazy\" class=\"aligncenter wp-image-179785\" src=\"https:\/\/www.enerjigazetesi.ist\/wp-content\/uploads\/2023\/10\/romanya-nin-ilk-turk-ges-yatirimi-uretime-gecti-1.jpg\" alt=\"\" width=\"500\" height=\"375\" srcset=\"https:\/\/www.enerjigazetesi.ist\/wp-content\/uploads\/2023\/10\/romanya-nin-ilk-turk-ges-yatirimi-uretime-gecti-1.jpg 550w, https:\/\/www.enerjigazetesi.ist\/wp-content\/uploads\/2023\/10\/romanya-nin-ilk-turk-ges-yatirimi-uretime-gecti-1-300x225.jpg 300w, https:\/\/www.enerjigazetesi.ist\/wp-content\/uploads\/2023\/10\/romanya-nin-ilk-turk-ges-yatirimi-uretime-gecti-1-500x375.jpg 500w, https:\/\/www.enerjigazetesi.ist\/wp-content\/uploads\/2023\/10\/romanya-nin-ilk-turk-ges-yatirimi-uretime-gecti-1-67x50.jpg 67w\" sizes=\"(max-width: 500px) 100vw, 500px\" \/><\/p>\n<h3><strong>Sisteme\u00a0temiz\u00a0enerji vermeye ba\u015fland\u0131<\/strong><\/h3>\n<p>Caracal g\u00fcne\u015f enerjisi santralinin a\u00e7\u0131l\u0131\u015f\u0131 <strong>YEO Teknoloji CEO\u2019su Tolunay Y\u0131ld\u0131z<\/strong>, <strong>Emsolt CEO\u2019su Alper Tuncer,<\/strong> <strong>Defic Globe Genel M\u00fcd\u00fcr\u00fc Ya\u015far Tuncer<\/strong>, <strong>DHB Bank Genel M\u00fcd\u00fcr\u00fc Okan Balk\u00f6se<\/strong>, <strong>Caracal Belediye Ba\u015fkan\u0131 Ion Doldurea ve T\u00fcrkiye Cumhuriyeti yerel el\u00e7ilik temsilcilerinin kat\u0131ld\u0131\u011f\u0131<\/strong> t\u00f6renle yap\u0131ld\u0131. T\u00f6renle birlikte Romanya\u2019daki \u015febekeye yenilenebilir enerjiyle \u00fcretilen elektrik verilmeye ba\u015fland\u0131.<\/p>\n<p>YEO&#8217;nun y\u00fczde 51 orta\u011f\u0131 oldu\u011fu Defic Globe, Avrupa merkezli yenilenebilir enerji projelerini geli\u015ftirme ve yat\u0131r\u0131ma d\u00f6n\u00fc\u015ft\u00fcrme hedefi do\u011frultusunda \u00e7al\u0131\u015fmalar\u0131na h\u0131z kesmeden devam ediyor. <strong>Romanya Caracal projesi<\/strong>, <strong>YEO<\/strong> ve <strong>Defic Globe<\/strong> i\u00e7in \u00f6nemli bir\u00a0ad\u0131m\u00a0niteli\u011fi ta\u015f\u0131yor. <strong>YEO<\/strong>, 2030 y\u0131l\u0131na kadar <strong>1 GW&#8217;l\u0131k<\/strong> yenilenebilir enerji portf\u00f6y\u00fcne ula\u015fmay\u0131 ama\u00e7l\u0131yor.<\/p>\n<h3><strong>Ye\u015fil enerjide hedef 1 GW\u2019l\u0131k kapasite<\/strong><\/h3>\n<p>T\u00f6rende konu\u015fan\u00a0<strong>YEO Teknoloji CEO&#8217;su Tolunay Y\u0131ld\u0131z,<\/strong>\u00a0Avrupa\u2019da b\u00fcy\u00fcme s\u00f6z\u00fcn\u00fc tuttuklar\u0131n\u0131 belirterek \u015f\u00f6yle konu\u015ftu: <em>\u201cYEO Teknoloji olarak farkl\u0131 b\u00f6lgelerde s\u00fcrd\u00fcr\u00fclebilir bir d\u00fcnya i\u00e7in \u00e7al\u0131\u015fmaya devam ediyoruz.\u00a0Caracal\u00a0projesinin\u00a0finansman\u0131n\u0131 da Avrupa kaynakl\u0131 sa\u011flayarak; yat\u0131r\u0131mc\u0131 kimli\u011fimizle global\u00a0oyuncu olma yolunda somut\u00a0bir\u00a0ad\u0131m atm\u0131\u015f olduk.\u00a0Romanya yat\u0131r\u0131m\u0131, T\u00fcrk giri\u015fimlerine liderlik etmemize yard\u0131mc\u0131 olacak \u00f6nemli bir ad\u0131m\u00a0olacak. YEO\u00a0olarak, <strong>ye\u015fil enerjide<\/strong> 2030 y\u0131l\u0131na kadar <strong>1 GW kapasite hedefiyle<\/strong>, d\u00fcnyan\u0131n farkl\u0131 co\u011frafyalar\u0131nda\u00a0ofislerimiz ve projelerimizle b\u00fcy\u00fcyece\u011fiz. <strong>Dekarbonizasyon, desantralizasyon<\/strong> ve <strong>dijitalizasyon<\/strong> odakl\u0131 \u00e7al\u0131\u015fmalar\u0131m\u0131zla\u00a0<strong>yenilenebilir enerji<\/strong> ve <strong>dijital d\u00f6n\u00fc\u015f\u00fcm<\/strong> alanlar\u0131nda kapsaml\u0131 \u00e7\u00f6z\u00fcmler\u00a0sunmay\u0131 s\u00fcrd\u00fcrece\u011fiz. Daha ya\u015fanabilir bir d\u00fcnya i\u00e7in <strong>\u2018Bizce m\u00fcmk\u00fcn\u2019<\/strong> diyerek yolumuza devam ediyoruz.\u201d<\/em><\/p>\n<p>YEO, koydu\u011fu hedeflere istikrarl\u0131 bir \u015fekilde ilerlerken, d\u00fcnya \u00e7ap\u0131nda farkl\u0131 lokasyonlarda bulunan ofisleri ve uluslararas\u0131 i\u015f yapma yetene\u011fi ile dikkat \u00e7ekiyor. S\u00f6z konusu projeyle birlikte YEO, finansman\u0131n\u0131 Avrupa kaynaklar\u0131ndan sa\u011flayarak hem uluslararas\u0131 bir oyuncu olma yolunda ilerledi hem de yat\u0131r\u0131mc\u0131 kimli\u011fini daha da g\u00fc\u00e7lendirdi.<\/p>\n<p>YEO Teknoloji, \u00f6zellikle yenilenebilir enerji alan\u0131nda EPC olarak konumlanarak u\u00e7tan uca \u00e7\u00f6z\u00fcmlerle anahtar teslim kurulum hizmeti veriyor. Olu\u015fturdu\u011fu aktif global i\u015f geli\u015ftirme a\u011f\u0131n\u0131n yan\u0131 s\u0131ra, finansal alanda yapt\u0131\u011f\u0131 i\u015f birlikleriyle de <strong>yenilenebilir enerji alan\u0131ndaki<\/strong> yat\u0131r\u0131mc\u0131lara; <strong>finans, proje, lisans, m\u00fchendislik, in\u015faat, sat\u0131n alma, denetim<\/strong> gibi konularda kal\u0131c\u0131 \u00e7\u00f6z\u00fcmler \u00fcretiyor.<\/p>","protected":false},"excerpt":{"rendered":"<p>Sorry, this entry is only available in Turkish. For the sake of viewer convenience, the content is shown below in the alternative language. You may click the link to switch the active language. Yenilenebilir enerji projeleriyle farkl\u0131 k\u0131talarda ad\u0131ndan s\u00f6z ettiren YEO Teknoloji, Avrupa\u2019daki i\u015ftiraki Defic Globe ile b\u00fcy\u00fcmeye devam ediyor. Bu y\u0131l\u0131n ba\u015f\u0131nda \u00e7al\u0131\u015fmalar\u0131na [&hellip;]<\/p>\n","protected":false},"author":1,"featured_media":179784,"comment_status":"open","ping_status":"open","sticky":false,"template":"","format":"standard","meta":[],"categories":[53,49],"tags":[110876,99002,431,6665,96708],"views":86,"_links":{"self":[{"href":"https:\/\/www.enerjigazetesi.ist\/en\/wp-json\/wp\/v2\/posts\/179782"}],"collection":[{"href":"https:\/\/www.enerjigazetesi.ist\/en\/wp-json\/wp\/v2\/posts"}],"about":[{"href":"https:\/\/www.enerjigazetesi.ist\/en\/wp-json\/wp\/v2\/types\/post"}],"author":[{"embeddable":true,"href":"https:\/\/www.enerjigazetesi.ist\/en\/wp-json\/wp\/v2\/users\/1"}],"replies":[{"embeddable":true,"href":"https:\/\/www.enerjigazetesi.ist\/en\/wp-json\/wp\/v2\/comments?post=179782"}],"version-history":[{"count":0,"href":"https:\/\/www.enerjigazetesi.ist\/en\/wp-json\/wp\/v2\/posts\/179782\/revisions"}],"wp:featuredmedia":[{"embeddable":true,"href":"https:\/\/www.enerjigazetesi.ist\/en\/wp-json\/wp\/v2\/media\/179784"}],"wp:attachment":[{"href":"https:\/\/www.enerjigazetesi.ist\/en\/wp-json\/wp\/v2\/media?parent=179782"}],"wp:term":[{"taxonomy":"category","embeddable":true,"href":"https:\/\/www.enerjigazetesi.ist\/en\/wp-json\/wp\/v2\/categories?post=179782"},{"taxonomy":"post_tag","embeddable":true,"href":"https:\/\/www.enerjigazetesi.ist\/en\/wp-json\/wp\/v2\/tags?post=179782"}],"curies":[{"name":"wp","href":"https:\/\/api.w.org\/{rel}","templated":true}]}}