{"id":179770,"date":"2023-10-05T17:12:50","date_gmt":"2023-10-05T14:12:50","guid":{"rendered":"https:\/\/www.enerjigazetesi.ist\/?p=179770"},"modified":"2023-10-05T17:13:46","modified_gmt":"2023-10-05T14:13:46","slug":"sabanci-holding-yenilenebilir-enerji-portfoyunu-buyutmeyi-surduruyor","status":"publish","type":"post","link":"https:\/\/www.enerjigazetesi.ist\/en\/sabanci-holding-yenilenebilir-enerji-portfoyunu-buyutmeyi-surduruyor\/","title":{"rendered":"(Turkish) &#8217;Sabanc\u0131 Holding&#8217; Yenilenebilir Enerji Portf\u00f6y\u00fcn\u00fc B\u00fcy\u00fct\u00fcyor"},"content":{"rendered":"<p class=\"qtranxs-available-languages-message qtranxs-available-languages-message-en\">Sorry, this entry is only available in <a href=\"https:\/\/www.enerjigazetesi.ist\/tr\/wp-json\/wp\/v2\/posts\/179770\" class=\"qtranxs-available-language-link qtranxs-available-language-link-tr\" title=\"Turkish\">Turkish<\/a>. For the sake of viewer convenience, the content is shown below in the alternative language. You may click the link to switch the active language.<\/p><p><\/p>\n<h2>Sabanc\u0131 Toplulu\u011fu, \u00f6ncelikli b\u00fcy\u00fcme alan\u0131 olarak g\u00f6rd\u00fc\u011f\u00fc s\u00fcrd\u00fcr\u00fclebilir enerji ve iklim teknolojilerindeki yat\u0131r\u0131mlar\u0131na devam ediyor. Enerjisa \u00dcretim taraf\u0131ndan ger\u00e7ekle\u015ftirilen r\u00fczg\u00e2r ve g\u00fcne\u015f enerjisi yat\u0131r\u0131mlar\u0131yla, T\u00fcrkiye\u2019deki kurulu g\u00fcc\u00fcn\u00fc 5.000 MW\u2019\u0131n \u00fczerine \u00e7\u0131karmak i\u00e7in \u00e7al\u0131\u015fmalar\u0131na devam eden Sabanc\u0131 Toplulu\u011fu, yenilenebilir enerji alan\u0131ndaki tecr\u00fcbesini uluslararas\u0131 pazarlara ta\u015f\u0131yacak \u00f6nemli bir yat\u0131r\u0131ma daha imza att\u0131.<\/h2>\n<p>Bu kapsamda, Sabanc\u0131 Holding\u2019in y\u00fczde 100 i\u015ftiraki Sabanc\u0131 \u0130klim Teknolojileri A.\u015e. \u00e7at\u0131s\u0131 alt\u0131nda faaliyet g\u00f6steren ABD merkezli <strong>Sabanc\u0131 Renewables Inc.,<\/strong> ABD merkezli <strong>Oriana Solar LLC<\/strong> \u015firketinin y\u00fczde 100 hissesini sat\u0131n ald\u0131. Oriana Solar LLC, Teksas eyaletinde<strong> 232 MW<\/strong>&#8216;l\u0131k <strong>g\u00fcne\u015f enerjisi santrali<\/strong> ve <strong>60 MW<\/strong>\u2019l\u0131k<strong> enerji depolama tesisi lisans\u0131n\u0131<\/strong> elinde bulunduruyor.<\/p>\n<h3>ABD\u2019DEK\u0130 KURULU G\u00dcC\u00dc 500 MW\u2019I A\u015eMI\u015e OLACAK<\/h3>\n<p>S\u00f6z konusu santral yat\u0131r\u0131m\u0131 i\u00e7in <strong>m\u00fchendislik, sat\u0131n alma ve in\u015faat s\u00f6zle\u015fmesinin (EPC)<\/strong> en k\u0131sa zamanda imzalanmas\u0131; proje yat\u0131r\u0131m\u0131n\u0131n da 2023 y\u0131l\u0131 i\u00e7erisinde ba\u015flayarak 2025 y\u0131l\u0131 ikinci \u00e7eyre\u011finde devreye al\u0131nmas\u0131 planlan\u0131yor.<\/p>\n<p>Yap\u0131lacak g\u00fcne\u015f enerjisi santrali, Sabanc\u0131 Toplulu\u011fu\u2019nun <strong>ABD\u2019de<\/strong> hayata ge\u00e7irece\u011fi ikinci yenilenebilir enerji yat\u0131r\u0131m\u0131 olacak. Sabanc\u0131 Toplulu\u011fu\u2019nun ge\u00e7ti\u011fimiz y\u0131l a\u00e7\u0131klad\u0131\u011f\u0131 ve <strong>Teksas\u2019ta<\/strong> in\u015faat \u00e7al\u0131\u015fmalar\u0131na devam etti\u011fi, <strong>272 MW<\/strong>\u2019l\u0131k <strong>Cutlass II g\u00fcne\u015f enerjisi santralinin<\/strong> ise 2024 y\u0131l\u0131n\u0131n ikinci \u00e7eyre\u011finde devreye al\u0131nmas\u0131 \u00f6ng\u00f6r\u00fcl\u00fcyor. Bu iki yat\u0131r\u0131mla birlikte Sabanc\u0131 Toplulu\u011fu\u2019nun <strong>ABD\u2019deki yenilenebilir enerji portf\u00f6y\u00fc<\/strong> de <strong>500 MW<\/strong>\u2019\u0131 a\u015fm\u0131\u015f olacak. K\u0131sa bir s\u00fcre i\u00e7erisinde de bu kapasitenin iki kat\u0131na \u00e7\u0131kar\u0131lmas\u0131 hedefleniyor.<\/p>\n<h3>\u201cT\u00dcRK\u0130YE \u0130LE D\u00dcNYA ARASINDA K\u00d6PR\u00dc OLMAYA DEVAM ED\u0130YORUZ\u201d<\/h3>\n<p>Konuyla ilgili de\u011ferlendirmelerde bulunan <strong>Sabanc\u0131 Holding Enerji Grup Ba\u015fkan\u0131 K\u0131van\u00e7 Zaimler<\/strong> <em>\u201cSabanc\u0131 Toplulu\u011fu olarak T\u00fcrkiye ile d\u00fcnya aras\u0131nda k\u00f6pr\u00fc g\u00f6revi g\u00f6rmeye devam <img loading=\"lazy\" class=\"alignright wp-image-179774\" src=\"https:\/\/www.enerjigazetesi.ist\/wp-content\/uploads\/2023\/10\/sabanci-holding-yenilenebilir-enerji-portfoyunu-buyutmeyi-surduruyor.jpg\" alt=\"\" width=\"320\" height=\"214\" srcset=\"https:\/\/www.enerjigazetesi.ist\/wp-content\/uploads\/2023\/10\/sabanci-holding-yenilenebilir-enerji-portfoyunu-buyutmeyi-surduruyor.jpg 550w, https:\/\/www.enerjigazetesi.ist\/wp-content\/uploads\/2023\/10\/sabanci-holding-yenilenebilir-enerji-portfoyunu-buyutmeyi-surduruyor-300x200.jpg 300w, https:\/\/www.enerjigazetesi.ist\/wp-content\/uploads\/2023\/10\/sabanci-holding-yenilenebilir-enerji-portfoyunu-buyutmeyi-surduruyor-500x334.jpg 500w, https:\/\/www.enerjigazetesi.ist\/wp-content\/uploads\/2023\/10\/sabanci-holding-yenilenebilir-enerji-portfoyunu-buyutmeyi-surduruyor-75x50.jpg 75w, https:\/\/www.enerjigazetesi.ist\/wp-content\/uploads\/2023\/10\/sabanci-holding-yenilenebilir-enerji-portfoyunu-buyutmeyi-surduruyor-450x300.jpg 450w\" sizes=\"(max-width: 320px) 100vw, 320px\" \/>ediyoruz. Yenilenebilir ba\u015fta olmak \u00fczere, enerji alan\u0131nda ger\u00e7ekle\u015ftirdi\u011fimiz yat\u0131r\u0131mlarla, T\u00fcrkiye\u2019de \u00f6zel sekt\u00f6re \u00f6nc\u00fcl\u00fck etmeyi s\u00fcrd\u00fcr\u00fcyoruz. Enerjisa \u00dcretim \u015firketimiz arac\u0131l\u0131\u011f\u0131yla bir yandan toplam <strong>1.000 MW<\/strong> b\u00fcy\u00fckl\u00fc\u011f\u00fcndeki <strong>r\u00fczg\u00e2r enerjisi santrallerimizi<\/strong> kademeli olarak devreye almaya haz\u0131rlan\u0131rken, bir yandan da mevcut santrallerimizde planlad\u0131\u011f\u0131m\u0131z kapasite art\u0131r\u0131mlar\u0131yla, <strong>T\u00fcrkiye\u2019deki<\/strong> kurulu g\u00fcc\u00fcm\u00fcz\u00fc <strong>5.000 MW<\/strong>\u2019\u0131n \u00fczerine \u00e7\u0131karmak i\u00e7in \u00e7al\u0131\u015fmalar\u0131m\u0131za kararl\u0131l\u0131kla devam ediyoruz.<\/em><\/p>\n<p><em>T\u00fcm bunlar\u0131n \u0131\u015f\u0131\u011f\u0131nda, \u00f6n\u00fcm\u00fczdeki 5 y\u0131ll\u0131k d\u00f6nemde T\u00fcrkiye\u2019de hayata ge\u00e7irilecek her \u00fc\u00e7 <strong>r\u00fczg\u00e2r<\/strong> ve <strong>g\u00fcne\u015f santralinden<\/strong> biri <strong>Sabanc\u0131 Toplulu\u011fu<\/strong> imzas\u0131 ta\u015f\u0131yacak. Bununla birlikte, enerji ve iklim teknolojilerindeki b\u00fcy\u00fcme stratejimizin bir di\u011fer aya\u011f\u0131 da yurt d\u0131\u015f\u0131ndaki rekabet\u00e7i pazarlarda yenilenebilir enerji portf\u00f6y\u00fcm\u00fcz\u00fc b\u00fcy\u00fctmek. Bu do\u011frultuda <strong>ABD<\/strong>\u2019deki <strong>ilk g\u00fcne\u015f enerjisi yat\u0131r\u0131m\u0131m\u0131z\u0131<\/strong> ge\u00e7ti\u011fimiz y\u0131l a\u00e7\u0131klam\u0131\u015ft\u0131k. <strong>272 MW\u2019l\u0131k Cutlass II santralimizin<\/strong> in\u015faat s\u00fcre\u00e7lerine devam ederken, imzalar\u0131n\u0131 att\u0131\u011f\u0131m\u0131z <strong>Oriana Solar LLC<\/strong> ile de b\u00f6lgedeki varl\u0131\u011f\u0131m\u0131z\u0131 daha da g\u00fc\u00e7lendirece\u011fiz. \u00d6te yandan, ABD\u2019deki yat\u0131r\u0131mlar\u0131m\u0131z sadece \u00fcretimle s\u0131n\u0131rl\u0131 de\u011fil. Stratejik y\u00f6n\u00fcm\u00fcz\u00fc, \u2018geleneksel\u2019 teknolojilerden \u2018y\u0131k\u0131c\u0131\u2019 teknolojilere do\u011fru \u00e7evirirken, devrim niteli\u011findeki fikirlere ger\u00e7ekle\u015ftirdi\u011fimiz erken a\u015fama yat\u0131r\u0131mlarla d\u00fcnyadaki enerji ge\u00e7i\u015fine \u00f6nc\u00fcl\u00fck etmeyi hedefliyoruz. Bu kapsamda <strong>ABD merkezli<\/strong> toplam <strong>4 farkl\u0131 fon ve start-up\u2019a<\/strong> yat\u0131r\u0131m yapt\u0131k. Bu y\u0131k\u0131c\u0131 teknolojilerin geli\u015ftiricileri aras\u0131nda yer alarak, edindi\u011fimiz bilgi birikimi ve tecr\u00fcbeyi T\u00fcrkiye enerji sekt\u00f6r\u00fcn\u00fcn kullan\u0131m\u0131na sunmak en b\u00fcy\u00fck hedefimiz\u201d<\/em> dedi.<\/p>","protected":false},"excerpt":{"rendered":"<p>Sorry, this entry is only available in Turkish. For the sake of viewer convenience, the content is shown below in the alternative language. You may click the link to switch the active language. Sabanc\u0131 Toplulu\u011fu, \u00f6ncelikli b\u00fcy\u00fcme alan\u0131 olarak g\u00f6rd\u00fc\u011f\u00fc s\u00fcrd\u00fcr\u00fclebilir enerji ve iklim teknolojilerindeki yat\u0131r\u0131mlar\u0131na devam ediyor. Enerjisa \u00dcretim taraf\u0131ndan ger\u00e7ekle\u015ftirilen r\u00fczg\u00e2r ve g\u00fcne\u015f [&hellip;]<\/p>\n","protected":false},"author":1,"featured_media":179774,"comment_status":"open","ping_status":"open","sticky":false,"template":"","format":"standard","meta":[],"categories":[53,49,50],"tags":[35365,431,110875,430,46060,1048,50959],"views":61,"_links":{"self":[{"href":"https:\/\/www.enerjigazetesi.ist\/en\/wp-json\/wp\/v2\/posts\/179770"}],"collection":[{"href":"https:\/\/www.enerjigazetesi.ist\/en\/wp-json\/wp\/v2\/posts"}],"about":[{"href":"https:\/\/www.enerjigazetesi.ist\/en\/wp-json\/wp\/v2\/types\/post"}],"author":[{"embeddable":true,"href":"https:\/\/www.enerjigazetesi.ist\/en\/wp-json\/wp\/v2\/users\/1"}],"replies":[{"embeddable":true,"href":"https:\/\/www.enerjigazetesi.ist\/en\/wp-json\/wp\/v2\/comments?post=179770"}],"version-history":[{"count":0,"href":"https:\/\/www.enerjigazetesi.ist\/en\/wp-json\/wp\/v2\/posts\/179770\/revisions"}],"wp:featuredmedia":[{"embeddable":true,"href":"https:\/\/www.enerjigazetesi.ist\/en\/wp-json\/wp\/v2\/media\/179774"}],"wp:attachment":[{"href":"https:\/\/www.enerjigazetesi.ist\/en\/wp-json\/wp\/v2\/media?parent=179770"}],"wp:term":[{"taxonomy":"category","embeddable":true,"href":"https:\/\/www.enerjigazetesi.ist\/en\/wp-json\/wp\/v2\/categories?post=179770"},{"taxonomy":"post_tag","embeddable":true,"href":"https:\/\/www.enerjigazetesi.ist\/en\/wp-json\/wp\/v2\/tags?post=179770"}],"curies":[{"name":"wp","href":"https:\/\/api.w.org\/{rel}","templated":true}]}}