{"id":179738,"date":"2023-09-29T18:23:32","date_gmt":"2023-09-29T15:23:32","guid":{"rendered":"https:\/\/www.enerjigazetesi.ist\/?p=179738"},"modified":"2023-09-29T18:23:55","modified_gmt":"2023-09-29T15:23:55","slug":"son-10-yilda-gunes-enerjisi-maliyeti-yuzde-87-oraninda-azaldi","status":"publish","type":"post","link":"https:\/\/www.enerjigazetesi.ist\/en\/son-10-yilda-gunes-enerjisi-maliyeti-yuzde-87-oraninda-azaldi\/","title":{"rendered":"(Turkish) &#8221;Son 10 Y\u0131lda G\u00fcne\u015f Enerjisi Maliyeti % 87 Oran\u0131nda Azald\u0131&#8221;"},"content":{"rendered":"<p class=\"qtranxs-available-languages-message qtranxs-available-languages-message-en\">Sorry, this entry is only available in <a href=\"https:\/\/www.enerjigazetesi.ist\/tr\/wp-json\/wp\/v2\/posts\/179738\" class=\"qtranxs-available-language-link qtranxs-available-language-link-tr\" title=\"Turkish\">Turkish<\/a>. For the sake of viewer convenience, the content is shown below in the alternative language. You may click the link to switch the active language.<\/p><p><\/p>\n<h2><strong>Berlin merkezli bilimsel d\u00fc\u015f\u00fcnce kurulu\u015fu Mercator Research Institute on Global Commons and Climate Change (MCC), yay\u0131nlad\u0131\u011f\u0131 yeni bir \u00e7al\u0131\u015fma ile g\u00fcne\u015f enerjisi ve batarya depolama maliyetlerindeki dikkat \u00e7ekici d\u00fc\u015f\u00fc\u015f\u00fc a\u00e7\u0131klad\u0131. Ara\u015ft\u0131rma, son on y\u0131lda g\u00fcne\u015f enerjisi maliyetinin y\u00fczde 87 ve batarya depolama maliyetinin y\u00fczde 85 oran\u0131nda azald\u0131\u011f\u0131n\u0131 g\u00f6steriyor.<\/strong><\/h2>\n<p>\u00c7al\u0131\u015fma, temiz enerji teknolojilerindeki bu b\u00fcy\u00fck fiyat d\u00fc\u015f\u00fc\u015f\u00fcn\u00fcn, fosil yak\u0131tlar\u0131n ve biyok\u00fctlenin kullan\u0131m\u0131na ra\u011fmen, temiz enerjinin enerji sekt\u00f6r\u00fcn\u00fc k\u00f6kten de\u011fi\u015ftirece\u011fini vurguluyor. Ara\u015ft\u0131rmac\u0131lar <img loading=\"lazy\" class=\"alignright wp-image-179740\" src=\"https:\/\/www.enerjigazetesi.ist\/wp-content\/uploads\/2023\/09\/son-10-yilda-gunes-enerjisi-maliyeti-yuzde-87-oraninda-azaldi.jpg\" alt=\"\" width=\"320\" height=\"241\" srcset=\"https:\/\/www.enerjigazetesi.ist\/wp-content\/uploads\/2023\/09\/son-10-yilda-gunes-enerjisi-maliyeti-yuzde-87-oraninda-azaldi.jpg 550w, https:\/\/www.enerjigazetesi.ist\/wp-content\/uploads\/2023\/09\/son-10-yilda-gunes-enerjisi-maliyeti-yuzde-87-oraninda-azaldi-300x226.jpg 300w, https:\/\/www.enerjigazetesi.ist\/wp-content\/uploads\/2023\/09\/son-10-yilda-gunes-enerjisi-maliyeti-yuzde-87-oraninda-azaldi-500x376.jpg 500w, https:\/\/www.enerjigazetesi.ist\/wp-content\/uploads\/2023\/09\/son-10-yilda-gunes-enerjisi-maliyeti-yuzde-87-oraninda-azaldi-66x50.jpg 66w\" sizes=\"(max-width: 320px) 100vw, 320px\" \/>ayr\u0131ca <strong>r\u00fczgar enerjisi, \u0131s\u0131 pompalar\u0131 ve di\u011fer temiz teknolojilerin de fiyatlar\u0131nda keskin d\u00fc\u015f\u00fc\u015fler ya\u015fand\u0131\u011f\u0131n\u0131<\/strong> belirtiyor. G\u00fcne\u015f enerjisi ve batarya depolama teknolojilerindeki bu d\u00fc\u015f\u00fc\u015f\u00fcn arkas\u0131nda, <strong>s\u00fcrekli teknolojik geli\u015fmelerin<\/strong> yatt\u0131\u011f\u0131n\u0131 belirten MCC\u2019den ba\u015f yazar <strong>Felix Creutzig<\/strong>, bu geli\u015fmelerin <strong>temiz enerji \u00fcretimini<\/strong> daha <strong>ak\u0131ll\u0131<\/strong> ve <strong>verimli hale<\/strong> getirdi\u011fini a\u00e7\u0131klad\u0131.<\/p>\n<h3><strong>ELEKTR\u0130K F\u0130YATLARI DA D\u00dc\u015eT\u00dc<\/strong><\/h3>\n<p>\u00c7al\u0131\u015fma, <strong>temiz enerjinin kullan\u0131lmaya ba\u015fland\u0131\u011f\u0131nda<\/strong> <strong>elektrik fiyatlar\u0131n\u0131n d\u00fc\u015ft\u00fc\u011f\u00fcn\u00fc<\/strong> g\u00f6steriyor. Bu, k\u00fcresel \u0131s\u0131nmay\u0131 kontrol alt\u0131na alma \u00e7abalar\u0131na paralel olarak hem<strong> \u00f6zel<\/strong> hem de <strong>kamu finansman\u0131<\/strong> ve <strong>h\u00fck\u00fcmet politikalar\u0131 deste\u011fi<\/strong> ile te\u015fvik edilen <strong>g\u00fcne\u015f enerjisi bile\u015fenleri<\/strong> ve <strong>batarya depolaman\u0131n \u00fcretiminin<\/strong> artmas\u0131na neden oluyor. Ara\u015ft\u0131rmac\u0131lar, batarya depolaman\u0131n maliyetinin \u00f6zellikle h\u0131zla d\u00fc\u015ft\u00fc\u011f\u00fcne dikkat \u00e7ekiyorlar. Batarya depolama i\u00e7in fiyatlar\u0131n gelecekte de d\u00fc\u015fmeye devam edece\u011fini \u00f6ng\u00f6ren ara\u015ft\u0131rmada, <strong>g\u00fcne\u015f enerjisinin<\/strong> \u00f6n\u00fcm\u00fczdeki y\u0131llarda h\u0131zla artarak, d\u00fcnya genelinde <strong>63.000 terawatt saat<\/strong> \u00fcretimin m\u00fcmk\u00fcn olabilece\u011fi tahmin ediliyor.<\/p>\n<p>Kaynak: Cumhuriyet<\/p>","protected":false},"excerpt":{"rendered":"<p>Sorry, this entry is only available in Turkish. For the sake of viewer convenience, the content is shown below in the alternative language. You may click the link to switch the active language. Berlin merkezli bilimsel d\u00fc\u015f\u00fcnce kurulu\u015fu Mercator Research Institute on Global Commons and Climate Change (MCC), yay\u0131nlad\u0131\u011f\u0131 yeni bir \u00e7al\u0131\u015fma ile g\u00fcne\u015f enerjisi [&hellip;]<\/p>\n","protected":false},"author":1,"featured_media":179740,"comment_status":"open","ping_status":"open","sticky":false,"template":"","format":"standard","meta":[],"categories":[51,53,49],"tags":[110870,30411,42897,842],"views":57,"_links":{"self":[{"href":"https:\/\/www.enerjigazetesi.ist\/en\/wp-json\/wp\/v2\/posts\/179738"}],"collection":[{"href":"https:\/\/www.enerjigazetesi.ist\/en\/wp-json\/wp\/v2\/posts"}],"about":[{"href":"https:\/\/www.enerjigazetesi.ist\/en\/wp-json\/wp\/v2\/types\/post"}],"author":[{"embeddable":true,"href":"https:\/\/www.enerjigazetesi.ist\/en\/wp-json\/wp\/v2\/users\/1"}],"replies":[{"embeddable":true,"href":"https:\/\/www.enerjigazetesi.ist\/en\/wp-json\/wp\/v2\/comments?post=179738"}],"version-history":[{"count":0,"href":"https:\/\/www.enerjigazetesi.ist\/en\/wp-json\/wp\/v2\/posts\/179738\/revisions"}],"wp:featuredmedia":[{"embeddable":true,"href":"https:\/\/www.enerjigazetesi.ist\/en\/wp-json\/wp\/v2\/media\/179740"}],"wp:attachment":[{"href":"https:\/\/www.enerjigazetesi.ist\/en\/wp-json\/wp\/v2\/media?parent=179738"}],"wp:term":[{"taxonomy":"category","embeddable":true,"href":"https:\/\/www.enerjigazetesi.ist\/en\/wp-json\/wp\/v2\/categories?post=179738"},{"taxonomy":"post_tag","embeddable":true,"href":"https:\/\/www.enerjigazetesi.ist\/en\/wp-json\/wp\/v2\/tags?post=179738"}],"curies":[{"name":"wp","href":"https:\/\/api.w.org\/{rel}","templated":true}]}}