{"id":179733,"date":"2023-09-29T18:05:04","date_gmt":"2023-09-29T15:05:04","guid":{"rendered":"https:\/\/www.enerjigazetesi.ist\/?p=179733"},"modified":"2023-09-29T18:10:22","modified_gmt":"2023-09-29T15:10:22","slug":"azami-uzlastirma-fiyati-mekanizmasi-yeni-donemde-uygulanmayacak","status":"publish","type":"post","link":"https:\/\/www.enerjigazetesi.ist\/en\/azami-uzlastirma-fiyati-mekanizmasi-yeni-donemde-uygulanmayacak\/","title":{"rendered":"(Turkish) Azami Uzla\u015ft\u0131rma Fiyat\u0131 Mekanizmas\u0131 Yeni D\u00f6nemde Uygulanmayacak"},"content":{"rendered":"<p class=\"qtranxs-available-languages-message qtranxs-available-languages-message-en\">Sorry, this entry is only available in <a href=\"https:\/\/www.enerjigazetesi.ist\/tr\/wp-json\/wp\/v2\/posts\/179733\" class=\"qtranxs-available-language-link qtranxs-available-language-link-tr\" title=\"Turkish\">Turkish<\/a>. For the sake of viewer convenience, the content is shown below in the alternative language. You may click the link to switch the active language.<\/p><p><\/p>\n<h2><strong>Elektrikte daha \u00f6nce 1 Ekim\u2019e kadar uygulamas\u0131 uzat\u0131lan azami uzla\u015ft\u0131rma fiyat\u0131 mekanizmas\u0131n\u0131n bu tarihten itibaren uygulanmayaca\u011f\u0131 belirtildi.<\/strong><\/h2>\n<p>Elektrik fiyatlamas\u0131nda <strong>kritik mekanizman\u0131n<\/strong> yeni d\u00f6nemde uygulanmayaca\u011f\u0131 ifade edildi. Bloomberg HT\u2019ye konu\u015fan sekt\u00f6r kaynaklar\u0131 <strong>elektrikte azami uzla\u015ft\u0131rma fiyat\u0131 uygulamas\u0131<\/strong>n\u0131n<strong> 1 Ekim\u2019den<\/strong> sonra <img loading=\"lazy\" class=\"alignright wp-image-179735\" src=\"https:\/\/www.enerjigazetesi.ist\/wp-content\/uploads\/2023\/09\/azami-uzlastirma-fiyati-mekanizmasi-yeni-donemde-uygulanmayacak.jpg\" alt=\"\" width=\"320\" height=\"227\" srcset=\"https:\/\/www.enerjigazetesi.ist\/wp-content\/uploads\/2023\/09\/azami-uzlastirma-fiyati-mekanizmasi-yeni-donemde-uygulanmayacak.jpg 550w, https:\/\/www.enerjigazetesi.ist\/wp-content\/uploads\/2023\/09\/azami-uzlastirma-fiyati-mekanizmasi-yeni-donemde-uygulanmayacak-300x213.jpg 300w, https:\/\/www.enerjigazetesi.ist\/wp-content\/uploads\/2023\/09\/azami-uzlastirma-fiyati-mekanizmasi-yeni-donemde-uygulanmayacak-500x355.jpg 500w, https:\/\/www.enerjigazetesi.ist\/wp-content\/uploads\/2023\/09\/azami-uzlastirma-fiyati-mekanizmasi-yeni-donemde-uygulanmayacak-71x50.jpg 71w\" sizes=\"(max-width: 320px) 100vw, 320px\" \/>uygulanmayaca\u011f\u0131n\u0131 belirtti. Bu uygulama son olarak <strong>Mart ay\u0131n\u0131n sonunda 6 ayl\u0131\u011f\u0131na<\/strong> uzat\u0131lm\u0131\u015ft\u0131.<\/p>\n<p>EPDK taraf\u0131ndan belirlenmi\u015f olan <strong>azami uzla\u015ft\u0131rma fiyatlar\u0131;<\/strong> maliyetlerde olu\u015fan <strong>y\u00fckseli\u015f<\/strong> ve <strong>d\u00fc\u015f\u00fc\u015fler<\/strong> takip edilerek g\u00fcncelleniyor. Serbest piyasada olu\u015fan bedeller ile <strong>azami uzla\u015ft\u0131rma fiyatlar\u0131<\/strong> aras\u0131ndaki fark<strong> \u2018destekleme bedeli\u2019<\/strong> olarak bir havuzda toplan\u0131yor.<\/p>\n<p>Bu havuzda olu\u015fan gelir, t\u00fcketicilerin <strong>elektrik t\u00fcketimleri<\/strong> i\u00e7in kullan\u0131larak<strong> piyasada olu\u015fan fiyat art\u0131\u015flar\u0131na ili\u015fkin<\/strong> tasarrufta bulunuluyor. S\u00f6z konusu karar\u0131 Bloomberg HT\u2019ye de\u011ferlendiren sekt\u00f6r kaynaklar\u0131, <strong>azami uzla\u015ft\u0131rma fiyat\u0131 uygulamas\u0131n\u0131n<\/strong> sona ermesiyle <strong>elektrikte maliyetin fiyatlara yans\u0131yabilece\u011fini<\/strong> ifade etti. Kaynaklar fiyatlar\u0131n <strong>arz<\/strong> ve<strong> talebe<\/strong> g\u00f6re belirlenece\u011fi bir ortam olu\u015faca\u011f\u0131n\u0131 belirtti.<\/p>\n<p>Kaynak: BloombergHT<\/p>","protected":false},"excerpt":{"rendered":"<p>Sorry, this entry is only available in Turkish. For the sake of viewer convenience, the content is shown below in the alternative language. You may click the link to switch the active language. Elektrikte daha \u00f6nce 1 Ekim\u2019e kadar uygulamas\u0131 uzat\u0131lan azami uzla\u015ft\u0131rma fiyat\u0131 mekanizmas\u0131n\u0131n bu tarihten itibaren uygulanmayaca\u011f\u0131 belirtildi. Elektrik fiyatlamas\u0131nda kritik mekanizman\u0131n yeni [&hellip;]<\/p>\n","protected":false},"author":1,"featured_media":179735,"comment_status":"open","ping_status":"open","sticky":false,"template":"","format":"standard","meta":[],"categories":[51,53],"tags":[110869,2873],"views":95,"_links":{"self":[{"href":"https:\/\/www.enerjigazetesi.ist\/en\/wp-json\/wp\/v2\/posts\/179733"}],"collection":[{"href":"https:\/\/www.enerjigazetesi.ist\/en\/wp-json\/wp\/v2\/posts"}],"about":[{"href":"https:\/\/www.enerjigazetesi.ist\/en\/wp-json\/wp\/v2\/types\/post"}],"author":[{"embeddable":true,"href":"https:\/\/www.enerjigazetesi.ist\/en\/wp-json\/wp\/v2\/users\/1"}],"replies":[{"embeddable":true,"href":"https:\/\/www.enerjigazetesi.ist\/en\/wp-json\/wp\/v2\/comments?post=179733"}],"version-history":[{"count":0,"href":"https:\/\/www.enerjigazetesi.ist\/en\/wp-json\/wp\/v2\/posts\/179733\/revisions"}],"wp:featuredmedia":[{"embeddable":true,"href":"https:\/\/www.enerjigazetesi.ist\/en\/wp-json\/wp\/v2\/media\/179735"}],"wp:attachment":[{"href":"https:\/\/www.enerjigazetesi.ist\/en\/wp-json\/wp\/v2\/media?parent=179733"}],"wp:term":[{"taxonomy":"category","embeddable":true,"href":"https:\/\/www.enerjigazetesi.ist\/en\/wp-json\/wp\/v2\/categories?post=179733"},{"taxonomy":"post_tag","embeddable":true,"href":"https:\/\/www.enerjigazetesi.ist\/en\/wp-json\/wp\/v2\/tags?post=179733"}],"curies":[{"name":"wp","href":"https:\/\/api.w.org\/{rel}","templated":true}]}}