{"id":179712,"date":"2023-09-28T20:07:57","date_gmt":"2023-09-28T17:07:57","guid":{"rendered":"https:\/\/www.enerjigazetesi.ist\/?p=179712"},"modified":"2023-09-28T20:07:57","modified_gmt":"2023-09-28T17:07:57","slug":"enerjisa-enerji-ye-kurumsal-sosyal-sorumluluk-alaninda-uluslararasi-iki-odul","status":"publish","type":"post","link":"https:\/\/www.enerjigazetesi.ist\/en\/enerjisa-enerji-ye-kurumsal-sosyal-sorumluluk-alaninda-uluslararasi-iki-odul\/","title":{"rendered":"(Turkish) &#8217;Enerjisa Enerji\u2019ye Kurumsal Sosyal Sorumluluk Alan\u0131nda Uluslararas\u0131 \u0130ki \u00d6d\u00fcl"},"content":{"rendered":"<p class=\"qtranxs-available-languages-message qtranxs-available-languages-message-en\">Sorry, this entry is only available in <a href=\"https:\/\/www.enerjigazetesi.ist\/tr\/wp-json\/wp\/v2\/posts\/179712\" class=\"qtranxs-available-language-link qtranxs-available-language-link-tr\" title=\"Turkish\">Turkish<\/a>. For the sake of viewer convenience, the content is shown below in the alternative language. You may click the link to switch the active language.<\/p><p><\/p>\n<h2><strong>Etki odakl\u0131 bir s\u00fcrd\u00fcr\u00fclebilirlik yakla\u015f\u0131m\u0131 ile T\u00fcrkiye\u2019nin enerji d\u00f6n\u00fc\u015f\u00fcm\u00fcne \u00f6nc\u00fcl\u00fck eden elektrik da\u011f\u0131t\u0131m, perakende sat\u0131\u015f ve m\u00fc\u015fteri \u00e7\u00f6z\u00fcmleri sekt\u00f6r\u00fcnde T\u00fcrkiye&#8217;nin lider \u015firketi Enerjisa Enerji, her y\u0131l uluslararas\u0131 platformda yarat\u0131c\u0131 ve ilham verici projelerinin de\u011ferlendirildi\u011fi Muse Creative Awards\u2019dan iki \u00f6d\u00fclle d\u00f6nd\u00fc.<\/strong><\/h2>\n<p>\u0130nsan ve teknolojiyi oda\u011f\u0131na alarak daha ak\u0131ll\u0131 ve ye\u015fil bir d\u00fcnyaya katk\u0131 sunmak i\u00e7in projeler \u00fcreten T\u00fcrkiye\u2019nin lider elektrik da\u011f\u0131t\u0131m, perakende sat\u0131\u015f ve m\u00fc\u015fteri \u00e7\u00f6z\u00fcmleri \u015firketi Enerjisa Enerji, \u00e7e\u015fitli alan ve disiplinlerde <strong>450&#8217;den fazla<\/strong> kategoriyle <strong>MUSE Yarat\u0131c\u0131 \u00d6d\u00fclleri<\/strong>\u2019nde <strong>\u201cKurumsal Sosyal Sorumluluk\u201d<\/strong> dal\u0131nda <strong>23<\/strong> farkl\u0131 \u00fclkeden <strong>3 bin 942 kat\u0131l\u0131mc\u0131n\u0131n<\/strong> ba\u015fvurdu\u011fu <strong>Muse Creative Awards<\/strong>\u2019da<strong> \u2018SENTRUM\u2019<\/strong> ile <strong>\u2018Enerjimi Koruyorum\u2019<\/strong> projeleri <strong>Alt\u0131n<\/strong> ve <strong>G\u00fcm\u00fc\u015f \u00f6d\u00fcllerinin<\/strong> sahibi oldu.<\/p>\n<p>Yarat\u0131c\u0131 tasar\u0131m, reklam ve dijital medya alanlar\u0131nda m\u00fckemmelli\u011fi ve yenili\u011fi \u00f6ne \u00e7\u0131karan, prestijli bir uluslararas\u0131 reklam \u00f6d\u00fclleri platformu Muse Creative, reklamc\u0131l\u0131ktan dijital medyaya, pazarlama <img loading=\"lazy\" class=\"alignright wp-image-179714\" src=\"https:\/\/www.enerjigazetesi.ist\/wp-content\/uploads\/2023\/09\/enerjisa-enerji-ye-kurumsal-sosyal-sorumluluk-alaninda-uluslararasi-iki-odul.jpg\" alt=\"\" width=\"320\" height=\"282\" srcset=\"https:\/\/www.enerjigazetesi.ist\/wp-content\/uploads\/2023\/09\/enerjisa-enerji-ye-kurumsal-sosyal-sorumluluk-alaninda-uluslararasi-iki-odul.jpg 544w, https:\/\/www.enerjigazetesi.ist\/wp-content\/uploads\/2023\/09\/enerjisa-enerji-ye-kurumsal-sosyal-sorumluluk-alaninda-uluslararasi-iki-odul-300x265.jpg 300w, https:\/\/www.enerjigazetesi.ist\/wp-content\/uploads\/2023\/09\/enerjisa-enerji-ye-kurumsal-sosyal-sorumluluk-alaninda-uluslararasi-iki-odul-453x400.jpg 453w, https:\/\/www.enerjigazetesi.ist\/wp-content\/uploads\/2023\/09\/enerjisa-enerji-ye-kurumsal-sosyal-sorumluluk-alaninda-uluslararasi-iki-odul-57x50.jpg 57w, https:\/\/www.enerjigazetesi.ist\/wp-content\/uploads\/2023\/09\/enerjisa-enerji-ye-kurumsal-sosyal-sorumluluk-alaninda-uluslararasi-iki-odul-500x441.jpg 500w\" sizes=\"(max-width: 320px) 100vw, 320px\" \/>stratejileri ve halkla ili\u015fkiler ileti\u015fimlerine kadar uzanan kategorilerle yarat\u0131c\u0131l\u0131\u011f\u0131n farkl\u0131 bi\u00e7imleri i\u00e7in platform imkan\u0131 sunuyor.<\/p>\n<h3><strong>Topluma ve do\u011faya sorumlulukla hareket ediyoruz<\/strong><\/h3>\n<p>Enerjisa Enerji olarak daha iyi bir gelecek i\u00e7in sorumluluk ald\u0131klar\u0131n\u0131n alt\u0131n\u0131 \u00e7izen <strong>Enerjisa Enerji S\u00fcrd\u00fcr\u00fclebilirlik ve Kurumsal Yetkinlikler B\u00f6l\u00fcm Ba\u015fkan\u0131 Ebru Ta\u015fc\u0131o\u011flu,\u00a0<\/strong>s\u00fcrd\u00fcr\u00fclebilir projelerinin etkisini art\u0131rarak devam ettirdiklerini belirtti. <strong>Ta\u015fc\u0131o\u011flu<\/strong>, <em>\u201cBu noktada gelece\u011fimiz olan \u00e7ocuklar\u0131 ve t\u00fcm toplumu enerji tasarrufu konusunda bilin\u00e7lendirdi\u011fimiz, \u00f6te yandan s\u00fcrd\u00fcr\u00fclebilir turizm uygulamalar\u0131 ile ye\u015fil destinasyon modelini yayg\u0131nla\u015ft\u0131rd\u0131\u011f\u0131m\u0131z iki \u00f6nemli projemizin uluslararas\u0131 alanda \u00f6d\u00fcle lay\u0131k g\u00f6r\u00fclmesinden b\u00fcy\u00fck gurur duyuyoruz. \u00c7ocuklarda enerji tasarrufu bilinci olu\u015fturmak amac\u0131yla 2010 y\u0131l\u0131nda ba\u015flatt\u0131\u011f\u0131m\u0131z <strong>Enerjimi Koruyorum projemiz<\/strong> ile bug\u00fcne kadar 15 ilde 300 binden fazla \u00e7ocu\u011fa ula\u015ft\u0131k. Takip etti\u011fimiz global trendler \u0131\u015f\u0131\u011f\u0131nda kullan\u0131c\u0131lar\u0131n davran\u0131\u015flar\u0131n\u0131 de\u011fi\u015ftirmenin ve ikna etme konusunda <strong>\u2018\u2019oyunla\u015ft\u0131rma\u2019\u2019<\/strong>n\u0131n da g\u00fcc\u00fcne inanarak projenin mobil uygulamas\u0131n\u0131 \u00e7ocuklarla bulu\u015fturduk. <strong>S\u00fcrd\u00fcr\u00fclebilir turizm<\/strong> alan\u0131nda T\u00fcrkiye\u2019ye \u00f6rnek olma hedefiyle yola \u00e7\u0131kt\u0131\u011f\u0131m\u0131z <strong>SENTRUM projemiz<\/strong> ile s\u00fcrd\u00fcr\u00fclebilirlik oda\u011f\u0131ndaki <strong>enerji verimlili\u011fi, karbon sal\u0131m\u0131n\u0131n azalt\u0131lmas\u0131, yenilenebilir enerji kaynaklar\u0131n\u0131n kullan\u0131m\u0131n\u0131n te\u015fvik edilmesi<\/strong> gibi\u00a0\u00f6nemli kazan\u0131mlar\u0131 hayata ge\u00e7iriyoruz\u201d<\/em> dedi.<\/p>","protected":false},"excerpt":{"rendered":"<p>Sorry, this entry is only available in Turkish. For the sake of viewer convenience, the content is shown below in the alternative language. You may click the link to switch the active language. Etki odakl\u0131 bir s\u00fcrd\u00fcr\u00fclebilirlik yakla\u015f\u0131m\u0131 ile T\u00fcrkiye\u2019nin enerji d\u00f6n\u00fc\u015f\u00fcm\u00fcne \u00f6nc\u00fcl\u00fck eden elektrik da\u011f\u0131t\u0131m, perakende sat\u0131\u015f ve m\u00fc\u015fteri \u00e7\u00f6z\u00fcmleri sekt\u00f6r\u00fcnde T\u00fcrkiye&#8217;nin lider \u015firketi [&hellip;]<\/p>\n","protected":false},"author":1,"featured_media":179714,"comment_status":"open","ping_status":"open","sticky":false,"template":"","format":"standard","meta":[],"categories":[51,53],"tags":[1266,28816,7774,37825,72065,107057],"views":35,"_links":{"self":[{"href":"https:\/\/www.enerjigazetesi.ist\/en\/wp-json\/wp\/v2\/posts\/179712"}],"collection":[{"href":"https:\/\/www.enerjigazetesi.ist\/en\/wp-json\/wp\/v2\/posts"}],"about":[{"href":"https:\/\/www.enerjigazetesi.ist\/en\/wp-json\/wp\/v2\/types\/post"}],"author":[{"embeddable":true,"href":"https:\/\/www.enerjigazetesi.ist\/en\/wp-json\/wp\/v2\/users\/1"}],"replies":[{"embeddable":true,"href":"https:\/\/www.enerjigazetesi.ist\/en\/wp-json\/wp\/v2\/comments?post=179712"}],"version-history":[{"count":0,"href":"https:\/\/www.enerjigazetesi.ist\/en\/wp-json\/wp\/v2\/posts\/179712\/revisions"}],"wp:featuredmedia":[{"embeddable":true,"href":"https:\/\/www.enerjigazetesi.ist\/en\/wp-json\/wp\/v2\/media\/179714"}],"wp:attachment":[{"href":"https:\/\/www.enerjigazetesi.ist\/en\/wp-json\/wp\/v2\/media?parent=179712"}],"wp:term":[{"taxonomy":"category","embeddable":true,"href":"https:\/\/www.enerjigazetesi.ist\/en\/wp-json\/wp\/v2\/categories?post=179712"},{"taxonomy":"post_tag","embeddable":true,"href":"https:\/\/www.enerjigazetesi.ist\/en\/wp-json\/wp\/v2\/tags?post=179712"}],"curies":[{"name":"wp","href":"https:\/\/api.w.org\/{rel}","templated":true}]}}