{"id":179697,"date":"2023-09-28T18:54:38","date_gmt":"2023-09-28T15:54:38","guid":{"rendered":"https:\/\/www.enerjigazetesi.ist\/?p=179697"},"modified":"2023-09-28T18:54:38","modified_gmt":"2023-09-28T15:54:38","slug":"aksa-enerji-kktc-futbol-ligleri-nin-isim-sponsoru-olmayi-surduruyor","status":"publish","type":"post","link":"https:\/\/www.enerjigazetesi.ist\/en\/aksa-enerji-kktc-futbol-ligleri-nin-isim-sponsoru-olmayi-surduruyor\/","title":{"rendered":"(Turkish) &#8217;Aksa Enerji&#8217; KKTC Futbol Ligleri\u2019nin \u0130sim Sponsoru Olmay\u0131 S\u00fcrd\u00fcr\u00fcyor"},"content":{"rendered":"<p class=\"qtranxs-available-languages-message qtranxs-available-languages-message-en\">Sorry, this entry is only available in <a href=\"https:\/\/www.enerjigazetesi.ist\/tr\/wp-json\/wp\/v2\/posts\/179697\" class=\"qtranxs-available-language-link qtranxs-available-language-link-tr\" title=\"Turkish\">Turkish<\/a>. For the sake of viewer convenience, the content is shown below in the alternative language. You may click the link to switch the active language.<\/p><p><\/p>\n<h2><strong>Aksa, K\u0131br\u0131s T\u00fcrk Futbol Federasyonu ile imzalad\u0131\u011f\u0131 sponsorluk anla\u015fmas\u0131yla KKTC S\u00fcper Lig, 1. Lig ve A2 Ligi\u2019nin isim sponsorlu\u011funa iki y\u0131l daha devam edece\u011fini a\u00e7\u0131klad\u0131.<\/strong><\/h2>\n<p><strong>Aksa<\/strong> ile <strong>K\u0131br\u0131s T\u00fcrk Futbol Federasyonu (KTFF)<\/strong> aras\u0131nda imzalanan yeni sponsorluk anla\u015fmas\u0131yla <strong>Kuzey K\u0131br\u0131s T\u00fcrk Cumhuriyeti (KKTC) S\u00fcper Lig, 1. Lig ve A2 Ligi\u2019nin<\/strong> son iki <img loading=\"lazy\" class=\"alignright wp-image-179701\" src=\"https:\/\/www.enerjigazetesi.ist\/wp-content\/uploads\/2023\/09\/aksa-enerji-kktc-futbol-ligleri-nin-isim-sponsoru-olmayi-surduruyor.jpg\" alt=\"\" width=\"320\" height=\"259\" srcset=\"https:\/\/www.enerjigazetesi.ist\/wp-content\/uploads\/2023\/09\/aksa-enerji-kktc-futbol-ligleri-nin-isim-sponsoru-olmayi-surduruyor.jpg 550w, https:\/\/www.enerjigazetesi.ist\/wp-content\/uploads\/2023\/09\/aksa-enerji-kktc-futbol-ligleri-nin-isim-sponsoru-olmayi-surduruyor-300x243.jpg 300w, https:\/\/www.enerjigazetesi.ist\/wp-content\/uploads\/2023\/09\/aksa-enerji-kktc-futbol-ligleri-nin-isim-sponsoru-olmayi-surduruyor-493x400.jpg 493w, https:\/\/www.enerjigazetesi.ist\/wp-content\/uploads\/2023\/09\/aksa-enerji-kktc-futbol-ligleri-nin-isim-sponsoru-olmayi-surduruyor-62x50.jpg 62w, https:\/\/www.enerjigazetesi.ist\/wp-content\/uploads\/2023\/09\/aksa-enerji-kktc-futbol-ligleri-nin-isim-sponsoru-olmayi-surduruyor-500x405.jpg 500w\" sizes=\"(max-width: 320px) 100vw, 320px\" \/>y\u0131ld\u0131r isim sponsoru olan Aksa, isim sponsorlu\u011funa \u00f6n\u00fcm\u00fczdeki iki y\u0131lda da devam edece\u011fini kamuoyuna duyurdu.<\/p>\n<p>K\u0131br\u0131s T\u00fcrk Spor Yazarlar\u0131 Derne\u011fi\u2019nde ger\u00e7ekle\u015fen imza t\u00f6renine Kuzey K\u0131br\u0131s T\u00fcrk Cumhuriyeti Ba\u015fbakan\u0131 \u00dcnal \u00dcstel, K\u0131br\u0131s T\u00fcrk Futbol Federasyonu Ba\u015fkan\u0131 Hasan Serto\u011flu, Aksa Enerji KKTC Kalecik Santral M\u00fcd\u00fcr\u00fc \u015eener \u015eent\u00fcrk ve kul\u00fcp ba\u015fkanlar\u0131 kat\u0131ld\u0131.<\/p>\n<p>\u0130mza t\u00f6reninde konu\u015fan <strong>Ba\u015fbakan \u00dcnal \u00dcstel<\/strong>, gelece\u011fin teminat\u0131 olan gen\u00e7lerin spora y\u00f6nlendirilmesinin \u00e7ok \u00f6nemli oldu\u011funun alt\u0131n\u0131 \u00e7izerek <strong>K\u0131br\u0131s T\u00fcrk futbolunu destekleyen t\u00fcm sponsorlara<\/strong> \u015f\u00fckranlar\u0131n\u0131 sundu. KTFF Ba\u015fkan\u0131 Serto\u011flu da Aksa\u2019ya Kuzey K\u0131br\u0131s futboluna sundu\u011fu b\u00fcy\u00fck katk\u0131lardan dolay\u0131 te\u015fekk\u00fcrlerini iletti. T\u00f6rende konu\u015fan <strong>Aksa Enerji KKTC Kalecik Santral M\u00fcd\u00fcr\u00fc \u015eent\u00fcrk<\/strong> ise\u00a0Aksa Enerji&#8217;nin KKTC i\u00e7in bir\u00e7ok alanda <strong>sosyal sorumluluk projeleri<\/strong> ger\u00e7ekle\u015ftirmeye devam etti\u011fini belirterek <em>\u201cAksa Enerji olarak tam 20 y\u0131ld\u0131r faaliyet g\u00f6sterdi\u011fimiz Kuzey K\u0131br\u0131s\u2019ta kendimizi yaln\u0131zca bir enerji \u00fcreticisi de\u011fil, adan\u0131n \u00e7ok y\u00f6nl\u00fc bir \u00e7\u00f6z\u00fcm orta\u011f\u0131 olarak g\u00f6r\u00fcyoruz. Bu sorumlulukla, Kuzey K\u0131br\u0131s\u2019\u0131n kalk\u0131nmas\u0131 ve geli\u015fimine katk\u0131 sa\u011flayan sosyal sorumluluk projelerinin destek\u00e7isi oluyoruz. Bu y\u0131l sekizincisini d\u00fczenledi\u011fimiz <strong>Aksa Fotofest Foto\u011fraf Yar\u0131\u015fmas\u0131yla<\/strong> <strong>KKTC&#8217;de foto\u011fraf sanat\u0131n\u0131n geli\u015fimine<\/strong> olan deste\u011fimizi aral\u0131ks\u0131z s\u00fcrd\u00fcr\u00fcrken, son iki senedir oldu\u011fu gibi \u00f6n\u00fcm\u00fczdeki iki sene de <strong>KKTC S\u00fcper Lig, 1. Lig ve A2 Ligi\u2019nin<\/strong> isim sponsorlu\u011fu ile <strong>K\u0131br\u0131s T\u00fcrk futboluna<\/strong> olan deste\u011fimize devam etmenin mutlulu\u011funu ya\u015f\u0131yoruz\u201d<\/em> ifadelerinde bulundu.<\/p>","protected":false},"excerpt":{"rendered":"<p>Sorry, this entry is only available in Turkish. For the sake of viewer convenience, the content is shown below in the alternative language. You may click the link to switch the active language. Aksa, K\u0131br\u0131s T\u00fcrk Futbol Federasyonu ile imzalad\u0131\u011f\u0131 sponsorluk anla\u015fmas\u0131yla KKTC S\u00fcper Lig, 1. Lig ve A2 Ligi\u2019nin isim sponsorlu\u011funa iki y\u0131l daha [&hellip;]<\/p>\n","protected":false},"author":1,"featured_media":179701,"comment_status":"open","ping_status":"open","sticky":false,"template":"","format":"standard","meta":[],"categories":[51,53],"tags":[110859,110860,1571,110857,110858,110861,110856],"views":44,"_links":{"self":[{"href":"https:\/\/www.enerjigazetesi.ist\/en\/wp-json\/wp\/v2\/posts\/179697"}],"collection":[{"href":"https:\/\/www.enerjigazetesi.ist\/en\/wp-json\/wp\/v2\/posts"}],"about":[{"href":"https:\/\/www.enerjigazetesi.ist\/en\/wp-json\/wp\/v2\/types\/post"}],"author":[{"embeddable":true,"href":"https:\/\/www.enerjigazetesi.ist\/en\/wp-json\/wp\/v2\/users\/1"}],"replies":[{"embeddable":true,"href":"https:\/\/www.enerjigazetesi.ist\/en\/wp-json\/wp\/v2\/comments?post=179697"}],"version-history":[{"count":1,"href":"https:\/\/www.enerjigazetesi.ist\/en\/wp-json\/wp\/v2\/posts\/179697\/revisions"}],"predecessor-version":[{"id":179698,"href":"https:\/\/www.enerjigazetesi.ist\/en\/wp-json\/wp\/v2\/posts\/179697\/revisions\/179698"}],"wp:featuredmedia":[{"embeddable":true,"href":"https:\/\/www.enerjigazetesi.ist\/en\/wp-json\/wp\/v2\/media\/179701"}],"wp:attachment":[{"href":"https:\/\/www.enerjigazetesi.ist\/en\/wp-json\/wp\/v2\/media?parent=179697"}],"wp:term":[{"taxonomy":"category","embeddable":true,"href":"https:\/\/www.enerjigazetesi.ist\/en\/wp-json\/wp\/v2\/categories?post=179697"},{"taxonomy":"post_tag","embeddable":true,"href":"https:\/\/www.enerjigazetesi.ist\/en\/wp-json\/wp\/v2\/tags?post=179697"}],"curies":[{"name":"wp","href":"https:\/\/api.w.org\/{rel}","templated":true}]}}