{"id":179691,"date":"2023-09-28T18:28:22","date_gmt":"2023-09-28T15:28:22","guid":{"rendered":"https:\/\/www.enerjigazetesi.ist\/?p=179691"},"modified":"2023-09-28T18:28:22","modified_gmt":"2023-09-28T15:28:22","slug":"besiktas-jk-ve-tupras-gelecek-icin-enerjilerini-birlestirdi","status":"publish","type":"post","link":"https:\/\/www.enerjigazetesi.ist\/en\/besiktas-jk-ve-tupras-gelecek-icin-enerjilerini-birlestirdi\/","title":{"rendered":"(Turkish) Be\u015fikta\u015f JK ve T\u00fcpra\u015f Gelecek \u0130\u00e7in Enerjilerini Birle\u015ftirdi"},"content":{"rendered":"<p class=\"qtranxs-available-languages-message qtranxs-available-languages-message-en\">Sorry, this entry is only available in <a href=\"https:\/\/www.enerjigazetesi.ist\/tr\/wp-json\/wp\/v2\/posts\/179691\" class=\"qtranxs-available-language-link qtranxs-available-language-link-tr\" title=\"Turkish\">Turkish<\/a>. For the sake of viewer convenience, the content is shown below in the alternative language. You may click the link to switch the active language.<\/p><p><\/p>\n<h2>120 y\u0131ll\u0131k tarihiyle \u00dclkemizin en k\u00f6kl\u00fc spor kul\u00fcplerinden biri olan <strong>Be\u015fikta\u015f JK<\/strong>, <em><strong>Be\u015fikta\u015f Stad\u0131 isim sponsorlu\u011fu <\/strong><\/em>konusunda, \u00dclkemizin en b\u00fcy\u00fck sanayi \u015firketi <strong>T\u00fcpra\u015f<\/strong> ile anla\u015ft\u0131. Ger\u00e7ekle\u015ftirilen i\u015f birli\u011fi kapsam\u0131nda Be\u015fikta\u015f Stadyumu\u2019nun ad\u0131n\u0131n <strong>3 y\u0131l<\/strong> s\u00fcreyle <em><strong>\u201cT\u00fcpra\u015f Stadyumu\u201d<\/strong><\/em> olaca\u011f\u0131 belirtildi.<\/h2>\n<p style=\"text-align: center;\"><img loading=\"lazy\" class=\"aligncenter wp-image-179694\" src=\"https:\/\/www.enerjigazetesi.ist\/wp-content\/uploads\/2023\/09\/besiktas-jk-ve-tupras-gelecek-icin-enerjilerini-birlestirdi.jpg\" alt=\"\" width=\"500\" height=\"311\" srcset=\"https:\/\/www.enerjigazetesi.ist\/wp-content\/uploads\/2023\/09\/besiktas-jk-ve-tupras-gelecek-icin-enerjilerini-birlestirdi.jpg 550w, https:\/\/www.enerjigazetesi.ist\/wp-content\/uploads\/2023\/09\/besiktas-jk-ve-tupras-gelecek-icin-enerjilerini-birlestirdi-300x187.jpg 300w, https:\/\/www.enerjigazetesi.ist\/wp-content\/uploads\/2023\/09\/besiktas-jk-ve-tupras-gelecek-icin-enerjilerini-birlestirdi-500x311.jpg 500w, https:\/\/www.enerjigazetesi.ist\/wp-content\/uploads\/2023\/09\/besiktas-jk-ve-tupras-gelecek-icin-enerjilerini-birlestirdi-80x50.jpg 80w\" sizes=\"(max-width: 500px) 100vw, 500px\" \/><\/p>\n<p>Anla\u015fmayla ilgili Be\u015fikta\u015f Stadyumu\u2019nda yap\u0131lan bas\u0131n toplant\u0131s\u0131na, Be\u015fikta\u015f JK Ba\u015fkan\u0131 <strong>Ahmet Nur \u00c7ebi<\/strong>, Ko\u00e7 Holding Enerji Grubu Ba\u015fkan\u0131 <strong>Ya\u011f\u0131z Ey\u00fcbo\u011flu<\/strong>, T\u00fcpra\u015f Genel M\u00fcd\u00fcr\u00fc <strong>\u0130brahim Yelmeno\u011flu<\/strong> ve Be\u015fikta\u015f Y\u00f6netim Kurulu \u00fcyeleriyle, T\u00fcpra\u015f ve Be\u015fikta\u015f JK y\u00f6neticileri kat\u0131ld\u0131.<\/p>\n<h3><strong>\u00c7ebi: \u201cBu i\u015f birli\u011fi, \u00dclkemizin farkl\u0131 alanlar\u0131ndaki iki milli devinin i\u015f birli\u011fidir. Say\u0131n Rahmi Ko\u00e7 ve Ko\u00e7 Grubu ailesine \u00f6zel olarak te\u015fekk\u00fcr ediyorum.\u201d<\/strong><\/h3>\n<p>Ger\u00e7ekle\u015fen bas\u0131n toplant\u0131s\u0131nda Be\u015fikta\u015f JK Y\u00f6netim Kurulu Ba\u015fkan\u0131 <strong>Ahmet Nur \u00c7ebi<\/strong>, Be\u015fikta\u015f JK\u2019n\u0131n her t\u00fcrl\u00fc haklar\u0131n\u0131 en \u00fcst d\u00fczeyde koruyacak bir marka ve anla\u015fma i\u00e7in son derece ince eleyip, s\u0131k dokuduklar\u0131n\u0131 belirterek; <em>\u201cBir k\u0131sm\u0131 ger\u00e7ek bir k\u0131sm\u0131 ger\u00e7ek d\u0131\u015f\u0131 \u015fekilde bas\u0131na yans\u0131d\u0131\u011f\u0131 gibi, <strong>stat isim sponsorlu\u011fumuz<\/strong> i\u00e7in baz\u0131 markalarla g\u00f6r\u00fc\u015fmeler ger\u00e7ekle\u015ftirdik ve hem sundu\u011fu maddi ko\u015fullar hem de itibar a\u00e7\u0131s\u0131ndan, \u00dclkemizin sanayi devi <strong>T\u00fcpra\u015f<\/strong>\u2019la anla\u015ft\u0131k. K\u0131sacas\u0131 \u00dclkemizin farkl\u0131 alanlar\u0131ndaki iki milli devinin i\u015f birli\u011fidir bu. 60 seneyi a\u015fan bir s\u00fcredir Be\u015fikta\u015f\u2019a destek veren, Be\u015fikta\u015f\u2019\u0131n abisi Ko\u00e7 Holding \u015eeref Ba\u015fkan\u0131 Say\u0131n Rahmi Ko\u00e7 ve Ko\u00e7 Grubu ailesine \u00f6zel olarak te\u015fekk\u00fcr etmek istiyorum. Be\u015fikta\u015fl\u0131lar\u0131n deste\u011fiyle ger\u00e7ekle\u015fmi\u015f bir sponsorluktur bu; Be\u015fikta\u015fl\u0131lar\u0131n, Be\u015fikta\u015f JK\u2019ya deste\u011fidir bu\u201d<\/em> dedi.<\/p>\n<p>Bu zamana kadar g\u00f6sterdikleri sabr\u0131n kar\u015f\u0131l\u0131\u011f\u0131n\u0131 alacaklar\u0131na, ilk g\u00fcnden beri emin olduklar\u0131n\u0131 belirten <strong>\u00c7ebi<\/strong>, s\u00f6zlerine \u015f\u00f6yle devam etti: <em>\u201cStat sponsorlu\u011fu konusunda bug\u00fcne kadar g\u00f6r\u00fc\u015ft\u00fc\u011f\u00fcm\u00fcz t\u00fcm kurumlara, camiam\u0131z ad\u0131na i\u00e7ten te\u015fekk\u00fcrlerimi sunuyorum. Be\u015fikta\u015f JK olarak, t\u00fcm sponsorluklar\u0131m\u0131z konusunda tek kriterimizin maddi kazan\u00e7 olmad\u0131\u011f\u0131 bilinir. <strong>Kurumsal itibar<\/strong> ve <strong>kurumsal k\u00fclt\u00fcr uyumu<\/strong> da \u00f6nem verdi\u011fimiz kriterler aras\u0131ndad\u0131r ama b\u00fcy\u00fck bir mutlulukla vurgulamak isterim ki; T\u00fcpra\u015f ile maddi a\u00e7\u0131dan da son derece doyurucu bir anla\u015fma imzalad\u0131k. Y\u00f6netim Kurulu olarak tela\u015ftan uzak ve sab\u0131rl\u0131 davran\u0131\u015f\u0131m\u0131z\u0131n sonucunu g\u00f6rmekten dolay\u0131 b\u00fcy\u00fck mutluluk duydu\u011fumuzu yinelemek istiyorum. Anla\u015fmam\u0131z\u0131n her iki kuruma ve t\u00fcm camiam\u0131za hay\u0131rl\u0131, u\u011furlu olmas\u0131n\u0131 diliyorum\u201d<\/em> dedi.<\/p>\n<h3><strong>\u2018Enerjimiz Gelece\u011fe\u2019\u2026<\/strong><\/h3>\n<p>Sporun geni\u015f kitleleri bir araya getiren \u00e7ok \u00f6nemli bir toplumsal platform olmas\u0131 nedeniyle bu alandaki desteklerini s\u00fcrd\u00fcrd\u00fcklerini dile getiren <strong>T\u00fcpra\u015f Genel M\u00fcd\u00fcr\u00fc \u0130brahim Yelmeno\u011flu<\/strong>, t\u00f6rende yapt\u0131\u011f\u0131 konu\u015fmada \u015funlar\u0131 s\u00f6yledi: <em>\u201cT\u00fcrkiye\u2019nin en b\u00fcy\u00fck sanayi \u015firketi olarak,\u00a0Be\u015fikta\u015f JK\u2019y\u0131 stadyum isim sponsoru olarak desteklemekten b\u00fcy\u00fck heyecan ve gurur duyuyoruz. \u0130\u015f birli\u011fimizin, <strong>\u2018Enerjimiz Gelece\u011fe\u2019<\/strong> slogan\u0131m\u0131zla destekledi\u011fimiz s\u00fcrd\u00fcr\u00fclebilirlik stratejimizin ve bu kapsamda att\u0131\u011f\u0131m\u0131z ad\u0131mlar\u0131n geni\u015f kitlelere ula\u015fmas\u0131nda b\u00fcy\u00fck katk\u0131 sa\u011flayaca\u011f\u0131na inan\u0131yorum. T\u00fcpra\u015f olarak bizi ayn\u0131 enerji etraf\u0131nda bulu\u015fturan bu g\u00fczel i\u015f birli\u011finin \u00dclkemize ve T\u00fcrk sporuna hay\u0131rl\u0131, u\u011furlu olmas\u0131n\u0131 diliyorum\u201d.<\/em><\/p>\n<h3><strong>E\u011fitimden sa\u011fl\u0131\u011fa, k\u00fclt\u00fcr sanattan, spora kadar \u00dclkemizin ilerlemesine katk\u0131da bulunmak amac\u0131yla bir\u00e7ok alanda \u00f6nemli projeleri hayata ge\u00e7iriyoruz<\/strong><\/h3>\n<p>T\u00fcpra\u015f\u2019\u0131n, T\u00fcrkiye\u2019nin temiz enerji d\u00f6n\u00fc\u015f\u00fcm\u00fcne de y\u00f6n verecek, gelece\u011fin enerji kaynaklar\u0131 \u00fczerine kurulu <strong>Stratejik D\u00f6n\u00fc\u015f\u00fcm Plan\u0131<\/strong> ve <strong>2050 Karbon N\u00f6tr<\/strong> hedefi do\u011frultusunda emin ad\u0131mlarla ilerledi\u011fini hat\u0131rlatan <strong>Yelmeno\u011flu<\/strong> \u015f\u00f6yle devam etti: <em>\u201c\u00dclkemizin enerji ihtiyac\u0131n\u0131 kesintisiz sa\u011flarken, gelece\u011fin enerjisini \u00fcretmeye odakl\u0131 yeni i\u015f alanlar\u0131m\u0131za y\u00f6nelik olarak t\u00fcm g\u00fcc\u00fcm\u00fczle \u00e7al\u0131\u015f\u0131yoruz. 60 y\u0131l\u0131 a\u015fk\u0131n k\u00f6kl\u00fc birikimimizden ald\u0131\u011f\u0131m\u0131z g\u00fc\u00e7le yar\u0131n\u0131n T\u00fcpra\u015f\u2019\u0131n\u0131 s\u00fcrd\u00fcr\u00fclebilir temeller \u00fczerine in\u015fa etmeyi taahh\u00fct ettik. Gelecek nesillere kar\u015f\u0131 \u00fcstlendi\u011fimiz sorumlulukla, t\u00fcm bu \u00e7al\u0131\u015fmalar\u0131m\u0131z\u0131n daha geni\u015f kitlelerce bilinir hale gelmesi bizler i\u00e7in son derece \u00f6nemli. Be\u015fikta\u015f JK ile ger\u00e7ekle\u015ftirdi\u011fimiz i\u015f birli\u011finin bu y\u00f6nde b\u00fcy\u00fck katk\u0131 sa\u011flayaca\u011f\u0131na inan\u0131yorum. Toplumsal geli\u015fimin sadece ekonomik geli\u015fme ile sa\u011flanamayaca\u011f\u0131; e\u011fitimden sa\u011fl\u0131\u011fa, k\u00fclt\u00fcr sanattan, spora kadar sosyal hayat\u0131m\u0131z\u0131n her alan\u0131nda geli\u015fmemiz gerekti\u011finin bilinciyle hareket ediyoruz. \u00dclkemizin ilerlemesine katk\u0131da bulunmak amac\u0131yla bir\u00e7ok alanda \u00f6nemli projeleri hayata ge\u00e7iriyoruz. <strong>Spor<\/strong>, <strong>\u00f6zellikle de futbol<\/strong>, s\u00fcrd\u00fcr\u00fclebilirlik ama\u00e7lar\u0131n\u0131n toplumun her kesiminde fark\u0131ndal\u0131k olu\u015fturmas\u0131 a\u00e7\u0131s\u0131ndan \u00e7ok \u00f6nemli bir platform. Be\u015fikta\u015f JK ile de bu kapsamda pek \u00e7ok \u00e7al\u0131\u015fma y\u00fcr\u00fctmek arzusu i\u00e7indeyiz. \u00dclkemizin ve destek verdi\u011fimiz t\u00fcm sporcular\u0131m\u0131z\u0131n ula\u015faca\u011f\u0131 sportif ba\u015far\u0131larla b\u00fcy\u00fck mutluluk duyaca\u011f\u0131z.\u201d<\/em><\/p>","protected":false},"excerpt":{"rendered":"<p>Sorry, this entry is only available in Turkish. For the sake of viewer convenience, the content is shown below in the alternative language. You may click the link to switch the active language. 120 y\u0131ll\u0131k tarihiyle \u00dclkemizin en k\u00f6kl\u00fc spor kul\u00fcplerinden biri olan Be\u015fikta\u015f JK, Be\u015fikta\u015f Stad\u0131 isim sponsorlu\u011fu konusunda, \u00dclkemizin en b\u00fcy\u00fck sanayi \u015firketi [&hellip;]<\/p>\n","protected":false},"author":1,"featured_media":179695,"comment_status":"open","ping_status":"open","sticky":false,"template":"","format":"standard","meta":[],"categories":[53,44],"tags":[110853,110855,28565,56339,110854,1000],"views":60,"_links":{"self":[{"href":"https:\/\/www.enerjigazetesi.ist\/en\/wp-json\/wp\/v2\/posts\/179691"}],"collection":[{"href":"https:\/\/www.enerjigazetesi.ist\/en\/wp-json\/wp\/v2\/posts"}],"about":[{"href":"https:\/\/www.enerjigazetesi.ist\/en\/wp-json\/wp\/v2\/types\/post"}],"author":[{"embeddable":true,"href":"https:\/\/www.enerjigazetesi.ist\/en\/wp-json\/wp\/v2\/users\/1"}],"replies":[{"embeddable":true,"href":"https:\/\/www.enerjigazetesi.ist\/en\/wp-json\/wp\/v2\/comments?post=179691"}],"version-history":[{"count":0,"href":"https:\/\/www.enerjigazetesi.ist\/en\/wp-json\/wp\/v2\/posts\/179691\/revisions"}],"wp:featuredmedia":[{"embeddable":true,"href":"https:\/\/www.enerjigazetesi.ist\/en\/wp-json\/wp\/v2\/media\/179695"}],"wp:attachment":[{"href":"https:\/\/www.enerjigazetesi.ist\/en\/wp-json\/wp\/v2\/media?parent=179691"}],"wp:term":[{"taxonomy":"category","embeddable":true,"href":"https:\/\/www.enerjigazetesi.ist\/en\/wp-json\/wp\/v2\/categories?post=179691"},{"taxonomy":"post_tag","embeddable":true,"href":"https:\/\/www.enerjigazetesi.ist\/en\/wp-json\/wp\/v2\/tags?post=179691"}],"curies":[{"name":"wp","href":"https:\/\/api.w.org\/{rel}","templated":true}]}}