{"id":179589,"date":"2023-09-26T17:11:26","date_gmt":"2023-09-26T14:11:26","guid":{"rendered":"https:\/\/www.enerjigazetesi.ist\/?p=179589"},"modified":"2023-09-26T17:11:45","modified_gmt":"2023-09-26T14:11:45","slug":"sisecam-ihracat-basarisini-odullerle-taclandirdi","status":"publish","type":"post","link":"https:\/\/www.enerjigazetesi.ist\/en\/sisecam-ihracat-basarisini-odullerle-taclandirdi\/","title":{"rendered":"(Turkish) &#8217;\u015ei\u015fecam&#8217; \u0130hracat Ba\u015far\u0131s\u0131n\u0131 \u00d6d\u00fcllerle Ta\u00e7land\u0131rd\u0131"},"content":{"rendered":"<p class=\"qtranxs-available-languages-message qtranxs-available-languages-message-en\">Sorry, this entry is only available in <a href=\"https:\/\/www.enerjigazetesi.ist\/tr\/wp-json\/wp\/v2\/posts\/179589\" class=\"qtranxs-available-language-link qtranxs-available-language-link-tr\" title=\"Turkish\">Turkish<\/a>. For the sake of viewer convenience, the content is shown below in the alternative language. You may click the link to switch the active language.<\/p><p><\/p>\n<h2>\u015ei\u015fecam, Uluda\u011f Otomotiv End\u00fcstrisi \u0130hracat\u00e7\u0131lar\u0131 Birli\u011fi\u2019nin (O\u0130B) d\u00fczenledi\u011fi \u0130hracat\u0131n \u015eampiyonlar\u0131 \u00d6d\u00fcl T\u00f6reni\u2019nde G\u00fcm\u00fc\u015f \u0130hracat\u00e7\u0131 Ba\u015far\u0131 \u00d6d\u00fcl\u00fc sahibi olurken \u00c7imento, Cam, Seramik ve Toprak \u00dcr\u00fcnleri \u0130hracat\u00e7\u0131lar\u0131 Birli\u011fi (\u00c7CS\u0130B) taraf\u0131ndan 6 farkl\u0131 kategoride &#8216;\u015eampiyon&#8217; \u00f6d\u00fcl\u00fcne lay\u0131k g\u00f6r\u00fcld\u00fc.<\/h2>\n<p style=\"text-align: center;\"><img loading=\"lazy\" class=\"aligncenter wp-image-179592\" src=\"https:\/\/www.enerjigazetesi.ist\/wp-content\/uploads\/2023\/09\/sisecam-ihracat-basarisini-odullerle-taclandirdi-1.jpg\" alt=\"\" width=\"500\" height=\"319\" srcset=\"https:\/\/www.enerjigazetesi.ist\/wp-content\/uploads\/2023\/09\/sisecam-ihracat-basarisini-odullerle-taclandirdi-1.jpg 550w, https:\/\/www.enerjigazetesi.ist\/wp-content\/uploads\/2023\/09\/sisecam-ihracat-basarisini-odullerle-taclandirdi-1-300x191.jpg 300w, https:\/\/www.enerjigazetesi.ist\/wp-content\/uploads\/2023\/09\/sisecam-ihracat-basarisini-odullerle-taclandirdi-1-500x319.jpg 500w, https:\/\/www.enerjigazetesi.ist\/wp-content\/uploads\/2023\/09\/sisecam-ihracat-basarisini-odullerle-taclandirdi-1-78x50.jpg 78w\" sizes=\"(max-width: 500px) 100vw, 500px\" \/><\/p>\n<p><strong>Uluda\u011f Otomotiv End\u00fcstrisi \u0130hracat\u00e7\u0131lar\u0131 Birli\u011fi<\/strong> taraf\u0131ndan d\u00fczenlenen \u0130hracat\u0131n \u015eampiyonlar\u0131 \u00d6d\u00fcl T\u00f6reni\u2019nde otomotiv end\u00fcstrisinde 2022 y\u0131l\u0131nda ger\u00e7ekle\u015ftirdi\u011fi ihracat ile <strong>\u2018G\u00fcm\u00fc\u015f \u0130hracat\u00e7\u0131 Ba\u015far\u0131 \u00d6d\u00fcl\u00fc\u2019<\/strong> alan \u015ei\u015fecam, <strong>otomotiv end\u00fcstrisine<\/strong> ve <strong>T\u00fcrkiye ekonomisine<\/strong> katk\u0131lar\u0131n\u0131 bir kez daha g\u00f6zler \u00f6n\u00fcne serdi. T\u00f6rende <strong>\u2018G\u00fcm\u00fc\u015f \u0130hracat\u00e7\u0131 Ba\u015far\u0131 \u00d6d\u00fcl\u00fc\u2019 \u015ei\u015fecam Mali \u0130\u015fler Genel M\u00fcd\u00fcr Yard\u0131mc\u0131s\u0131 G\u00f6khan G\u00fcralp\u2019e<\/strong> takdim edildi.<\/p>\n<p><strong>\u00c7imento, Cam, Seramik ve Toprak \u00dcr\u00fcnleri \u0130hracat\u00e7\u0131lar\u0131 Birli\u011fi<\/strong> taraf\u0131ndan bu y\u0131l 5&#8217;incisi d\u00fczenlenen ve 2022 y\u0131l\u0131 ihracat\u00e7\u0131lar\u0131n\u0131n \u00f6d\u00fcllendirildi\u011fi \u0130hracat\u0131n \u015eampiyonlar\u0131 \u00d6d\u00fcl T\u00f6reni\u2019nde \u015ei\u015fecam, <strong>&#8216;D\u00fcz Cam&#8217;, &#8216;Cam Ev E\u015fyas\u0131&#8217; ve &#8216;Cam Ambalaj&#8217;<\/strong> kategorilerinde <strong>&#8216;En Fazla \u0130hracat Yapan Firma&#8217;<\/strong> ve<strong> &#8216;\u0130hracat\u0131n\u0131 En Fazla Art\u0131ran Firma&#8217;<\/strong> oldu ve <strong>6 farkl\u0131 kategoride \u2018\u015eampiyon\u2019<\/strong> \u00f6d\u00fcl\u00fcne lay\u0131k g\u00f6r\u00fcld\u00fc. <strong>\u015ei\u015fecam B\u00f6lge Sat\u0131\u015f K\u0131demli Direkt\u00f6r\u00fc Ba\u015far T\u0131rpanc\u0131<\/strong> \u015fampiyonluk \u00f6d\u00fcllerini <strong>T\u00fcrkiye \u0130hracat\u00e7\u0131lar Meclisi (T\u0130M) Ba\u015fkan\u0131 Mustafa G\u00fcltepe<\/strong>, <strong>\u00c7CS\u0130B Y\u00f6netim Kurulu Ba\u015fkan\u0131 Erdem \u00c7enesiz<\/strong> ve <strong>\u00c7CS\u0130B Y\u00f6netim Kurulu Ba\u015fkan Yard\u0131mc\u0131s\u0131 Tansu Kumru<\/strong>\u2019nun elinden ald\u0131.<\/p>","protected":false},"excerpt":{"rendered":"<p>Sorry, this entry is only available in Turkish. For the sake of viewer convenience, the content is shown below in the alternative language. You may click the link to switch the active language. \u015ei\u015fecam, Uluda\u011f Otomotiv End\u00fcstrisi \u0130hracat\u00e7\u0131lar\u0131 Birli\u011fi\u2019nin (O\u0130B) d\u00fczenledi\u011fi \u0130hracat\u0131n \u015eampiyonlar\u0131 \u00d6d\u00fcl T\u00f6reni\u2019nde G\u00fcm\u00fc\u015f \u0130hracat\u00e7\u0131 Ba\u015far\u0131 \u00d6d\u00fcl\u00fc sahibi olurken \u00c7imento, Cam, Seramik ve [&hellip;]<\/p>\n","protected":false},"author":1,"featured_media":179591,"comment_status":"open","ping_status":"open","sticky":false,"template":"","format":"standard","meta":[],"categories":[53,52],"tags":[110818,110817,32733,39522],"views":50,"_links":{"self":[{"href":"https:\/\/www.enerjigazetesi.ist\/en\/wp-json\/wp\/v2\/posts\/179589"}],"collection":[{"href":"https:\/\/www.enerjigazetesi.ist\/en\/wp-json\/wp\/v2\/posts"}],"about":[{"href":"https:\/\/www.enerjigazetesi.ist\/en\/wp-json\/wp\/v2\/types\/post"}],"author":[{"embeddable":true,"href":"https:\/\/www.enerjigazetesi.ist\/en\/wp-json\/wp\/v2\/users\/1"}],"replies":[{"embeddable":true,"href":"https:\/\/www.enerjigazetesi.ist\/en\/wp-json\/wp\/v2\/comments?post=179589"}],"version-history":[{"count":0,"href":"https:\/\/www.enerjigazetesi.ist\/en\/wp-json\/wp\/v2\/posts\/179589\/revisions"}],"wp:featuredmedia":[{"embeddable":true,"href":"https:\/\/www.enerjigazetesi.ist\/en\/wp-json\/wp\/v2\/media\/179591"}],"wp:attachment":[{"href":"https:\/\/www.enerjigazetesi.ist\/en\/wp-json\/wp\/v2\/media?parent=179589"}],"wp:term":[{"taxonomy":"category","embeddable":true,"href":"https:\/\/www.enerjigazetesi.ist\/en\/wp-json\/wp\/v2\/categories?post=179589"},{"taxonomy":"post_tag","embeddable":true,"href":"https:\/\/www.enerjigazetesi.ist\/en\/wp-json\/wp\/v2\/tags?post=179589"}],"curies":[{"name":"wp","href":"https:\/\/api.w.org\/{rel}","templated":true}]}}