{"id":179566,"date":"2023-09-25T19:33:54","date_gmt":"2023-09-25T16:33:54","guid":{"rendered":"https:\/\/www.enerjigazetesi.ist\/?p=179566"},"modified":"2023-09-25T19:33:54","modified_gmt":"2023-09-25T16:33:54","slug":"petrol-ofisi-grubu-yeni-sezonda-da-fenerbahce-kadin-futbol-takiminla","status":"publish","type":"post","link":"https:\/\/www.enerjigazetesi.ist\/en\/petrol-ofisi-grubu-yeni-sezonda-da-fenerbahce-kadin-futbol-takiminla\/","title":{"rendered":"(Turkish) &#8217;Petrol Ofisi Grubu&#8217; Yeni Sezonda da Fenerbah\u00e7e Kad\u0131n Futbol Tak\u0131m\u0131nla&#8230;"},"content":{"rendered":"<p class=\"qtranxs-available-languages-message qtranxs-available-languages-message-en\">Sorry, this entry is only available in <a href=\"https:\/\/www.enerjigazetesi.ist\/tr\/wp-json\/wp\/v2\/posts\/179566\" class=\"qtranxs-available-language-link qtranxs-available-language-link-tr\" title=\"Turkish\">Turkish<\/a>. For the sake of viewer convenience, the content is shown below in the alternative language. You may click the link to switch the active language.<\/p><p><\/p>\n<h2>T\u00fcrkiye&#8217;nin enerji altyap\u0131 grubu Petrol Ofisi, 2023-2024 sezonunda da Fenerbah\u00e7e kad\u0131n futbol tak\u0131m\u0131n\u0131n isim ve forma g\u00f6\u011f\u00fcs sponsorlu\u011funu s\u00fcrd\u00fcr\u00fcyor.<\/h2>\n<p style=\"text-align: center;\"><img loading=\"lazy\" class=\"aligncenter wp-image-179569\" src=\"https:\/\/www.enerjigazetesi.ist\/wp-content\/uploads\/2023\/09\/petrol-ofisi-grubu-yeni-sezonda-da-fenerbahce-kadin-futbol-takiminla-1.jpg\" alt=\"\" width=\"500\" height=\"339\" srcset=\"https:\/\/www.enerjigazetesi.ist\/wp-content\/uploads\/2023\/09\/petrol-ofisi-grubu-yeni-sezonda-da-fenerbahce-kadin-futbol-takiminla-1.jpg 550w, https:\/\/www.enerjigazetesi.ist\/wp-content\/uploads\/2023\/09\/petrol-ofisi-grubu-yeni-sezonda-da-fenerbahce-kadin-futbol-takiminla-1-300x203.jpg 300w, https:\/\/www.enerjigazetesi.ist\/wp-content\/uploads\/2023\/09\/petrol-ofisi-grubu-yeni-sezonda-da-fenerbahce-kadin-futbol-takiminla-1-500x339.jpg 500w, https:\/\/www.enerjigazetesi.ist\/wp-content\/uploads\/2023\/09\/petrol-ofisi-grubu-yeni-sezonda-da-fenerbahce-kadin-futbol-takiminla-1-74x50.jpg 74w\" sizes=\"(max-width: 500px) 100vw, 500px\" \/><\/p>\n<p>T\u00fcrkiye&#8217;nin enerji altyap\u0131 grubu Petrol Ofisi&#8217;nin T\u00fcrk kad\u0131n futbolunun en \u00f6nemli kul\u00fcplerinden Fenerbah\u00e7e ile yapt\u0131\u011f\u0131 isim ve forma g\u00f6\u011f\u00fcs sponsorlu\u011fu anla\u015fmas\u0131, 2023-2024 sezonunda da devam ediyor. 27 A\u011fustos&#8217;ta ba\u015flayan Kad\u0131n Futbol S\u00fcper Ligi&#8217;nin yeni sezonunda da kul\u00fcp, <strong>Fenerbah\u00e7e Petrol Ofisi ismi ile<\/strong> <strong>sahada m\u00fccadele ediyor.<\/strong><\/p>\n<p>Petrol Ofisi Grubu, Fenerbah\u00e7e ile s\u00fcrd\u00fcrd\u00fc\u011f\u00fc <strong>sponsorluk anla\u015fmas\u0131yla<\/strong> \u00fclkemizde kad\u0131n futbolunun bilinirli\u011finin artmas\u0131n\u0131, bu sayede <strong>yeni kad\u0131n sporcular\u0131n da yeti\u015febilece\u011fi<\/strong> bir alan yaratmaya katk\u0131 sunmay\u0131 hedefliyor.<\/p>\n<p>Konuyla ilgili a\u00e7\u0131klamada bulunan <strong>Petrol Ofisi Grubu CMO&#8217;su Sinan Seha T\u00fcrkseven<\/strong>, <em>\u201cKad\u0131nlar\u0131n sosyoekonomik hayata kat\u0131l\u0131m\u0131n\u0131n s\u0131n\u0131rl\u0131 oldu\u011fu toplumlar\u0131n ilerleyemeyece\u011fi bilinciyle kad\u0131nlar\u0131n g\u00fc\u00e7lenmesine katk\u0131 sunacak alanlara y\u00f6nelik yat\u0131r\u0131mlar yapmaya \u00f6nem veriyoruz. \u00d6zellikle kad\u0131n sporcular\u0131m\u0131z\u0131n arka arkaya elde etti\u011fi ba\u015far\u0131larla gururland\u0131\u011f\u0131m\u0131z bu d\u00f6nemde, kad\u0131n futbolunun geli\u015fiminin hem toplumsal hem sportif anlamda \u00e7ok \u00f6nemli oldu\u011funu d\u00fc\u015f\u00fcn\u00fcyoruz. Bu nedenle ge\u00e7ti\u011fimiz y\u0131l oldu\u011fu gibi <strong>2023-2024 sezonunda da Fenerbah\u00e7e Petrol Ofisi kad\u0131n futbol tak\u0131m\u0131n\u0131n<\/strong> <strong>isim ve forma g\u00f6\u011f\u00fcs sponsoru<\/strong> olmaya, kad\u0131n futbolcular\u0131m\u0131z\u0131n sahadaki ba\u015far\u0131lar\u0131n\u0131 desteklemeye devam ediyoruz. <strong>2023 Kad\u0131nlar D\u00fcnya Kupas\u0131<\/strong>, kad\u0131n futbolunun t\u00fcm d\u00fcnyada y\u00fckseli\u015fini kan\u0131tlam\u0131\u015fken Petrol Ofisi olarak biz de T\u00fcrkiye&#8217;de bu alanda var olan fark\u0131ndal\u0131\u011f\u0131 art\u0131rmak i\u00e7in daha kapsaml\u0131 ve daha b\u00fcy\u00fck i\u015flere imza atmay\u0131 s\u00fcrd\u00fcrece\u011fiz.\u201d<\/em> dedi.<\/p>\n<p><strong>Fenerbah\u00e7e Kad\u0131n Futbolundan Sorumlu Y\u00f6netim Kurulu \u00dcyesi<\/strong> <strong>Mustafa Kemal Danaba\u015f <\/strong>ise a\u00e7\u0131klamas\u0131nda \u015funlar\u0131 s\u00f6yledi: <em>\u201cD\u00fcnyan\u0131n en b\u00fcy\u00fck spor kul\u00fcplerinden Fenerbah\u00e7emizin, T\u00fcrkiye&#8217;de sekt\u00f6r\u00fcn \u00f6nde gelen firmas\u0131 <strong>Petrol Ofisi<\/strong> ile <strong>ge\u00e7en sezon yapm\u0131\u015f oldu\u011fu sponsorluk anla\u015fmas\u0131n\u0131n bu sezon da devam etmesi<\/strong> bizim i\u00e7in \u00e7ok k\u0131ymetli. <strong>Petrol Ofisi ailesine<\/strong> <strong>desteklerinden dolay\u0131 te\u015fekk\u00fcrlerimi<\/strong> iletmek istiyorum. Bu sezon Kad\u0131n Futbol Tak\u0131m\u0131m\u0131z\u0131n \u00fc\u00e7\u00fcnc\u00fc sezonu. Tak\u0131m\u0131m\u0131z ilk sezonunda <strong>104 gol atm\u0131\u015f, rekor k\u0131rm\u0131\u015f, Play Off yar\u0131 finali oynam\u0131\u015ft\u0131r.<\/strong> Ge\u00e7ti\u011fimiz sezon ise \u00e7ok ba\u015far\u0131l\u0131 bir sezon ge\u00e7irmi\u015f ve final oynam\u0131\u015ft\u0131r. Bu sene yapt\u0131\u011f\u0131m\u0131z takviyelerle, kazand\u0131\u011f\u0131m\u0131z deneyimlerle, <strong>yeni Teknik Direkt\u00f6r\u00fcm\u00fcz G\u00f6khan Bozkaya<\/strong> ve <strong>ekibiyle<\/strong> \u00e7ok daha g\u00fc\u00e7l\u00fc ve oturmu\u015f bir tak\u0131m olarak sezona ba\u015fl\u0131yoruz. Fenerbah\u00e7e Petrol Ofisi olarak sezonu kupayla tamamlayaca\u011f\u0131m\u0131za dair inanc\u0131m\u0131z tam. <strong>Tak\u0131m\u0131m\u0131z 2023\u20132024 sezonunda da m\u00fccadelesiyle<\/strong> <strong>t\u00fcm kad\u0131nlara<\/strong> ve <strong>k\u0131z \u00e7ocuklar\u0131na ilham olmaya<\/strong> ve camiam\u0131z\u0131n gururu olmaya devam edecektir. Teknik Direkt\u00f6r\u00fcm\u00fcz G\u00f6khan Bozkaya y\u00f6netimindeki tak\u0131m\u0131m\u0131za y\u00fcrekten inan\u0131yor; sponsorumuz, ailemizin \u00fcyesi Petrol Ofisi&#8217;nin deste\u011fiyle sezon sonu \u015fampiyonluklar kutlamay\u0131 diliyorum. \u0130\u015f birli\u011fimiz <strong>hem kul\u00fcb\u00fcm\u00fcz<\/strong> ve <strong>camiam\u0131z<\/strong> hem de <strong>sponsorumuz<\/strong> i\u00e7in <strong>hay\u0131rl\u0131 u\u011furlu olsun.\u201d<\/strong><\/em><\/p>","protected":false},"excerpt":{"rendered":"<p>Sorry, this entry is only available in Turkish. For the sake of viewer convenience, the content is shown below in the alternative language. You may click the link to switch the active language. T\u00fcrkiye&#8217;nin enerji altyap\u0131 grubu Petrol Ofisi, 2023-2024 sezonunda da Fenerbah\u00e7e kad\u0131n futbol tak\u0131m\u0131n\u0131n isim ve forma g\u00f6\u011f\u00fcs sponsorlu\u011funu s\u00fcrd\u00fcr\u00fcyor. T\u00fcrkiye&#8217;nin enerji altyap\u0131 [&hellip;]<\/p>\n","protected":false},"author":1,"featured_media":179568,"comment_status":"open","ping_status":"open","sticky":false,"template":"","format":"standard","meta":[],"categories":[53,44],"tags":[110812,99438,110811,110813,10059,94891],"views":37,"_links":{"self":[{"href":"https:\/\/www.enerjigazetesi.ist\/en\/wp-json\/wp\/v2\/posts\/179566"}],"collection":[{"href":"https:\/\/www.enerjigazetesi.ist\/en\/wp-json\/wp\/v2\/posts"}],"about":[{"href":"https:\/\/www.enerjigazetesi.ist\/en\/wp-json\/wp\/v2\/types\/post"}],"author":[{"embeddable":true,"href":"https:\/\/www.enerjigazetesi.ist\/en\/wp-json\/wp\/v2\/users\/1"}],"replies":[{"embeddable":true,"href":"https:\/\/www.enerjigazetesi.ist\/en\/wp-json\/wp\/v2\/comments?post=179566"}],"version-history":[{"count":0,"href":"https:\/\/www.enerjigazetesi.ist\/en\/wp-json\/wp\/v2\/posts\/179566\/revisions"}],"wp:featuredmedia":[{"embeddable":true,"href":"https:\/\/www.enerjigazetesi.ist\/en\/wp-json\/wp\/v2\/media\/179568"}],"wp:attachment":[{"href":"https:\/\/www.enerjigazetesi.ist\/en\/wp-json\/wp\/v2\/media?parent=179566"}],"wp:term":[{"taxonomy":"category","embeddable":true,"href":"https:\/\/www.enerjigazetesi.ist\/en\/wp-json\/wp\/v2\/categories?post=179566"},{"taxonomy":"post_tag","embeddable":true,"href":"https:\/\/www.enerjigazetesi.ist\/en\/wp-json\/wp\/v2\/tags?post=179566"}],"curies":[{"name":"wp","href":"https:\/\/api.w.org\/{rel}","templated":true}]}}