{"id":179505,"date":"2023-09-24T16:23:22","date_gmt":"2023-09-24T13:23:22","guid":{"rendered":"https:\/\/www.enerjigazetesi.ist\/?p=179505"},"modified":"2023-09-24T16:23:22","modified_gmt":"2023-09-24T13:23:22","slug":"kaymaz-ve-beylikovada-dogaya-nese-kat-etkinligi","status":"publish","type":"post","link":"https:\/\/www.enerjigazetesi.ist\/en\/kaymaz-ve-beylikovada-dogaya-nese-kat-etkinligi\/","title":{"rendered":"(Turkish) Kaymaz ve Beylikova\u2019da Do\u011faya Ne\u015fe Kat Etkinli\u011fi&#8230;"},"content":{"rendered":"<p class=\"qtranxs-available-languages-message qtranxs-available-languages-message-en\">Sorry, this entry is only available in <a href=\"https:\/\/www.enerjigazetesi.ist\/tr\/wp-json\/wp\/v2\/posts\/179505\" class=\"qtranxs-available-language-link qtranxs-available-language-link-tr\" title=\"Turkish\">Turkish<\/a>. For the sake of viewer convenience, the content is shown below in the alternative language. You may click the link to switch the active language.<\/p><p><\/p>\n<h2>Eski\u015fehir \u00c7evre Koruma ve Geli\u015ftirme Derne\u011fi (ES\u00c7EVDER) ve Do\u011faya G\u00fc\u00e7 Kat A\u011f\u0131\u2019n\u0131n Do\u011fa Dan\u0131\u015f Birimi kapsam\u0131nda i\u015fbirli\u011fi ile Koza Maden \u015eirketi\u2019nin Eski\u015fehir Sivrihisar il\u00e7esi Kaymaz Mahallesi&#8217;nde yapmak istedi\u011fi 3 siyan\u00fcrl\u00fc at\u0131k baraj\u0131na dikkat \u00e7ekmek i\u00e7in \u201cDo\u011faya Ne\u015fe Kat\u201d ba\u015fl\u0131\u011f\u0131 ile bilgilendirme etkinli\u011fi Kaymaz ve Beylikova da d\u00fczenlendi.<\/h2>\n<p style=\"text-align: center;\"><img loading=\"lazy\" class=\"aligncenter wp-image-179509\" src=\"https:\/\/www.enerjigazetesi.ist\/wp-content\/uploads\/2023\/09\/kaymaz.jpg\" alt=\"\" width=\"500\" height=\"258\" srcset=\"https:\/\/www.enerjigazetesi.ist\/wp-content\/uploads\/2023\/09\/kaymaz.jpg 550w, https:\/\/www.enerjigazetesi.ist\/wp-content\/uploads\/2023\/09\/kaymaz-300x155.jpg 300w, https:\/\/www.enerjigazetesi.ist\/wp-content\/uploads\/2023\/09\/kaymaz-500x258.jpg 500w, https:\/\/www.enerjigazetesi.ist\/wp-content\/uploads\/2023\/09\/kaymaz-80x41.jpg 80w\" sizes=\"(max-width: 500px) 100vw, 500px\" \/><\/p>\n<p>Eski\u015fehir \u00c7evre Derne\u011fi \u00fcyesi Acil Durum ve Afet Uzman\u0131 Bar\u0131\u015f ADIG\u00dcZEL projeye dair bilgilendirmeyi Kaymaz da \u015fu ifadeleri kullanm\u0131\u015ft\u0131r. <em>\u201cB\u00f6lgemizde <strong>Kaymaz Alt\u0131n Projesi<\/strong> kapsam\u0131nda <strong>3. zehir at\u0131k baraj\u0131<\/strong> yap\u0131lmak isteniyor. Bu Proje ile ba\u015fta <strong>\u00c7anakkale Terziler-Ser\u00e7iler<\/strong> den <strong>Alt\u0131n Madeni Projesi\u2019ndeki cevher buraya ta\u015f\u0131nacak.<\/strong> G\u00fcnde 149 kamyon 500 km. uzakl\u0131ktan buraya bu cevheri getirecek ve at\u0131\u011f\u0131n\u0131 burada b\u0131rakacak. Bunun yan\u0131nda \u00e7evre illerdeki alt\u0131n madeni projelerinden de buraya <strong>cevher ta\u015f\u0131mas\u0131<\/strong> ger\u00e7ekle\u015ftirilecektir. Yani buras\u0131 ileride maden \u00e7\u00f6pl\u00fc\u011f\u00fc olacak ve \u00f6yle kalacakt\u0131r. Eski\u015fehir ilimizde <strong>orman, tar\u0131m, mera arazilerini, yeralt\u0131 sular\u0131n\u0131 kirletme riski<\/strong> ta\u015f\u0131yacakt\u0131r. Zaten az olan suyumuz bu madenlerde kullan\u0131lacakt\u0131r. Alt\u0131n ve G\u00fcm\u00fc\u015f Madeninin faaliyetleri sonucu a\u011fa\u00e7lar\u0131n kurudu\u011fu, mera alanlar\u0131n\u0131n yok olmas\u0131 sebebiyle hayvanc\u0131l\u0131k yapamayacak i\u00e7me ve kullanma sular\u0131n\u0131n azald\u0131\u011f\u0131na \u015fahit olacaks\u0131n\u0131z. Eski\u015fehir\u2019in maden \u00e7\u00f6pl\u00fc\u011f\u00fc olmas\u0131n\u0131 istemiyoruz\u201d <\/em>demi\u015ftir.<\/p>\n<p>Kaymaz da Sunuculu\u011fu Serpil VURUCU\u2019nun yapt\u0131\u011f\u0131 etkinlikte Tiyatro, Radyo, Sahne Sanat\u00e7\u0131s\u0131<strong> Erg\u00fcn \u00d6ZFIRINCI<\/strong> konu ile ilgili <strong>stand-up g\u00f6sterisi<\/strong> ger\u00e7ekle\u015ftirmesinin ard\u0131ndan <strong>Do\u011fa Grubu<\/strong> sahne alarak <strong>ne\u015feli konser vererek<\/strong> halk\u0131 e\u011flendirmi\u015ftir.<\/p>\n<p>Beylikova da sunucu Serpil VURUCU\u2019nun ard\u0131ndan Do\u011faya G\u00fc\u00e7 Kat A\u011f\u0131ndan G\u00fcler BOZOK\u2019un \u0130klim krizi ve T\u00fcrkiye\u2019nin ve D\u00fcnya\u2019n\u0131n gelece\u011fi konular\u0131nda bilgilendirme yapmas\u0131n\u0131n ard\u0131ndan y\u00f6re halk\u0131ndan <strong>Celal \u00d6NGEL<\/strong> maden kanununun de\u011fi\u015fmesi gerekti\u011finin alt\u0131n\u0131 \u00e7izmesinin ard\u0131ndan \u015f\u00f6lene devam edilerek <strong>konsere devam edilmi\u015ftir<\/strong>.<\/p>\n<p><strong>Kaymaz da<\/strong> halk\u0131n<strong> kat\u0131l\u0131m\u0131n yo\u011fun oldu\u011fu<\/strong> etkinli\u011fe <strong>Beylikova da gereken \u00f6nemin verilmedi\u011fi<\/strong> g\u00f6zlenmi\u015ftir.<\/p>\n<p>Eski\u015fehir \u00c7evre Derne\u011fi ba\u015fkan\u0131 Sad\u0131k YURTMAN <em>\u201cBu t\u00fcr etkinliklerin devam etmesi gerekti\u011finin bilincinde olarak yak\u0131nda Murat Da\u011f\u0131na teknik bir gezi d\u00fczenlemeyi planl\u0131yoruz\u201d<\/em> diyerek etkinli\u011fe kat\u0131lan <strong>\u00fcye, \u00e7evre dostu ve y\u00f6re halk\u0131na te\u015fekk\u00fcr ederek<\/strong> etkinlik tamamlanm\u0131\u015ft\u0131r.<\/p>","protected":false},"excerpt":{"rendered":"<p>Sorry, this entry is only available in Turkish. For the sake of viewer convenience, the content is shown below in the alternative language. You may click the link to switch the active language. Eski\u015fehir \u00c7evre Koruma ve Geli\u015ftirme Derne\u011fi (ES\u00c7EVDER) ve Do\u011faya G\u00fc\u00e7 Kat A\u011f\u0131\u2019n\u0131n Do\u011fa Dan\u0131\u015f Birimi kapsam\u0131nda i\u015fbirli\u011fi ile Koza Maden \u015eirketi\u2019nin Eski\u015fehir [&hellip;]<\/p>\n","protected":false},"author":1,"featured_media":179508,"comment_status":"open","ping_status":"open","sticky":false,"template":"","format":"standard","meta":[],"categories":[53],"tags":[110793,85381,71840,54878,110796,110797,110794,110795],"views":27,"_links":{"self":[{"href":"https:\/\/www.enerjigazetesi.ist\/en\/wp-json\/wp\/v2\/posts\/179505"}],"collection":[{"href":"https:\/\/www.enerjigazetesi.ist\/en\/wp-json\/wp\/v2\/posts"}],"about":[{"href":"https:\/\/www.enerjigazetesi.ist\/en\/wp-json\/wp\/v2\/types\/post"}],"author":[{"embeddable":true,"href":"https:\/\/www.enerjigazetesi.ist\/en\/wp-json\/wp\/v2\/users\/1"}],"replies":[{"embeddable":true,"href":"https:\/\/www.enerjigazetesi.ist\/en\/wp-json\/wp\/v2\/comments?post=179505"}],"version-history":[{"count":1,"href":"https:\/\/www.enerjigazetesi.ist\/en\/wp-json\/wp\/v2\/posts\/179505\/revisions"}],"predecessor-version":[{"id":179506,"href":"https:\/\/www.enerjigazetesi.ist\/en\/wp-json\/wp\/v2\/posts\/179505\/revisions\/179506"}],"wp:featuredmedia":[{"embeddable":true,"href":"https:\/\/www.enerjigazetesi.ist\/en\/wp-json\/wp\/v2\/media\/179508"}],"wp:attachment":[{"href":"https:\/\/www.enerjigazetesi.ist\/en\/wp-json\/wp\/v2\/media?parent=179505"}],"wp:term":[{"taxonomy":"category","embeddable":true,"href":"https:\/\/www.enerjigazetesi.ist\/en\/wp-json\/wp\/v2\/categories?post=179505"},{"taxonomy":"post_tag","embeddable":true,"href":"https:\/\/www.enerjigazetesi.ist\/en\/wp-json\/wp\/v2\/tags?post=179505"}],"curies":[{"name":"wp","href":"https:\/\/api.w.org\/{rel}","templated":true}]}}