{"id":179482,"date":"2023-09-22T16:38:56","date_gmt":"2023-09-22T13:38:56","guid":{"rendered":"https:\/\/www.enerjigazetesi.ist\/?p=179482"},"modified":"2023-09-22T16:38:56","modified_gmt":"2023-09-22T13:38:56","slug":"gayrimenkul-sektoru-yapilarda-donusum-zirvesinde-bulusuyor","status":"publish","type":"post","link":"https:\/\/www.enerjigazetesi.ist\/en\/gayrimenkul-sektoru-yapilarda-donusum-zirvesinde-bulusuyor\/","title":{"rendered":"(Turkish) Gayrimenkul Sekt\u00f6r\u00fc Yap\u0131larda D\u00f6n\u00fc\u015f\u00fcm Zirvesi\u2019nde Bulu\u015fuyor"},"content":{"rendered":"<p class=\"qtranxs-available-languages-message qtranxs-available-languages-message-en\">Sorry, this entry is only available in <a href=\"https:\/\/www.enerjigazetesi.ist\/tr\/wp-json\/wp\/v2\/posts\/179482\" class=\"qtranxs-available-language-link qtranxs-available-language-link-tr\" title=\"Turkish\">Turkish<\/a>. For the sake of viewer convenience, the content is shown below in the alternative language. You may click the link to switch the active language.<\/p><p><\/p>\n<h2>Y\u0131ld\u0131z Teknik \u00dcniversitesi ve Odakl\u0131 Grup i\u015f birli\u011fi AYD, \u00c7EDB\u0130K, GYODER, \u0130NDER, KONUTDER, MTMD, T\u00fcrkiye \u0130MSAD ve sekt\u00f6r derneklerinin destekleriyle d\u00fczenlenecek olan \u201cYap\u0131larda D\u00f6n\u00fc\u015f\u00fcm Zirvesi\u201d 04-05 Ekim 2023 tarihlerinde Y\u0131ld\u0131z Teknik \u00dcniversitesi Davutpa\u015fa Kongre ve K\u00fclt\u00fcr Merkezi&#8217;nde ger\u00e7ekle\u015fecek.<\/h2>\n<p style=\"text-align: center;\"><img loading=\"lazy\" class=\"aligncenter wp-image-179484\" src=\"https:\/\/www.enerjigazetesi.ist\/wp-content\/uploads\/2023\/09\/gayrimenkul-sektoru-yapilarda-donusum-zirvesinde-bulusuyor.jpg\" alt=\"\" width=\"500\" height=\"319\" srcset=\"https:\/\/www.enerjigazetesi.ist\/wp-content\/uploads\/2023\/09\/gayrimenkul-sektoru-yapilarda-donusum-zirvesinde-bulusuyor.jpg 550w, https:\/\/www.enerjigazetesi.ist\/wp-content\/uploads\/2023\/09\/gayrimenkul-sektoru-yapilarda-donusum-zirvesinde-bulusuyor-300x191.jpg 300w, https:\/\/www.enerjigazetesi.ist\/wp-content\/uploads\/2023\/09\/gayrimenkul-sektoru-yapilarda-donusum-zirvesinde-bulusuyor-500x319.jpg 500w, https:\/\/www.enerjigazetesi.ist\/wp-content\/uploads\/2023\/09\/gayrimenkul-sektoru-yapilarda-donusum-zirvesinde-bulusuyor-78x50.jpg 78w\" sizes=\"(max-width: 500px) 100vw, 500px\" \/><\/p>\n<p><strong>\u2018\u2019S\u00fcrd\u00fcr\u00fclebilir D\u00f6n\u00fc\u015f\u00fcm\u2018\u2019<\/strong> ana temas\u0131 ile ger\u00e7ekle\u015fecek olan <strong>&#8220;Yap\u0131larda D\u00f6n\u00fc\u015f\u00fcm Zirvesi&#8221;<\/strong>, in\u015faat ve finans sekt\u00f6r\u00fc, yerel y\u00f6netim temsilcileri, kamu ve \u00f6zel sekt\u00f6r profesyonelleri ile sekt\u00f6r temsilcilerini bir araya getiriyor. Sekt\u00f6r\u00fcn t\u00fcm payda\u015flar\u0131n\u0131n bir arada olaca\u011f\u0131 zirvede, gayrimenkul sekt\u00f6r\u00fcnde <strong>s\u00fcrd\u00fcrebilirlik<\/strong> ve <strong>d\u00f6n\u00fc\u015f\u00fcm<\/strong> t\u00fcm y\u00f6nleriyle ele al\u0131nacak.<\/p>\n<p>Yap\u0131larda D\u00f6n\u00fc\u015f\u00fcm Zirvesi\u2019ne <em>YT\u00dc Rekt\u00f6r\u00fc Prof.Dr. Tamer Y\u0131lmaz, T\u00fcrkiye Belediyeler Birli\u011fi Genel Sekreteri Dr. Hayri Bara\u00e7l\u0131, GYODER Y\u00f6netim Kurulu Ba\u015fkan\u0131 Mehmet Kalyoncu, KONUTDER Y\u00f6netim Kurulu Ba\u015fkan\u0131 Ramadan Kumova, \u0130NDER Ba\u015fkan\u0131 Nazmi Durbakay\u0131m, Vak\u0131f GYO Genel M\u00fcd\u00fcr\u00fc Onur \u0130ncehasan, Ege Yap\u0131 Y\u00f6netim Kurulu Ba\u015fkan\u0131 \u0130nan\u00e7 Kabaday\u0131, Nas\u0131l Bir Ekonomi Gazetesi Y\u00f6netim Kurulu Ba\u015fkan\u0131 Hakan G\u00fclda\u011f, TSKB Genel M\u00fcd\u00fcr\u00fc Makbule Y\u00f6nel Maya, KENTSEV Y\u00f6netim Kurulu Ba\u015fkan\u0131 Haluk Sur, \u00c7EDB\u0130K Y\u00f6netim Kurulu Ba\u015fkan\u0131 Mehmet Sami K\u0131l\u0131\u00e7, THBB Y\u00f6netim Kurulu Ba\u015fkan\u0131 Yavuz I\u015f\u0131k, KAM\u0130AD Y\u00f6netim Kurulu Ba\u015fkan\u0131 Ali Ad\u0131g\u00fczel<\/em> ba\u015fta olmak \u00fczere <strong>sekt\u00f6r temsilcileri deneyimlerini, \u00f6rnek te\u015fkil eden projelerini<\/strong> ve sekt\u00f6r\u00fcn <strong>gelecek \u00f6ng\u00f6r\u00fclerini<\/strong> kat\u0131l\u0131mc\u0131larla payla\u015facak.<\/p>\n<p><strong>Yap\u0131larda D\u00f6n\u00fc\u015f\u00fcm Zirvesi<\/strong>&#8216;ne <strong>m\u00fcteahhitler, dernek \u00fcyeleri, mekanik tesisat m\u00fcteahhitleri, kamu kurum ve kurulu\u015flar\u0131n\u0131n temsilcileri, akademisyenler, yat\u0131r\u0131mc\u0131lar, m\u00fc\u015favirler, mimarlar, proje firmalar\u0131 ve finans kurumlar\u0131<\/strong> gibi sekt\u00f6r temsilcileri kat\u0131l\u0131m g\u00f6sterecek.<\/p>\n<p><strong>2 g\u00fcn<\/strong> s\u00fcrecek etkinlikte <strong>8<\/strong> oturum <strong>40\u2019a yak\u0131n konu\u015fmac\u0131<\/strong> yer alacak. Etkinlik hakk\u0131nda detayl\u0131 bilgiye \u00a0<a href=\"http:\/\/yapilardadonusumzirvesi.com\/\" target=\"_blank\" rel=\"noopener\">http:\/\/yapilardadonusumzirvesi.com\/<\/a>\u00a0adresinden ula\u015fabilirsiniz.<\/p>","protected":false},"excerpt":{"rendered":"<p>Sorry, this entry is only available in Turkish. For the sake of viewer convenience, the content is shown below in the alternative language. You may click the link to switch the active language. Y\u0131ld\u0131z Teknik \u00dcniversitesi ve Odakl\u0131 Grup i\u015f birli\u011fi AYD, \u00c7EDB\u0130K, GYODER, \u0130NDER, KONUTDER, MTMD, T\u00fcrkiye \u0130MSAD ve sekt\u00f6r derneklerinin destekleriyle d\u00fczenlenecek olan [&hellip;]<\/p>\n","protected":false},"author":1,"featured_media":179484,"comment_status":"open","ping_status":"open","sticky":false,"template":"","format":"standard","meta":[],"categories":[53,52],"tags":[104163,46460,109798],"views":45,"_links":{"self":[{"href":"https:\/\/www.enerjigazetesi.ist\/en\/wp-json\/wp\/v2\/posts\/179482"}],"collection":[{"href":"https:\/\/www.enerjigazetesi.ist\/en\/wp-json\/wp\/v2\/posts"}],"about":[{"href":"https:\/\/www.enerjigazetesi.ist\/en\/wp-json\/wp\/v2\/types\/post"}],"author":[{"embeddable":true,"href":"https:\/\/www.enerjigazetesi.ist\/en\/wp-json\/wp\/v2\/users\/1"}],"replies":[{"embeddable":true,"href":"https:\/\/www.enerjigazetesi.ist\/en\/wp-json\/wp\/v2\/comments?post=179482"}],"version-history":[{"count":0,"href":"https:\/\/www.enerjigazetesi.ist\/en\/wp-json\/wp\/v2\/posts\/179482\/revisions"}],"wp:featuredmedia":[{"embeddable":true,"href":"https:\/\/www.enerjigazetesi.ist\/en\/wp-json\/wp\/v2\/media\/179484"}],"wp:attachment":[{"href":"https:\/\/www.enerjigazetesi.ist\/en\/wp-json\/wp\/v2\/media?parent=179482"}],"wp:term":[{"taxonomy":"category","embeddable":true,"href":"https:\/\/www.enerjigazetesi.ist\/en\/wp-json\/wp\/v2\/categories?post=179482"},{"taxonomy":"post_tag","embeddable":true,"href":"https:\/\/www.enerjigazetesi.ist\/en\/wp-json\/wp\/v2\/tags?post=179482"}],"curies":[{"name":"wp","href":"https:\/\/api.w.org\/{rel}","templated":true}]}}