{"id":179470,"date":"2023-09-22T16:13:03","date_gmt":"2023-09-22T13:13:03","guid":{"rendered":"https:\/\/www.enerjigazetesi.ist\/?p=179470"},"modified":"2023-09-22T16:13:03","modified_gmt":"2023-09-22T13:13:03","slug":"izoder-uyardi-enerji-tasarrufu-yalitim-ile-basliyor","status":"publish","type":"post","link":"https:\/\/www.enerjigazetesi.ist\/en\/izoder-uyardi-enerji-tasarrufu-yalitim-ile-basliyor\/","title":{"rendered":"(Turkish) \u0130zoder Uyard\u0131: Enerji Tasarrufu Yal\u0131t\u0131m ile Ba\u015fl\u0131yor"},"content":{"rendered":"<p class=\"qtranxs-available-languages-message qtranxs-available-languages-message-en\">Sorry, this entry is only available in <a href=\"https:\/\/www.enerjigazetesi.ist\/tr\/wp-json\/wp\/v2\/posts\/179470\" class=\"qtranxs-available-language-link qtranxs-available-language-link-tr\" title=\"Turkish\">Turkish<\/a>. For the sake of viewer convenience, the content is shown below in the alternative language. You may click the link to switch the active language.<\/p><p><\/p>\n<h2><strong>Yaz mevsimi ve bunalt\u0131c\u0131 s\u0131caklar sona erdi. Sonbahar\u0131n geli\u015fi ile birlikte g\u00fczel havan\u0131n tad\u0131n\u0131n \u00e7\u0131kar\u0131ld\u0131\u011f\u0131 en iyi zamanlardan ge\u00e7iyoruz. Ancak \u00f6n\u00fcm\u00fcz k\u0131\u015f ve uzmanlar bu k\u0131\u015f\u0131n \u00e7etin ge\u00e7ece\u011fi konusunda uyar\u0131yor. Zorlu k\u0131\u015f \u015fartlar\u0131, \u0131s\u0131nmak i\u00e7in daha fazla enerji harcamak anlam\u0131na geliyor. Do\u011falgaz fiyatlar\u0131 ise cep yak\u0131yor. \u0130ZODER, k\u0131\u015f\u0131 kara kara d\u00fc\u015f\u00fcnerek ge\u00e7irmek istemeyenleri hem ekonomik hem de \u00e7evre dostu bir yat\u0131r\u0131m olan yal\u0131t\u0131m yapt\u0131rmaya \u00e7a\u011f\u0131r\u0131yor.\u00a0 <\/strong><\/h2>\n<p>Yazdan kalma g\u00fcnlerden ge\u00e7erken k\u0131\u015f\u0131n kap\u0131da bekledi\u011fini unutmamak gerekiyor. Do\u011falgaz faturalar\u0131 cepleri yakmadan yal\u0131t\u0131m yapt\u0131rmak b\u00fcy\u00fck \u00f6nem ta\u015f\u0131yor. Hava \u015fartlar\u0131 g\u00f6z \u00f6n\u00fcnde al\u0131nd\u0131\u011f\u0131nda yal\u0131t\u0131m yapt\u0131rmak i\u00e7in en do\u011fru zamanlardan ge\u00e7ti\u011fimiz bu g\u00fcnlerde yat\u0131r\u0131m\u0131n\u0131 yal\u0131t\u0131mdan yana yapanlar kazan\u00e7l\u0131 \u00e7\u0131k\u0131yor. Yal\u0131t\u0131m yapt\u0131r\u0131lan binalar\u0131n \u0131s\u0131tma ve so\u011futma giderleri yar\u0131 yar\u0131ya azal\u0131rken \u00f6mr\u00fc uzuyor. Nemden kaynaklanan k\u00fcf, rutubet, mantar ve k\u00f6t\u00fc koku olu\u015fumunu da \u00f6nleyen yal\u0131t\u0131m, sa\u011fl\u0131kl\u0131 ve konforlu ya\u015fam alanlar\u0131na imk\u00e2n sa\u011fl\u0131yor.<\/p>\n<p><img loading=\"lazy\" class=\"alignright wp-image-179474\" src=\"https:\/\/www.enerjigazetesi.ist\/wp-content\/uploads\/2023\/09\/izoder-uyardi-enerji-tasarrufu-yalitim-ile-basliyor-1.jpg\" alt=\"\" width=\"320\" height=\"310\" srcset=\"https:\/\/www.enerjigazetesi.ist\/wp-content\/uploads\/2023\/09\/izoder-uyardi-enerji-tasarrufu-yalitim-ile-basliyor-1.jpg 496w, https:\/\/www.enerjigazetesi.ist\/wp-content\/uploads\/2023\/09\/izoder-uyardi-enerji-tasarrufu-yalitim-ile-basliyor-1-300x290.jpg 300w, https:\/\/www.enerjigazetesi.ist\/wp-content\/uploads\/2023\/09\/izoder-uyardi-enerji-tasarrufu-yalitim-ile-basliyor-1-413x400.jpg 413w, https:\/\/www.enerjigazetesi.ist\/wp-content\/uploads\/2023\/09\/izoder-uyardi-enerji-tasarrufu-yalitim-ile-basliyor-1-52x50.jpg 52w\" sizes=\"(max-width: 320px) 100vw, 320px\" \/>Enerji verimli, g\u00fcvenli, sa\u011fl\u0131kl\u0131 ve konforlu binalarda ya\u015faman\u0131n en \u00f6nemli ko\u015fullar\u0131ndan olan yal\u0131t\u0131m\u0131n do\u011fru malzeme ve do\u011fru uygulamalarla yap\u0131ld\u0131\u011f\u0131 zaman hem \u00fclke ekonomisine hem de vatanda\u015flar\u0131n b\u00fct\u00e7esine katk\u0131 sa\u011flad\u0131\u011f\u0131n\u0131 belirten <strong>\u0130ZODER-Is\u0131 Su Ses ve Yang\u0131n Yal\u0131t\u0131mc\u0131lar\u0131 Derne\u011fi Y\u00f6netim Kurulu Ba\u015fkan\u0131 Emrullah Eruslu<\/strong>, \u015funlar\u0131 s\u00f6yledi: <em>\u201cK\u0131\u015f yakla\u015f\u0131rken y\u00fcksek do\u011falgaz faturalar\u0131 \u00f6demek istemeyen vatanda\u015flar\u0131m\u0131z yal\u0131t\u0131ma y\u00f6neliyor. Yal\u0131t\u0131m i\u00e7in mevsimsel a\u00e7\u0131dan \u00e7ok do\u011fru bir zamandan ge\u00e7iyoruz ancak piyasada \u00e7ok say\u0131da <strong>yal\u0131t\u0131m malzemesi<\/strong> bulunuyor. T\u00fcketicilerin bu \u00fcr\u00fcnler aras\u0131ndan se\u00e7im yaparken mutlaka yal\u0131t\u0131m malzemelerinin \u00fczerindeki etiketlerde <strong>CE i\u015fareti olup olmad\u0131\u011f\u0131na<\/strong> bakmas\u0131 gerekiyor.<\/em><\/p>\n<p><em>\u00dclkemizde her sekt\u00f6rde oldu\u011fu gibi yal\u0131t\u0131m sekt\u00f6r\u00fcnde de mevcut olan haks\u0131z rekabet ko\u015fullar\u0131 dolay\u0131s\u0131yla merdiven alt\u0131 \u00fcretilen kalitesiz ancak ucuz \u00fcr\u00fcnler t\u00fcketiciyi yan\u0131lt\u0131yor ve yapt\u0131rd\u0131klar\u0131 yal\u0131t\u0131m uygulamalar\u0131ndan verim almalar\u0131n\u0131 engelliyor. <strong>Do\u011fru malzeme, do\u011fru kal\u0131nl\u0131k ve do\u011fru uygulama<\/strong> ile binay\u0131 \u00e7evreleyen yal\u0131t\u0131m, sayesinde k\u0131\u015f aylar\u0131nda \u0131s\u0131tmaya harcanan enerji azal\u0131yor, faturalar hafifliyor.\u201d<\/em><\/p>\n<h3><strong>Yal\u0131t\u0131ma \u00f6denen para gelen d\u00fc\u015f\u00fck faturalar sayesinde kendini amorti ediyor<\/strong><\/h3>\n<p>Yal\u0131t\u0131mdan daha y\u00fcksek performans alabilmek i\u00e7in yal\u0131t\u0131m kal\u0131nl\u0131\u011f\u0131n\u0131n da b\u00fcy\u00fck \u00f6nem ta\u015f\u0131d\u0131\u011f\u0131n\u0131n alt\u0131n\u0131 \u00e7izen <strong>\u0130ZODER Ba\u015fkan\u0131 Emrullah Eruslu<\/strong>, <em>\u201cBug\u00fcn yeni in\u015fa edilen bir binada \u0131s\u0131 yal\u0131t\u0131m\u0131 uygulamalar\u0131n\u0131n maliyeti toplam bina maliyetinin y\u00fczde 2 ila y\u00fczde 3\u2019\u00fcne tekab\u00fcl ediyor. Faturalardan elde edilen tasarruf sayesinde bu tutar 2 ila 5 y\u0131l aras\u0131nda kendini \u00f6demi\u015f oluyor. Genel olarak uygulamalarda yal\u0131t\u0131m malzemesinin maliyetinin d\u0131\u015f\u0131nda, yal\u0131t\u0131m kal\u0131nl\u0131\u011f\u0131ndan ba\u011f\u0131ms\u0131z olarak; iskele kurulumu, elektrik, su gibi alt yap\u0131 maliyetleri, yap\u0131\u015ft\u0131r\u0131c\u0131, s\u0131va, d\u00fcbel, file vb. yard\u0131mc\u0131 malzeme maliyetleri, boya, d\u0131\u015f cephe kaplamas\u0131 gibi tamamlay\u0131c\u0131 malzeme maliyetleri ve i\u015f\u00e7ilik maliyetleri olu\u015fur. T\u00fcm bu maliyetlerin i\u00e7erisinde yal\u0131t\u0131m malzemesinin kal\u0131nl\u0131\u011f\u0131n\u0131n artt\u0131r\u0131lmas\u0131ndan olu\u015facak ilave maliyeti uygulamadan uygulamaya de\u011fi\u015fmekle birlikte olduk\u00e7a d\u00fc\u015f\u00fckt\u00fcr. Yani iskeleyi kurdurmu\u015f, i\u015f\u00e7iyi iskeleye \u00e7\u0131karm\u0131\u015f, yap\u0131\u015ft\u0131r\u0131c\u0131, s\u0131va, boya gibi malzemeleri alm\u0131\u015fken enerji verimlili\u011fini sa\u011flayacak <strong>yal\u0131t\u0131m levhas\u0131n\u0131 m\u00fcmk\u00fcn oldu\u011funca kal\u0131n kullanmal\u0131y\u0131z<\/strong>. Art\u0131k bizim de <strong>Antalya ve \u0130zmir<\/strong> gibi s\u0131cak iklim b\u00f6lgelerinde<strong> 6-8 cm<\/strong>, <strong>\u0130stanbul<\/strong> gibi \u0131l\u0131man iklime sahip b\u00f6lgelerde <strong>9-10 cm<\/strong>, <strong>Ankara<\/strong> gibi so\u011fuk olan yerlerde<strong> 10-12 cm<\/strong> ve <strong>Erzurum<\/strong> gibi \u00e7ok so\u011fuk olan yerlerde <strong>14-15 cm kal\u0131nl\u0131klarda<\/strong> yal\u0131t\u0131m yapmam\u0131z gerekiyor. Benzer durum pencereler i\u00e7in de ge\u00e7erli. Pencerelerde kaplamas\u0131z klasik camlar yerine <strong>\u0131s\u0131 ve\/veya g\u00fcne\u015f kontrol kaplamal\u0131 yal\u0131t\u0131m camlar\u0131n\u0131<\/strong> kullanmal\u0131y\u0131z. Bu noktada t\u00fcm vatanda\u015flar\u0131m\u0131za mevzuat limitlerinin \u00f6tesine ge\u00e7melerini ve <strong>daha kal\u0131n yal\u0131t\u0131m yapmalar\u0131n\u0131<\/strong> tavsiye ediyoruz\u201d<\/em> dedi.<\/p>\n<h3><strong>Yal\u0131t\u0131m yapt\u0131rmak isteyenlere avantajl\u0131 kredi imk\u00e2n\u0131 sunuluyor<\/strong><\/h3>\n<p>\u0130ZODER olarak vatanda\u015flar\u0131n yal\u0131t\u0131m yapt\u0131r\u0131rken maddi a\u00e7\u0131dan zorlanmamas\u0131 ad\u0131na uzun y\u0131llard\u0131r ilgili kurumlarla \u00fczerinde \u00e7al\u0131\u015ft\u0131klar\u0131 <strong>\u201cYal\u0131t\u0131m Kredisi\u201d<\/strong>nin ge\u00e7ti\u011fimiz y\u0131l\u0131n ortas\u0131nda uygulanmaya ba\u015flanmas\u0131n\u0131n \u00f6nemli bir ad\u0131m oldu\u011funu belirten <strong>Emrullah Eruslu<\/strong>; <em>\u201c6 Haziran 2022\u2019de, Enerji ve Tabii Kaynaklar Bakanl\u0131\u011f\u0131, \u00c7evre ve \u015eehircilik Bakanl\u0131\u011f\u0131 ile Hazine Maliye Bakanl\u0131\u011f\u0131 \u00f6nc\u00fcl\u00fc\u011f\u00fcnde, \u0130ZODER\u2019in deste\u011fi ile hayata ge\u00e7en daire ba\u015f\u0131na <strong>50 bin liraya<\/strong> kadar <strong>60 ay<\/strong> vadeli ve<strong> 0,99 faiz oranl\u0131 Yal\u0131t\u0131m Kredisi,<\/strong> <strong>Ziraat Bankas\u0131, Vak\u0131fbank, Halkbank ve Ziraat Kat\u0131l\u0131m bankalar\u0131<\/strong> taraf\u0131ndan verilmeye ba\u015fland\u0131. <strong>\u015eekerbank<\/strong> i\u015f birli\u011finde hayata ge\u00e7irdi\u011fimiz <strong>Eko Kredi, yal\u0131t\u0131m uygulamalar\u0131<\/strong> i\u00e7in \u00f6nemli bir<strong> finansman \u00e7\u00f6z\u00fcm\u00fc<\/strong> oldu. Is\u0131 yal\u0131t\u0131m\u0131n\u0131n \u00f6nemini bilmesine ra\u011fmen ekonomik nedenlerden dolay\u0131 yal\u0131t\u0131m yapt\u0131ramayan \u00e7ok say\u0131da ki\u015fi var. Kredi \u00f6demelerinden endi\u015felenenler <strong>elektrik<\/strong> ve <strong>do\u011falgaz faturalar\u0131n\u0131n yar\u0131 yar\u0131ya d\u00fc\u015fece\u011fini<\/strong>, sa\u011flad\u0131klar\u0131 <strong>tasarrufla kredilerini<\/strong> <strong>s\u0131k\u0131nt\u0131 \u00e7ekmeden \u00f6deyebileceklerini<\/strong> unutmamal\u0131. Yal\u0131t\u0131m Kredisinden yararlanmak isteyen vatanda\u015flar\u0131m\u0131z <strong>\u0130ZODER\u2019in<\/strong> web sitesine girerek<strong> kredi detaylar\u0131n\u0131 da \u00f6\u011frenebilirler<\/strong>\u201d<\/em> diyerek a\u00e7\u0131klamalar\u0131n\u0131 bitirdi.<\/p>","protected":false},"excerpt":{"rendered":"<p>Sorry, this entry is only available in Turkish. For the sake of viewer convenience, the content is shown below in the alternative language. You may click the link to switch the active language. Yaz mevsimi ve bunalt\u0131c\u0131 s\u0131caklar sona erdi. Sonbahar\u0131n geli\u015fi ile birlikte g\u00fczel havan\u0131n tad\u0131n\u0131n \u00e7\u0131kar\u0131ld\u0131\u011f\u0131 en iyi zamanlardan ge\u00e7iyoruz. Ancak \u00f6n\u00fcm\u00fcz k\u0131\u015f [&hellip;]<\/p>\n","protected":false},"author":1,"featured_media":179473,"comment_status":"open","ping_status":"open","sticky":false,"template":"","format":"standard","meta":[],"categories":[53,52],"tags":[675,110780,103828,9134,41077],"views":95,"_links":{"self":[{"href":"https:\/\/www.enerjigazetesi.ist\/en\/wp-json\/wp\/v2\/posts\/179470"}],"collection":[{"href":"https:\/\/www.enerjigazetesi.ist\/en\/wp-json\/wp\/v2\/posts"}],"about":[{"href":"https:\/\/www.enerjigazetesi.ist\/en\/wp-json\/wp\/v2\/types\/post"}],"author":[{"embeddable":true,"href":"https:\/\/www.enerjigazetesi.ist\/en\/wp-json\/wp\/v2\/users\/1"}],"replies":[{"embeddable":true,"href":"https:\/\/www.enerjigazetesi.ist\/en\/wp-json\/wp\/v2\/comments?post=179470"}],"version-history":[{"count":0,"href":"https:\/\/www.enerjigazetesi.ist\/en\/wp-json\/wp\/v2\/posts\/179470\/revisions"}],"wp:featuredmedia":[{"embeddable":true,"href":"https:\/\/www.enerjigazetesi.ist\/en\/wp-json\/wp\/v2\/media\/179473"}],"wp:attachment":[{"href":"https:\/\/www.enerjigazetesi.ist\/en\/wp-json\/wp\/v2\/media?parent=179470"}],"wp:term":[{"taxonomy":"category","embeddable":true,"href":"https:\/\/www.enerjigazetesi.ist\/en\/wp-json\/wp\/v2\/categories?post=179470"},{"taxonomy":"post_tag","embeddable":true,"href":"https:\/\/www.enerjigazetesi.ist\/en\/wp-json\/wp\/v2\/tags?post=179470"}],"curies":[{"name":"wp","href":"https:\/\/api.w.org\/{rel}","templated":true}]}}