{"id":179440,"date":"2023-09-21T19:16:40","date_gmt":"2023-09-21T16:16:40","guid":{"rendered":"https:\/\/www.enerjigazetesi.ist\/?p=179440"},"modified":"2023-09-21T19:16:40","modified_gmt":"2023-09-21T16:16:40","slug":"suleymanpasa-basin-mensuplari-dernegi-nden-tredas-a-ziyaret","status":"publish","type":"post","link":"https:\/\/www.enerjigazetesi.ist\/en\/suleymanpasa-basin-mensuplari-dernegi-nden-tredas-a-ziyaret\/","title":{"rendered":"(Turkish) S\u00fcleymanpa\u015fa Bas\u0131n Mensuplar\u0131 Derne\u011fi&#8217;nden TREDA\u015e&#8217;a Ziyaret"},"content":{"rendered":"<p class=\"qtranxs-available-languages-message qtranxs-available-languages-message-en\">Sorry, this entry is only available in <a href=\"https:\/\/www.enerjigazetesi.ist\/tr\/wp-json\/wp\/v2\/posts\/179440\" class=\"qtranxs-available-language-link qtranxs-available-language-link-tr\" title=\"Turkish\">Turkish<\/a>. For the sake of viewer convenience, the content is shown below in the alternative language. You may click the link to switch the active language.<\/p><p><\/p>\n<h2>S\u00fcleymanpa\u015fa Bas\u0131n Mensuplar\u0131 Derne\u011fi Ba\u015fkan\u0131 Abdullah Yal\u00e7\u0131n, TREDA\u015e Genel M\u00fcd\u00fcr\u00fc Re\u015fit Bilgili\u2019ye ziyaret ger\u00e7ekle\u015ftirdi.<\/h2>\n<p>Yal\u00e7\u0131n, beraberinde Dernek Y\u00f6netim Kurulu \u00fcyesi Mesut Karaduman ile birlikte TREDA\u015e Genel M\u00fcd\u00fcrl\u00fc\u011f\u00fc\u2019ne gelerek, <strong>TREDA\u015e Genel M\u00fcd\u00fcr\u00fc Re\u015fit Bilgili<\/strong> ve <strong>Kurumsal \u0130leti\u015fim M\u00fcd\u00fcr\u00fc <img loading=\"lazy\" class=\"alignright wp-image-179443\" src=\"https:\/\/www.enerjigazetesi.ist\/wp-content\/uploads\/2023\/09\/suleymanpasa-basin-mensuplari-dernegi-nden-tredas-a-ziyaret-1.jpg\" alt=\"\" width=\"320\" height=\"213\" srcset=\"https:\/\/www.enerjigazetesi.ist\/wp-content\/uploads\/2023\/09\/suleymanpasa-basin-mensuplari-dernegi-nden-tredas-a-ziyaret-1.jpg 550w, https:\/\/www.enerjigazetesi.ist\/wp-content\/uploads\/2023\/09\/suleymanpasa-basin-mensuplari-dernegi-nden-tredas-a-ziyaret-1-300x200.jpg 300w, https:\/\/www.enerjigazetesi.ist\/wp-content\/uploads\/2023\/09\/suleymanpasa-basin-mensuplari-dernegi-nden-tredas-a-ziyaret-1-500x333.jpg 500w, https:\/\/www.enerjigazetesi.ist\/wp-content\/uploads\/2023\/09\/suleymanpasa-basin-mensuplari-dernegi-nden-tredas-a-ziyaret-1-75x50.jpg 75w, https:\/\/www.enerjigazetesi.ist\/wp-content\/uploads\/2023\/09\/suleymanpasa-basin-mensuplari-dernegi-nden-tredas-a-ziyaret-1-450x300.jpg 450w\" sizes=\"(max-width: 320px) 100vw, 320px\" \/>Ergin Akg\u00fcn<\/strong> ile bir araya geldi.<\/p>\n<p>Ziyarette 2024 y\u0131l\u0131nda tekrarlanacak olan Tekirda\u011f Bas\u0131n \u00d6d\u00fclleri gecesi hakk\u0131nda bilgilendirmelerde bulunuldu. Ayn\u0131 zamanda TREDA\u015e Kurumsal \u0130leti\u015fim Birimi taraf\u0131ndan ger\u00e7ekle\u015ftirilen <strong>sosyal sorumluluk projeleri<\/strong> ve TREDA\u015e\u2019\u0131n <strong>elektrik da\u011f\u0131t\u0131m\u0131nda<\/strong> teknolojiyi etkin kullanma alanlar\u0131 yaratarak uygulamaya koydu\u011fu <strong>yapay zeka sistemleri<\/strong> gibi bir\u00e7ok faaliyet ile ilgili de\u011ferlendirmeler yap\u0131ld\u0131.<\/p>\n<p>Genel M\u00fcd\u00fcr Bilgili, \u00f6zellikle m\u00fc\u015fteri memnuniyeti odakl\u0131 ger\u00e7ekle\u015ftirilen projelerin yan\u0131 s\u0131ra i\u00e7 ve d\u0131\u015f dinamikleri ile etkili ileti\u015fim kurabilmeye \u00f6zen g\u00f6sterdiklerini belirterek, <strong>elektrik da\u011f\u0131t\u0131m hizmetine<\/strong> olumlu katk\u0131 sa\u011flayan ad\u0131mlar atmaya devam edeceklerini iletti.<\/p>\n<p>TREDA\u015e, ge\u00e7ti\u011fimiz y\u0131l <strong>Tekirda\u011f Bas\u0131n \u00d6d\u00fclleri T\u00f6reni\u2019nde<\/strong> yerel ve ulusal bas\u0131n mensuplar\u0131yla y\u0131l i\u00e7inde sa\u011flanan <strong>etkili ileti\u015fim \u00e7al\u0131\u015fmalar\u0131ndan<\/strong> dolay\u0131 <strong>S\u00fcleymanpa\u015fa Bas\u0131n Mensuplar\u0131 Derne\u011fi<\/strong> taraf\u0131ndan<strong> plakete lay\u0131k g\u00f6r\u00fclm\u00fc\u015ft\u00fc.<\/strong><\/p>","protected":false},"excerpt":{"rendered":"<p>Sorry, this entry is only available in Turkish. For the sake of viewer convenience, the content is shown below in the alternative language. You may click the link to switch the active language. S\u00fcleymanpa\u015fa Bas\u0131n Mensuplar\u0131 Derne\u011fi Ba\u015fkan\u0131 Abdullah Yal\u00e7\u0131n, TREDA\u015e Genel M\u00fcd\u00fcr\u00fc Re\u015fit Bilgili\u2019ye ziyaret ger\u00e7ekle\u015ftirdi. Yal\u00e7\u0131n, beraberinde Dernek Y\u00f6netim Kurulu \u00fcyesi Mesut Karaduman [&hellip;]<\/p>\n","protected":false},"author":1,"featured_media":179442,"comment_status":"open","ping_status":"open","sticky":false,"template":"","format":"standard","meta":[],"categories":[51,53],"tags":[15016,110771,12370],"views":28,"_links":{"self":[{"href":"https:\/\/www.enerjigazetesi.ist\/en\/wp-json\/wp\/v2\/posts\/179440"}],"collection":[{"href":"https:\/\/www.enerjigazetesi.ist\/en\/wp-json\/wp\/v2\/posts"}],"about":[{"href":"https:\/\/www.enerjigazetesi.ist\/en\/wp-json\/wp\/v2\/types\/post"}],"author":[{"embeddable":true,"href":"https:\/\/www.enerjigazetesi.ist\/en\/wp-json\/wp\/v2\/users\/1"}],"replies":[{"embeddable":true,"href":"https:\/\/www.enerjigazetesi.ist\/en\/wp-json\/wp\/v2\/comments?post=179440"}],"version-history":[{"count":0,"href":"https:\/\/www.enerjigazetesi.ist\/en\/wp-json\/wp\/v2\/posts\/179440\/revisions"}],"wp:featuredmedia":[{"embeddable":true,"href":"https:\/\/www.enerjigazetesi.ist\/en\/wp-json\/wp\/v2\/media\/179442"}],"wp:attachment":[{"href":"https:\/\/www.enerjigazetesi.ist\/en\/wp-json\/wp\/v2\/media?parent=179440"}],"wp:term":[{"taxonomy":"category","embeddable":true,"href":"https:\/\/www.enerjigazetesi.ist\/en\/wp-json\/wp\/v2\/categories?post=179440"},{"taxonomy":"post_tag","embeddable":true,"href":"https:\/\/www.enerjigazetesi.ist\/en\/wp-json\/wp\/v2\/tags?post=179440"}],"curies":[{"name":"wp","href":"https:\/\/api.w.org\/{rel}","templated":true}]}}