{"id":179436,"date":"2023-09-21T18:33:20","date_gmt":"2023-09-21T15:33:20","guid":{"rendered":"https:\/\/www.enerjigazetesi.ist\/?p=179436"},"modified":"2023-09-21T18:34:17","modified_gmt":"2023-09-21T15:34:17","slug":"nukleer-teknoloji-konulu-uluslararasi-genclik-forumu-obninskte-basladi","status":"publish","type":"post","link":"https:\/\/www.enerjigazetesi.ist\/en\/nukleer-teknoloji-konulu-uluslararasi-genclik-forumu-obninskte-basladi\/","title":{"rendered":"(Turkish) N\u00fckleer Teknoloji Konulu Uluslararas\u0131 Gen\u00e7lik Forumu Obninsk&#8217;te Ba\u015flad\u0131"},"content":{"rendered":"<p class=\"qtranxs-available-languages-message qtranxs-available-languages-message-en\">Sorry, this entry is only available in <a href=\"https:\/\/www.enerjigazetesi.ist\/tr\/wp-json\/wp\/v2\/posts\/179436\" class=\"qtranxs-available-language-link qtranxs-available-language-link-tr\" title=\"Turkish\">Turkish<\/a>. For the sake of viewer convenience, the content is shown below in the alternative language. You may click the link to switch the active language.<\/p><p><\/p>\n<h2>Uluslararas\u0131 Gen\u00e7lik N\u00fckleer Forumu Obninsk NEW, d\u00fcnyan\u0131n ilk n\u00fckleer santraline ev sahipli\u011fi yapan Rusya\u2019n\u0131n Obninsk kentinde ba\u015flad\u0131. N\u00fckleer E\u011fitim Haftas\u0131 kapsam\u0131nda d\u00fczenlenen etkinlik, Rusya Devlet N\u00fckleer Enerji Kurulu\u015fu Rosatom, Ulusal N\u00fckleer Ara\u015ft\u0131rma \u00dcniversitesi (MEPhI) ve MEPhI&#8217;ye ba\u011fl\u0131 Obninsk N\u00fckleer Enerji M\u00fchendisli\u011fi Enstit\u00fcs\u00fc taraf\u0131ndan d\u00fczenleniyor.<\/h2>\n<p style=\"text-align: center;\"><img loading=\"lazy\" class=\"aligncenter wp-image-179438\" src=\"https:\/\/www.enerjigazetesi.ist\/wp-content\/uploads\/2023\/09\/nukleer-teknoloji-konulu-uluslararasi-genclik-forumu-obninskte-basladi.jpg\" alt=\"\" width=\"500\" height=\"335\" srcset=\"https:\/\/www.enerjigazetesi.ist\/wp-content\/uploads\/2023\/09\/nukleer-teknoloji-konulu-uluslararasi-genclik-forumu-obninskte-basladi.jpg 550w, https:\/\/www.enerjigazetesi.ist\/wp-content\/uploads\/2023\/09\/nukleer-teknoloji-konulu-uluslararasi-genclik-forumu-obninskte-basladi-300x201.jpg 300w, https:\/\/www.enerjigazetesi.ist\/wp-content\/uploads\/2023\/09\/nukleer-teknoloji-konulu-uluslararasi-genclik-forumu-obninskte-basladi-500x335.jpg 500w, https:\/\/www.enerjigazetesi.ist\/wp-content\/uploads\/2023\/09\/nukleer-teknoloji-konulu-uluslararasi-genclik-forumu-obninskte-basladi-75x50.jpg 75w\" sizes=\"(max-width: 500px) 100vw, 500px\" \/><\/p>\n<p>Foruma kat\u0131lanlar aras\u0131nda <strong>T\u00fcrkiye, \u00c7in, Hindistan, Vietnam, Macaristan, Kenya, \u00d6zbekistan, G\u00fcney Afrika<\/strong> da dahil <strong>70&#8217;ten<\/strong> fazla \u00fclkeden <strong>lisans, y\u00fcksek lisans ve doktora \u00f6\u011frencileri<\/strong> ile gen\u00e7 ara\u015ft\u0131rmac\u0131lar bulunuyor. Ayr\u0131ca akademik camiadan, b\u00fcy\u00fck uluslararas\u0131 \u015firketlerden ve devlet kurumlar\u0131ndan tan\u0131nm\u0131\u015f uzmanlar da forumda yer alacak.<\/p>\n<p>Bu y\u0131lki ana temas\u0131, <em>\u201cD\u00fcnyan\u0131n S\u00fcrd\u00fcr\u00fclebilir Yar\u0131nlar\u0131 i\u00e7in E\u011fitimi G\u00fc\u00e7lendirmek\u201d<\/em> olan forumda t\u00fcm tart\u0131\u015fma ve aktiviteler canl\u0131 interaktif etkinlikler \u015feklinde planland\u0131. Forumda, k\u00fcresel zorluklar\u0131n, n\u00fckleer bilimin gelece\u011finin ve mevcut teknolojik e\u011filimlerin kapsaml\u0131 bir \u015fekilde tart\u0131\u015f\u0131lmas\u0131n\u0131n yan\u0131 s\u0131ra gen\u00e7lik kurulu\u015flar\u0131n\u0131n <strong>n\u00fckleer teknoloji<\/strong> alan\u0131nda <strong>e\u011fitimi ilerletmedeki rol\u00fc<\/strong>, sekt\u00f6r\u00fc herkes i\u00e7in eri\u015filebilir k\u0131lan bir ortam\u0131n te\u015fvik edilmesi ve Obninsk&#8217;in n\u00fckleer end\u00fcstri i\u00e7in personel yeti\u015ftirmede \u00f6nemli bir merkez haline getirilmesi gibi konular\u0131n ele al\u0131nmas\u0131 ama\u00e7lan\u0131yor.<\/p>\n<p>Forum kapsam\u0131nda Rusya Devlet N\u00fckleer Enerji Kurulu\u015fu Rosatom\u2019un Genel M\u00fcd\u00fcr\u00fc Aleksey Likhachev,\u00a0D\u00fcnya N\u00fckleer Birli\u011fi Genel M\u00fcd\u00fcr\u00fc Sama Bilbao y Le\u00f3n,\u00a0Rusya Devlet Ba\u015fkan\u0131 Yard\u0131mc\u0131s\u0131 (Konsey Sekreteri, Konsey Ba\u015fkanl\u0131k Kurulu \u00dcyesi) Andrei Fursenko,\u00a0Uluslararas\u0131 Atom Enerjisi Ajans\u0131&#8217;nda Genel M\u00fcd\u00fcr Yard\u0131mc\u0131s\u0131 ve N\u00fckleer Enerji Dairesi Ba\u015fkan\u0131 Mikhail Chudakov, Ulusal N\u00fckleer Ara\u015ft\u0131rma \u00dcniversitesi MEPhI Rekt\u00f6r\u00fc Vladimir Shevchenko,\u00a0Bolivya N\u00fckleer Enerji Ajans\u0131 (ABEN) Genel M\u00fcd\u00fcr\u00fc Hortensia Jim\u00e9nez Rivera, N\u00fckleer Sanayi Derne\u011fi (NIATR) Y\u00f6netim Kurulu Ba\u015fkan\u0131 Alikaan \u00c7ift\u00e7i, Vietnam Ulusal Atom Enerjisi Enstit\u00fcs\u00fc Ba\u015fkan\u0131 Tran Chi Thanh, Rusya&#8217;n\u0131n Kaluga B\u00f6lgesi Valisi Vladislav Shapsha, Obninsk Belediye Ba\u015fkan\u0131 Tatiana Leonova, N\u00fckleerde Afrikal\u0131 Gen\u00e7 Nesil Ba\u015fkan\u0131 Rafael Chesori ve Brunei Gen\u00e7lik Konseyi Y\u00fcr\u00fctme Kurulu Ba\u015fkan Yard\u0131mc\u0131s\u0131\u00a0Raden Mas Muhammed Mukhriz bin Radin Mas Emran\u00a0konu\u015fma yapacak.<\/p>\n<p>Forumun \u00f6ne \u00e7\u0131kan etkinlikleri aras\u0131nda <strong>Aleksey Likhachev<\/strong>&#8216;in konu\u015fmac\u0131 oldu\u011fu <strong>\u201cD\u00fcnyan\u0131n S\u00fcrd\u00fcr\u00fclebilir Yar\u0131nlar\u0131 i\u00e7in E\u011fitimi G\u00fc\u00e7lendirmek\u201d<\/strong> ba\u015fl\u0131kl\u0131 genel oturum ve <strong>Rosenergoatom Uluslararas\u0131 \u0130\u015f ve Geli\u015ftirme Departman\u0131 Direkt\u00f6r\u00fc Anatoly Chukharev<\/strong>&#8216;in konu\u015fmac\u0131 oldu\u011fu <strong>\u201c\u0130nsanl\u0131k i\u00e7in Enerji: N\u00fckleer Enerjinin Potansiyelinin A\u00e7\u0131\u011fa \u00c7\u0131kar\u0131lmas\u0131\u201d<\/strong> ba\u015fl\u0131kl\u0131 \u00f6zel oturum bulunuyor. <strong>Rosatom \u0130nsan Kaynaklar\u0131 Genel M\u00fcd\u00fcr Yard\u0131mc\u0131s\u0131 Tatiana Terentieva<\/strong> etkinli\u011fin kapan\u0131\u015f\u0131nda kapan\u0131\u015f konu\u015fmas\u0131 yapacak.<\/p>\n<p>Obninsk&#8217;teki forumun geleneksel hale getirilmesi \u00f6ng\u00f6r\u00fcl\u00fcyor.<\/p>\n<p>Etkinlik internet \u00fczerinden de, <a href=\"https:\/\/impact-mission.org\" target=\"_blank\" rel=\"noopener\">https:\/\/impact-mission.org<\/a> ve <a href=\"https:\/\/impact-mission.org\/events\/obninsk-new-2023\/\" target=\"_blank\" rel=\"noopener\">https:\/\/impact-mission.org\/events\/obninsk-new-2023\/ <\/a>adreslerinden takip edilebiliyor.<\/p>","protected":false},"excerpt":{"rendered":"<p>Sorry, this entry is only available in Turkish. For the sake of viewer convenience, the content is shown below in the alternative language. You may click the link to switch the active language. Uluslararas\u0131 Gen\u00e7lik N\u00fckleer Forumu Obninsk NEW, d\u00fcnyan\u0131n ilk n\u00fckleer santraline ev sahipli\u011fi yapan Rusya\u2019n\u0131n Obninsk kentinde ba\u015flad\u0131. N\u00fckleer E\u011fitim Haftas\u0131 kapsam\u0131nda d\u00fczenlenen [&hellip;]<\/p>\n","protected":false},"author":1,"featured_media":179438,"comment_status":"open","ping_status":"open","sticky":false,"template":"","format":"standard","meta":[],"categories":[53,43],"tags":[19356,110770,110769],"views":28,"_links":{"self":[{"href":"https:\/\/www.enerjigazetesi.ist\/en\/wp-json\/wp\/v2\/posts\/179436"}],"collection":[{"href":"https:\/\/www.enerjigazetesi.ist\/en\/wp-json\/wp\/v2\/posts"}],"about":[{"href":"https:\/\/www.enerjigazetesi.ist\/en\/wp-json\/wp\/v2\/types\/post"}],"author":[{"embeddable":true,"href":"https:\/\/www.enerjigazetesi.ist\/en\/wp-json\/wp\/v2\/users\/1"}],"replies":[{"embeddable":true,"href":"https:\/\/www.enerjigazetesi.ist\/en\/wp-json\/wp\/v2\/comments?post=179436"}],"version-history":[{"count":0,"href":"https:\/\/www.enerjigazetesi.ist\/en\/wp-json\/wp\/v2\/posts\/179436\/revisions"}],"wp:featuredmedia":[{"embeddable":true,"href":"https:\/\/www.enerjigazetesi.ist\/en\/wp-json\/wp\/v2\/media\/179438"}],"wp:attachment":[{"href":"https:\/\/www.enerjigazetesi.ist\/en\/wp-json\/wp\/v2\/media?parent=179436"}],"wp:term":[{"taxonomy":"category","embeddable":true,"href":"https:\/\/www.enerjigazetesi.ist\/en\/wp-json\/wp\/v2\/categories?post=179436"},{"taxonomy":"post_tag","embeddable":true,"href":"https:\/\/www.enerjigazetesi.ist\/en\/wp-json\/wp\/v2\/tags?post=179436"}],"curies":[{"name":"wp","href":"https:\/\/api.w.org\/{rel}","templated":true}]}}