{"id":1794,"date":"2012-09-05T09:42:32","date_gmt":"2012-09-05T06:42:32","guid":{"rendered":"https:\/\/www.enerjigazetesi.ist\/?p=1794"},"modified":"2012-09-05T09:42:32","modified_gmt":"2012-09-05T06:42:32","slug":"enflasyonu-gida-ve-enerji-artirdi","status":"publish","type":"post","link":"https:\/\/www.enerjigazetesi.ist\/en\/enflasyonu-gida-ve-enerji-artirdi\/","title":{"rendered":"(Turkish) Enflasyonu G\u0131da ve Enerji Art\u0131rd\u0131"},"content":{"rendered":"<p class=\"qtranxs-available-languages-message qtranxs-available-languages-message-en\">Sorry, this entry is only available in <a href=\"https:\/\/www.enerjigazetesi.ist\/tr\/wp-json\/wp\/v2\/posts\/1794\" class=\"qtranxs-available-language-link qtranxs-available-language-link-tr\" title=\"Turkish\">Turkish<\/a>. For the sake of viewer convenience, the content is shown below in the alternative language. You may click the link to switch the active language.<\/p><p><\/p>\n<div><strong>BTSO Ba\u015fkan\u0131 Celal S\u00d6NMEZ, a\u011fustos ay\u0131 enflasyonunu de\u011ferlendirdi.<\/strong><\/div>\n<div>\n<p>Enflasyonun lehine \u00e7al\u0131\u015fan i\u015flenmemi\u015f g\u0131da ve enerji fiyatlar\u0131n\u0131n a\u011fustosta ters etki yapt\u0131\u011f\u0131n\u0131 belirten BTSO Ba\u015fkan\u0131 Celal S\u00f6nmez, &#8220;Merkez Bankas\u0131&#8217;n\u0131n aya\u011f\u0131n\u0131 frenden \u00e7ekmeye ba\u015flamas\u0131n\u0131n etkisini de y\u0131l sonuna do\u011fru g\u00f6rece\u011fiz&#8221; dedi.<\/p>\n<p><img loading=\"lazy\" class=\"alignright size-medium wp-image-1795\" title=\"enflasyonu-enerji-ve-gida-arttirdi\" src=\"https:\/\/www.enerjigazetesi.ist\/wp-content\/uploads\/2012\/09\/enflasyonu-enerji-ve-gida-arttirdi-300x185.jpg\" alt=\"\" width=\"300\" height=\"185\" srcset=\"https:\/\/www.enerjigazetesi.ist\/wp-content\/uploads\/2012\/09\/enflasyonu-enerji-ve-gida-arttirdi-300x185.jpg 300w, https:\/\/www.enerjigazetesi.ist\/wp-content\/uploads\/2012\/09\/enflasyonu-enerji-ve-gida-arttirdi-80x50.jpg 80w, https:\/\/www.enerjigazetesi.ist\/wp-content\/uploads\/2012\/09\/enflasyonu-enerji-ve-gida-arttirdi.jpg 394w\" sizes=\"(max-width: 300px) 100vw, 300px\" \/>Bursa Ticaret ve Sanayi Odas\u0131 (BTSO) Y\u00f6netim Kurulu Ba\u015fkan\u0131 Celal S\u00f6nmez, bu y\u0131l\u0131n geri kalan b\u00f6l\u00fcm\u00fcnde enflasyonun lehine \u00e7al\u0131\u015fan i\u015flenmemi\u015f g\u0131da ve enerji fiyatlar\u0131n\u0131n a\u011fustos ay\u0131nda ters etki yapt\u0131\u011f\u0131n\u0131 s\u00f6yledi. Ge\u00e7en ay t\u00fcketici fiyatlar\u0131n\u0131n y\u00fczde 0.23 olan piyasa beklentisinin aksine y\u00fczde 0.56 geldi\u011fini an\u0131msatan S\u00f6nmez, &#8220;Bu sonu\u00e7ta, ayl\u0131k enflasyona e\u015fit \u015fekilde y\u00fczde 0.4&#8217;er puan katk\u0131 yapan g\u0131da ve akaryak\u0131t fiyatlar\u0131 etkili oldu&#8221; dedi.<\/p>\n<p>T\u00fcketici fiyatlar\u0131ndaki bu geli\u015fmeye kar\u015f\u0131n \u00fcretici fiyatlar\u0131 endeksinin (\u00dcFE) y\u00fczde 0.6 olan beklentinin aksine y\u00fczde 0.26 geldi\u011finin alt\u0131n\u0131 \u00e7izen S\u00f6nmez, &#8220;A\u011fustos sonu itibariyle T\u00dcFE y\u00fczde 9.1&#8217;den y\u00fczde 8.9&#8217;a indi. \u00dcFE ise y\u00fczde 6.1&#8217;den y\u00fczde 4.6&#8217;ya geriledi. T\u00dcFE ile \u00dcFE aras\u0131ndaki makas\u0131n a\u00e7\u0131lmas\u0131, bize enflasyonun 2007 ve 2009 y\u0131llar\u0131ndaki seyrini \u00e7a\u011fr\u0131\u015ft\u0131r\u0131yor. \u0130\u00e7 talebin zay\u0131f seyri, petrol ve tar\u0131msal emtia fiyatlar\u0131ndaki geli\u015fmeler, y\u0131l\u0131n geri kalan\u0131nda enflasyonun seyrini belirleyecek. Merkez Bankas\u0131&#8217;n\u0131n aya\u011f\u0131n\u0131 frenden \u00e7ekmeye ba\u015flamas\u0131n\u0131n etkisini de y\u0131l\u0131n son aylar\u0131na do\u011fru izliyor olaca\u011f\u0131z. Geli\u015fmeler, enflasyon hedefini a\u015fa\u011f\u0131 y\u00f6nl\u00fc revize eden Merkez Bankas\u0131&#8217;n\u0131n \u00f6ng\u00f6r\u00fcs\u00fcnde isabet sa\u011flayaca\u011f\u0131na i\u015faret ediyor. Ancak Maliye&#8217;nin, zorlanan b\u00fct\u00e7e dengesini tutturmak i\u00e7in yapaca\u011f\u0131 herhangi bir vergi art\u0131\u015f\u0131, hedeften ciddi bir sapmaya yol a\u00e7abilir&#8221; diye konu\u015ftu.<\/p>\n<\/div>\n<p><\/p>","protected":false},"excerpt":{"rendered":"<p>Sorry, this entry is only available in Turkish. For the sake of viewer convenience, the content is shown below in the alternative language. You may click the link to switch the active language. BTSO Ba\u015fkan\u0131 Celal S\u00d6NMEZ, a\u011fustos ay\u0131 enflasyonunu de\u011ferlendirdi. Enflasyonun lehine \u00e7al\u0131\u015fan i\u015flenmemi\u015f g\u0131da ve enerji fiyatlar\u0131n\u0131n a\u011fustosta ters etki yapt\u0131\u011f\u0131n\u0131 belirten BTSO [&hellip;]<\/p>\n","protected":false},"author":1,"featured_media":1795,"comment_status":"open","ping_status":"open","sticky":false,"template":"","format":"standard","meta":[],"categories":[53],"tags":[67,472,473],"views":674,"_links":{"self":[{"href":"https:\/\/www.enerjigazetesi.ist\/en\/wp-json\/wp\/v2\/posts\/1794"}],"collection":[{"href":"https:\/\/www.enerjigazetesi.ist\/en\/wp-json\/wp\/v2\/posts"}],"about":[{"href":"https:\/\/www.enerjigazetesi.ist\/en\/wp-json\/wp\/v2\/types\/post"}],"author":[{"embeddable":true,"href":"https:\/\/www.enerjigazetesi.ist\/en\/wp-json\/wp\/v2\/users\/1"}],"replies":[{"embeddable":true,"href":"https:\/\/www.enerjigazetesi.ist\/en\/wp-json\/wp\/v2\/comments?post=1794"}],"version-history":[{"count":1,"href":"https:\/\/www.enerjigazetesi.ist\/en\/wp-json\/wp\/v2\/posts\/1794\/revisions"}],"predecessor-version":[{"id":1796,"href":"https:\/\/www.enerjigazetesi.ist\/en\/wp-json\/wp\/v2\/posts\/1794\/revisions\/1796"}],"wp:featuredmedia":[{"embeddable":true,"href":"https:\/\/www.enerjigazetesi.ist\/en\/wp-json\/wp\/v2\/media\/1795"}],"wp:attachment":[{"href":"https:\/\/www.enerjigazetesi.ist\/en\/wp-json\/wp\/v2\/media?parent=1794"}],"wp:term":[{"taxonomy":"category","embeddable":true,"href":"https:\/\/www.enerjigazetesi.ist\/en\/wp-json\/wp\/v2\/categories?post=1794"},{"taxonomy":"post_tag","embeddable":true,"href":"https:\/\/www.enerjigazetesi.ist\/en\/wp-json\/wp\/v2\/tags?post=1794"}],"curies":[{"name":"wp","href":"https:\/\/api.w.org\/{rel}","templated":true}]}}