{"id":179374,"date":"2023-09-19T18:07:44","date_gmt":"2023-09-19T15:07:44","guid":{"rendered":"https:\/\/www.enerjigazetesi.ist\/?p=179374"},"modified":"2023-09-19T18:08:09","modified_gmt":"2023-09-19T15:08:09","slug":"bayraktar-3-uncu-nukleer-santral-icin-cin-ile-anlasmaya-yakiniz","status":"publish","type":"post","link":"https:\/\/www.enerjigazetesi.ist\/en\/bayraktar-3-uncu-nukleer-santral-icin-cin-ile-anlasmaya-yakiniz\/","title":{"rendered":"(Turkish) Bayraktar: &#8220;3&#8217;\u00fcnc\u00fc N\u00fckleer Santral \u0130\u00e7in \u00c7in ile Anla\u015fmaya Yak\u0131n\u0131z&#8221;"},"content":{"rendered":"<p class=\"qtranxs-available-languages-message qtranxs-available-languages-message-en\">Sorry, this entry is only available in <a href=\"https:\/\/www.enerjigazetesi.ist\/tr\/wp-json\/wp\/v2\/posts\/179374\" class=\"qtranxs-available-language-link qtranxs-available-language-link-tr\" title=\"Turkish\">Turkish<\/a>. For the sake of viewer convenience, the content is shown below in the alternative language. You may click the link to switch the active language.<\/p><p><\/p>\n<h2 class=\"spot-title\">Enerji ve Tabii Kaynaklar Bakan\u0131 Alparslan Bayraktar, \u00fc\u00e7\u00fcnc\u00fc n\u00fckleer santral i\u00e7in \u00c7in ile y\u00fcr\u00fct\u00fclen m\u00fczakerelerde \u00f6nemli mesafe al\u0131nd\u0131\u011f\u0131n\u0131 s\u00f6ylerken, \u00f6n\u00fcm\u00fczdeki birka\u00e7 ay i\u00e7erisinde anla\u015fman\u0131n sonu\u00e7land\u0131r\u0131labilece\u011fini bildirdi.<\/h2>\n<p>Bayraktar, <strong>K\u0131rklareli \u0130\u011fneada\u2019da<\/strong> kurulmas\u0131 planlanan santralle ilgili olarak <em>\u201c\u00c7ok \u00f6nemli bir noktaya geldik, \u00f6n\u00fcm\u00fczdeki birka\u00e7 ay i\u00e7erisinde bunu sonu\u00e7land\u0131rmam\u0131z gerekiyor. \u00c7\u00fcnk\u00fc yine ilgilenen ba\u015fka taraflar da var ve anla\u015fman\u0131n belirli bir k\u0131sm\u0131 i\u00e7in zaten yeterince m\u00fczakere ettik ve olduk\u00e7a yak\u0131n\u0131z\u201d <img loading=\"lazy\" class=\"alignright wp-image-179376\" src=\"https:\/\/www.enerjigazetesi.ist\/wp-content\/uploads\/2023\/09\/bayraktar-3-uncu-nukleer-santral-icin-cin-ile-anlasmaya-yakiniz.jpg\" alt=\"\" width=\"320\" height=\"220\" srcset=\"https:\/\/www.enerjigazetesi.ist\/wp-content\/uploads\/2023\/09\/bayraktar-3-uncu-nukleer-santral-icin-cin-ile-anlasmaya-yakiniz.jpg 507w, https:\/\/www.enerjigazetesi.ist\/wp-content\/uploads\/2023\/09\/bayraktar-3-uncu-nukleer-santral-icin-cin-ile-anlasmaya-yakiniz-300x207.jpg 300w, https:\/\/www.enerjigazetesi.ist\/wp-content\/uploads\/2023\/09\/bayraktar-3-uncu-nukleer-santral-icin-cin-ile-anlasmaya-yakiniz-500x344.jpg 500w, https:\/\/www.enerjigazetesi.ist\/wp-content\/uploads\/2023\/09\/bayraktar-3-uncu-nukleer-santral-icin-cin-ile-anlasmaya-yakiniz-73x50.jpg 73w\" sizes=\"(max-width: 320px) 100vw, 320px\" \/>dedi. Taraflar aras\u0131nda baz\u0131 farkl\u0131l\u0131klar\u0131n oldu\u011funu ancak bunlar\u0131n b\u00fcy\u00fck olmad\u0131\u011f\u0131n\u0131 anlatan Bayraktar, \u201cDolay\u0131s\u0131yla bo\u015flu\u011fu doldurabilir ve \u00c7in ile n\u00fckleer enerji program\u0131 i\u00e7in yak\u0131nda bir anla\u015fma yapabiliriz\u201d<\/em> ifadelerini kulland\u0131.<\/p>\n<p>N\u00fckleer enerji olmadan sadece T\u00fcrkiye\u2019nin de\u011fil, d\u00fcnyan\u0131n geri kalan\u0131n\u0131n da y\u00fczy\u0131l\u0131n ortalar\u0131na kadar karbon n\u00f6trl\u00fc\u011f\u00fcne ula\u015famayaca\u011f\u0131n\u0131 savunan Bayraktar, Akkuyu\u2019daki ilk santralin in\u015faat\u0131na ili\u015fkin de <em>\u201c\u0130lk reakt\u00f6r\u00fc, ana in\u015faat i\u015flerini tamamlad\u0131k ama bildi\u011finiz gibi buras\u0131 d\u00fcnyadaki en b\u00fcy\u00fck n\u00fckleer \u015fantiye. Bu santralden yakla\u015f\u0131k<strong> 4,8 GW<\/strong> elektrik \u00fcretebilece\u011fiz.\u201d<\/em> dedi.<\/p>\n<p>Uzun vadeli enerji planlar\u0131na g\u00f6re T\u00fcrkiye\u2019de <strong>20 GW<\/strong> \u00fczerinde n\u00fckleer enerji santraline ihtiyac\u0131 oldu\u011funun alt\u0131n\u0131 \u00e7izen Bayraktar, <strong>k\u00fc\u00e7\u00fck mod\u00fcler reakt\u00f6rler (SMR)<\/strong> hakk\u0131nda da baz\u0131 \u00fclkelerle g\u00f6r\u00fc\u015fmelerin s\u00fcrd\u00fc\u011f\u00fcne de\u011findi. Bayraktar, bu kapsamda <strong>5 GW<\/strong>\u2019l\u0131k <strong>k\u00fc\u00e7\u00fck mod\u00fcler reakt\u00f6rlerin<\/strong> sisteme dahil edilebilece\u011fini kaydetti.<\/p>\n<p>Kaynak:\u00a0<a href=\"https:\/\/www.bloomberght.com\/bakan-bayraktar-3-nukleer-santral-icin-cin-ile-anlasmaya-yakiniz-2338396\" target=\"_blank\" rel=\"noopener\" data-wpel-link=\"external\">BLOOMBERG<\/a><\/p>","protected":false},"excerpt":{"rendered":"<p>Sorry, this entry is only available in Turkish. For the sake of viewer convenience, the content is shown below in the alternative language. You may click the link to switch the active language. Enerji ve Tabii Kaynaklar Bakan\u0131 Alparslan Bayraktar, \u00fc\u00e7\u00fcnc\u00fc n\u00fckleer santral i\u00e7in \u00c7in ile y\u00fcr\u00fct\u00fclen m\u00fczakerelerde \u00f6nemli mesafe al\u0131nd\u0131\u011f\u0131n\u0131 s\u00f6ylerken, \u00f6n\u00fcm\u00fczdeki birka\u00e7 ay [&hellip;]<\/p>\n","protected":false},"author":1,"featured_media":179376,"comment_status":"open","ping_status":"open","sticky":false,"template":"","format":"standard","meta":[],"categories":[53,43],"tags":[1768,886,18,10679,3767],"views":54,"_links":{"self":[{"href":"https:\/\/www.enerjigazetesi.ist\/en\/wp-json\/wp\/v2\/posts\/179374"}],"collection":[{"href":"https:\/\/www.enerjigazetesi.ist\/en\/wp-json\/wp\/v2\/posts"}],"about":[{"href":"https:\/\/www.enerjigazetesi.ist\/en\/wp-json\/wp\/v2\/types\/post"}],"author":[{"embeddable":true,"href":"https:\/\/www.enerjigazetesi.ist\/en\/wp-json\/wp\/v2\/users\/1"}],"replies":[{"embeddable":true,"href":"https:\/\/www.enerjigazetesi.ist\/en\/wp-json\/wp\/v2\/comments?post=179374"}],"version-history":[{"count":0,"href":"https:\/\/www.enerjigazetesi.ist\/en\/wp-json\/wp\/v2\/posts\/179374\/revisions"}],"wp:featuredmedia":[{"embeddable":true,"href":"https:\/\/www.enerjigazetesi.ist\/en\/wp-json\/wp\/v2\/media\/179376"}],"wp:attachment":[{"href":"https:\/\/www.enerjigazetesi.ist\/en\/wp-json\/wp\/v2\/media?parent=179374"}],"wp:term":[{"taxonomy":"category","embeddable":true,"href":"https:\/\/www.enerjigazetesi.ist\/en\/wp-json\/wp\/v2\/categories?post=179374"},{"taxonomy":"post_tag","embeddable":true,"href":"https:\/\/www.enerjigazetesi.ist\/en\/wp-json\/wp\/v2\/tags?post=179374"}],"curies":[{"name":"wp","href":"https:\/\/api.w.org\/{rel}","templated":true}]}}