{"id":179366,"date":"2023-09-19T17:43:17","date_gmt":"2023-09-19T14:43:17","guid":{"rendered":"https:\/\/www.enerjigazetesi.ist\/?p=179366"},"modified":"2023-09-19T17:43:17","modified_gmt":"2023-09-19T14:43:17","slug":"sanliurfa-buyuksehir-belediyesi-nin-gunes-santrali-faaliyete-gecti","status":"publish","type":"post","link":"https:\/\/www.enerjigazetesi.ist\/en\/sanliurfa-buyuksehir-belediyesi-nin-gunes-santrali-faaliyete-gecti\/","title":{"rendered":"(Turkish) &#8217;\u015eanl\u0131urfa B\u00fcy\u00fck\u015fehir Belediyesi&#8217;nin G\u00fcne\u015f Santrali Faaliyete Ge\u00e7ti"},"content":{"rendered":"<p class=\"qtranxs-available-languages-message qtranxs-available-languages-message-en\">Sorry, this entry is only available in <a href=\"https:\/\/www.enerjigazetesi.ist\/tr\/wp-json\/wp\/v2\/posts\/179366\" class=\"qtranxs-available-language-link qtranxs-available-language-link-tr\" title=\"Turkish\">Turkish<\/a>. For the sake of viewer convenience, the content is shown below in the alternative language. You may click the link to switch the active language.<\/p><p><img loading=\"lazy\" class=\"alignright wp-image-179368\" src=\"https:\/\/www.enerjigazetesi.ist\/wp-content\/uploads\/2023\/09\/sanliurfa-buyuksehir-belediyesi-nin-gunes-santrali-faaliyete-gecti.jpg\" alt=\"\" width=\"320\" height=\"209\" srcset=\"https:\/\/www.enerjigazetesi.ist\/wp-content\/uploads\/2023\/09\/sanliurfa-buyuksehir-belediyesi-nin-gunes-santrali-faaliyete-gecti.jpg 646w, https:\/\/www.enerjigazetesi.ist\/wp-content\/uploads\/2023\/09\/sanliurfa-buyuksehir-belediyesi-nin-gunes-santrali-faaliyete-gecti-300x196.jpg 300w, https:\/\/www.enerjigazetesi.ist\/wp-content\/uploads\/2023\/09\/sanliurfa-buyuksehir-belediyesi-nin-gunes-santrali-faaliyete-gecti-500x327.jpg 500w, https:\/\/www.enerjigazetesi.ist\/wp-content\/uploads\/2023\/09\/sanliurfa-buyuksehir-belediyesi-nin-gunes-santrali-faaliyete-gecti-77x50.jpg 77w\" sizes=\"(max-width: 320px) 100vw, 320px\" \/><\/p>\n<h2>\u015eanl\u0131urfa B\u00fcy\u00fck\u015fehir Belediyesi taraf\u0131ndan yapt\u0131r\u0131lan g\u00fcne\u015f enerji santrali faaliyete girdi.<\/h2>\n<p>Belediye&#8217;den yap\u0131lan a\u00e7\u0131klamaya g\u00f6re, Karak\u00f6pr\u00fc il\u00e7esine ba\u011fl\u0131 A\u015f\u0131k Mahallesi\u2019ndeki tar\u0131ma elveri\u015fsiz <strong>200 d\u00f6n\u00fcm<\/strong> arazi \u00fczerinde kurulan <strong>18 megavat<\/strong> kurulu g\u00fcce sahip g\u00fcne\u015f enerjisi santrali ile yakla\u015f\u0131k <strong>16 bin 500 hanenin<\/strong> enerji ihtiyac\u0131 kar\u015f\u0131lanacak.<\/p>\n<p>B\u00fcy\u00fck\u015fehir Belediye Ba\u015fkan\u0131 Zeynel Abidin Beyazg\u00fcl, \u00e7al\u0131\u015fmalar\u0131n tamamland\u0131\u011f\u0131 santralde incelemede bulundu, teknik ekipten bilgi ald\u0131.<\/p>","protected":false},"excerpt":{"rendered":"<p>Sorry, this entry is only available in Turkish. For the sake of viewer convenience, the content is shown below in the alternative language. You may click the link to switch the active language. \u015eanl\u0131urfa B\u00fcy\u00fck\u015fehir Belediyesi taraf\u0131ndan yapt\u0131r\u0131lan g\u00fcne\u015f enerji santrali faaliyete girdi. Belediye&#8217;den yap\u0131lan a\u00e7\u0131klamaya g\u00f6re, Karak\u00f6pr\u00fc il\u00e7esine ba\u011fl\u0131 A\u015f\u0131k Mahallesi\u2019ndeki tar\u0131ma elveri\u015fsiz 200 [&hellip;]<\/p>\n","protected":false},"author":1,"featured_media":179368,"comment_status":"open","ping_status":"open","sticky":false,"template":"","format":"standard","meta":[],"categories":[53,49],"tags":[2326,2569,76989,842,105],"views":42,"_links":{"self":[{"href":"https:\/\/www.enerjigazetesi.ist\/en\/wp-json\/wp\/v2\/posts\/179366"}],"collection":[{"href":"https:\/\/www.enerjigazetesi.ist\/en\/wp-json\/wp\/v2\/posts"}],"about":[{"href":"https:\/\/www.enerjigazetesi.ist\/en\/wp-json\/wp\/v2\/types\/post"}],"author":[{"embeddable":true,"href":"https:\/\/www.enerjigazetesi.ist\/en\/wp-json\/wp\/v2\/users\/1"}],"replies":[{"embeddable":true,"href":"https:\/\/www.enerjigazetesi.ist\/en\/wp-json\/wp\/v2\/comments?post=179366"}],"version-history":[{"count":0,"href":"https:\/\/www.enerjigazetesi.ist\/en\/wp-json\/wp\/v2\/posts\/179366\/revisions"}],"wp:featuredmedia":[{"embeddable":true,"href":"https:\/\/www.enerjigazetesi.ist\/en\/wp-json\/wp\/v2\/media\/179368"}],"wp:attachment":[{"href":"https:\/\/www.enerjigazetesi.ist\/en\/wp-json\/wp\/v2\/media?parent=179366"}],"wp:term":[{"taxonomy":"category","embeddable":true,"href":"https:\/\/www.enerjigazetesi.ist\/en\/wp-json\/wp\/v2\/categories?post=179366"},{"taxonomy":"post_tag","embeddable":true,"href":"https:\/\/www.enerjigazetesi.ist\/en\/wp-json\/wp\/v2\/tags?post=179366"}],"curies":[{"name":"wp","href":"https:\/\/api.w.org\/{rel}","templated":true}]}}