{"id":179347,"date":"2023-09-19T16:31:10","date_gmt":"2023-09-19T13:31:10","guid":{"rendered":"https:\/\/www.enerjigazetesi.ist\/?p=179347"},"modified":"2023-09-19T16:32:28","modified_gmt":"2023-09-19T13:32:28","slug":"adana-kozan-da-gunes-santrali-ile-yilda-700-bin-kilowatt-enerji-uretimi","status":"publish","type":"post","link":"https:\/\/www.enerjigazetesi.ist\/en\/adana-kozan-da-gunes-santrali-ile-yilda-700-bin-kilowatt-enerji-uretimi\/","title":{"rendered":"(Turkish) Adana Kozan\u2019da G\u00fcne\u015f Santrali ile Y\u0131lda 700 Bin Kilowatt Enerji \u00dcretimi"},"content":{"rendered":"<p class=\"qtranxs-available-languages-message qtranxs-available-languages-message-en\">Sorry, this entry is only available in <a href=\"https:\/\/www.enerjigazetesi.ist\/tr\/wp-json\/wp\/v2\/posts\/179347\" class=\"qtranxs-available-language-link qtranxs-available-language-link-tr\" title=\"Turkish\">Turkish<\/a>. For the sake of viewer convenience, the content is shown below in the alternative language. You may click the link to switch the active language.<\/p><p><\/p>\n<h2><strong>Hem d\u00fcnya hem de T\u00fcrkiye i\u00e7in kurak bir yaz geride kal\u0131rken yap\u0131lan ara\u015ft\u0131rmalar, bu y\u00fczy\u0131l\u0131n sonunda \u00fclkemizin %30\u2019undan fazlas\u0131n\u0131n kurak veya yar\u0131 kurak olarak s\u0131n\u0131fland\u0131r\u0131laca\u011f\u0131na i\u015faret ediyor. Bu olumsuz tablodan en \u00e7ok Orta ve G\u00fcneydo\u011fu Anadolu, Do\u011fu Akdeniz\u2019in etkilenece\u011fi aktar\u0131l\u0131rken, b\u00f6lgede faaliyet g\u00f6steren \u00fcreticiler iklim kriziyle m\u00fccadeleyi g\u00fcne\u015f enerjisi santral\u0131 kurarak destekliyor.<\/strong><\/h2>\n<p style=\"text-align: center;\"><img loading=\"lazy\" class=\"aligncenter wp-image-179350\" src=\"https:\/\/www.enerjigazetesi.ist\/wp-content\/uploads\/2023\/09\/adana-kozan-da-gunes-santrali-ile-yilda-700-bin-kilowatt-enerji-uretimi.jpg\" alt=\"\" width=\"500\" height=\"334\" srcset=\"https:\/\/www.enerjigazetesi.ist\/wp-content\/uploads\/2023\/09\/adana-kozan-da-gunes-santrali-ile-yilda-700-bin-kilowatt-enerji-uretimi.jpg 550w, https:\/\/www.enerjigazetesi.ist\/wp-content\/uploads\/2023\/09\/adana-kozan-da-gunes-santrali-ile-yilda-700-bin-kilowatt-enerji-uretimi-300x200.jpg 300w, https:\/\/www.enerjigazetesi.ist\/wp-content\/uploads\/2023\/09\/adana-kozan-da-gunes-santrali-ile-yilda-700-bin-kilowatt-enerji-uretimi-500x334.jpg 500w, https:\/\/www.enerjigazetesi.ist\/wp-content\/uploads\/2023\/09\/adana-kozan-da-gunes-santrali-ile-yilda-700-bin-kilowatt-enerji-uretimi-75x50.jpg 75w, https:\/\/www.enerjigazetesi.ist\/wp-content\/uploads\/2023\/09\/adana-kozan-da-gunes-santrali-ile-yilda-700-bin-kilowatt-enerji-uretimi-450x300.jpg 450w\" sizes=\"(max-width: 500px) 100vw, 500px\" \/><\/p>\n<p>T\u00fcrkiye kurak bir yaz\u0131 geride b\u0131rak\u0131rken, iklim krizinin etkilerine dair ger\u00e7ekle\u015ftirilen \u00e7al\u0131\u015fmalar gelecek i\u00e7in daha olumsuz bir senaryoya i\u015faret ediyor. \u0130ngiltere Kraliyet Meteoroloji Toplulu\u011fu RMetS\u2019nin yay\u0131mlad\u0131\u011f\u0131 <strong>\u201cT\u00fcrkiye&#8217;deki Kurakl\u0131k Desenlerinin \u0130klim Modeli Projeksiyonlar\u0131\u201d<\/strong> ba\u015fl\u0131kl\u0131 ara\u015ft\u0131rmaya g\u00f6re, T\u00fcrkiye\u2019de 2041 y\u0131l\u0131ndan sonra kurak iklim ko\u015fullar\u0131n\u0131n artaca\u011f\u0131 \u00f6ng\u00f6r\u00fcl\u00fcyor.<\/p>\n<p>\u00c7al\u0131\u015fmada y\u00fczy\u0131l sonunda\u00a0karbondioksit sal\u0131mlar\u0131n\u0131n iki kat\u0131na \u00e7\u0131kt\u0131\u011f\u0131 ve ortalama s\u0131cakl\u0131klar\u0131n\u00a0<strong>3,6 dereceye\u00a0y\u00fckseldi\u011fi<\/strong> senaryonun ger\u00e7ekle\u015fmesi halinde, \u00fclkemizin <strong>%30\u2019undan<\/strong> fazlas\u0131n\u0131n kurak veya yar\u0131 kurak olarak s\u0131n\u0131fland\u0131r\u0131laca\u011f\u0131 belirtiliyor. Kurakl\u0131ktan en \u00e7ok etkilenecek b\u00f6lgelerin de <strong>Orta ve G\u00fcneydo\u011fu Anadolu ile Do\u011fu Akdeniz<\/strong> olaca\u011f\u0131 vurgulan\u0131rken, bu b\u00f6lgelerde faaliyet g\u00f6steren kurumlar, s\u00fcrd\u00fcr\u00fclebilir bir gelecek in\u015fa etmek i\u00e7in harekete ge\u00e7iyor. Son olarak <strong>Anavarza Bal<\/strong>, Adana Kozan\u2019daki tesisinde<strong> g\u00fcne\u015f enerjisi santral\u0131 (GES) kurdu\u011funu<\/strong> duyurdu. \u015eirket b\u00f6ylece, karbon ayak izini azalt\u0131p iklim kriziyle m\u00fccadeleyi desteklerken, enerji maliyetlerini d\u00fc\u015f\u00fcr\u00fcp karl\u0131l\u0131\u011f\u0131n\u0131 art\u0131racak.<\/p>\n<p>Anavarza Bal Genel M\u00fcd\u00fcr\u00fc Can Sezen, konuya dair \u015fu a\u00e7\u0131klamada bulundu: <em>\u201cG\u00fcne\u015f enerjisi, d\u00fcnya i\u00e7in en \u00f6nemli temiz enerji kayna\u011f\u0131d\u0131r ve s\u00fcrd\u00fcr\u00fclebilir gelece\u011fin garantisidir. G\u00fcne\u015f santrallar\u0131 arac\u0131l\u0131\u011f\u0131yla elektrik \u00fcretilirken, do\u011faya hi\u00e7bir ko\u015fulda zarar verilmez ve sera gaz\u0131 sal\u0131nmaz. Dolay\u0131s\u0131yla bu santraller iklim kriziyle m\u00fccadelede \u00e7ok \u00f6nemli bir paya sahiptir. Biz de Adana\u2019daki tesisimizde <strong>400 kilowatt (kWh)<\/strong> g\u00fcce sahip, <strong>501 kilowatt peak (kWp)<\/strong> kapasiteli g\u00fcne\u015f santral\u0131 kurduk. <strong>2.800 metrekarelik<\/strong> alan\u0131 kaplayan g\u00fcne\u015f santral\u0131m\u0131zla ayda ortalama <strong>56 bin<\/strong>, y\u0131lda ise <strong>650<\/strong> ila <strong>700 bin kilowatt<\/strong> enerji \u00fcreterek do\u011fan\u0131n y\u00fck\u00fcn\u00fc hafifletmeye yard\u0131mc\u0131 olaca\u011f\u0131z.\u201d<\/em><\/p>\n<h3><strong>\u201cG\u00fcne\u015f enerjisi santral\u0131 kurmak i\u00e7in ekstra alana ihtiya\u00e7 yok\u201d<\/strong><\/h3>\n<p>G\u00fcne\u015f enerjisinin fosil yak\u0131tlara ba\u011f\u0131ml\u0131l\u0131\u011f\u0131 azaltt\u0131\u011f\u0131n\u0131 ve hava kirlili\u011fini \u00f6nledi\u011fini s\u00f6yleyen Can Sezen, <em>\u201cG\u00fcne\u015f enerjisi santralleri, asl\u0131nda yaln\u0131zca bir enerji alternatifi de\u011fil, ayn\u0131 zamanda bir yat\u0131r\u0131m arac\u0131. \u00c7\u00fcnk\u00fc buradan elde edilen elektrik, gider kalemlerini azalt\u0131rken, ayn\u0131 zamanda kaynaklar\u0131n farkl\u0131 alanlarda de\u011ferlendirilmesinin \u00f6n\u00fcn\u00fc a\u00e7\u0131yor. \u00d6yle ki santral\u0131n kurulumunda ilk a\u015famada \u00e7\u0131kan maliyetler de eskiye k\u0131yasla y\u00fcksek de\u011fil ve bu yat\u0131r\u0131mdan k\u0131sa s\u00fcrede geri d\u00f6n\u00fc\u015f al\u0131nabiliyor. \u00d6rne\u011fin bizim kurdu\u011fumuz g\u00fcne\u015f santral\u0131n\u0131n g\u00fcncel yat\u0131r\u0131m maliyeti <strong>12 milyon lira<\/strong> iken yak\u0131n gelecekte <strong>t\u00fcm a\u00e7\u0131lardan k\u00e2ra ge\u00e7meyi<\/strong> hedefliyoruz\u201d<\/em> ifadelerini kulland\u0131.<\/p>\n<p>G\u00fcne\u015f enerjisi santrallar\u0131n\u0131n kurulumunda \u00f6zel bir alan gerekmedi\u011finin de alt\u0131n\u0131 \u00e7izen <strong>Anavarza Bal Genel M\u00fcd\u00fcr\u00fc Can Sezen<\/strong>, s\u00f6zlerini \u015f\u00f6yle noktalad\u0131: <em>\u201cG\u00fcne\u015f enerjisi santrali \u00e7at\u0131lar\u0131n \u00fcst\u00fcne kurularak hemen elektrik \u00fcretimine ba\u015flanabilir. S\u00fcre\u00e7 boyunca emisyon \u00fcretilmez ve standart i\u015f s\u00fcre\u00e7lerinde ortaya \u00e7\u0131kan karbondioksit gaz\u0131 sal\u0131m\u0131 engellenir. Anavarza Bal olarak biz de hen\u00fcz kurdu\u011fumuz santral\u0131m\u0131zla iklim kriziyle m\u00fccadeleye katk\u0131da bulunurken, kurakl\u0131k sorununa kurumsal \u00f6l\u00e7ekte \u00e7\u00f6z\u00fcm getirerek payda\u015flar\u0131m\u0131z\u0131 da sorumluluk alma noktas\u0131nda te\u015fvik ediyoruz. Ayr\u0131ca i\u015f s\u00fcre\u00e7lerimizi g\u00fc\u00e7lendiriyor ve inovasyonu destekliyoruz.\u201d<\/em><\/p>","protected":false},"excerpt":{"rendered":"<p>Sorry, this entry is only available in Turkish. For the sake of viewer convenience, the content is shown below in the alternative language. You may click the link to switch the active language. Hem d\u00fcnya hem de T\u00fcrkiye i\u00e7in kurak bir yaz geride kal\u0131rken yap\u0131lan ara\u015ft\u0131rmalar, bu y\u00fczy\u0131l\u0131n sonunda \u00fclkemizin %30\u2019undan fazlas\u0131n\u0131n kurak veya yar\u0131 [&hellip;]<\/p>\n","protected":false},"author":1,"featured_media":179350,"comment_status":"open","ping_status":"open","sticky":false,"template":"","format":"standard","meta":[],"categories":[53,49],"tags":[110742,110741,2569],"views":34,"_links":{"self":[{"href":"https:\/\/www.enerjigazetesi.ist\/en\/wp-json\/wp\/v2\/posts\/179347"}],"collection":[{"href":"https:\/\/www.enerjigazetesi.ist\/en\/wp-json\/wp\/v2\/posts"}],"about":[{"href":"https:\/\/www.enerjigazetesi.ist\/en\/wp-json\/wp\/v2\/types\/post"}],"author":[{"embeddable":true,"href":"https:\/\/www.enerjigazetesi.ist\/en\/wp-json\/wp\/v2\/users\/1"}],"replies":[{"embeddable":true,"href":"https:\/\/www.enerjigazetesi.ist\/en\/wp-json\/wp\/v2\/comments?post=179347"}],"version-history":[{"count":0,"href":"https:\/\/www.enerjigazetesi.ist\/en\/wp-json\/wp\/v2\/posts\/179347\/revisions"}],"wp:featuredmedia":[{"embeddable":true,"href":"https:\/\/www.enerjigazetesi.ist\/en\/wp-json\/wp\/v2\/media\/179350"}],"wp:attachment":[{"href":"https:\/\/www.enerjigazetesi.ist\/en\/wp-json\/wp\/v2\/media?parent=179347"}],"wp:term":[{"taxonomy":"category","embeddable":true,"href":"https:\/\/www.enerjigazetesi.ist\/en\/wp-json\/wp\/v2\/categories?post=179347"},{"taxonomy":"post_tag","embeddable":true,"href":"https:\/\/www.enerjigazetesi.ist\/en\/wp-json\/wp\/v2\/tags?post=179347"}],"curies":[{"name":"wp","href":"https:\/\/api.w.org\/{rel}","templated":true}]}}