{"id":179257,"date":"2023-09-15T17:33:12","date_gmt":"2023-09-15T14:33:12","guid":{"rendered":"https:\/\/www.enerjigazetesi.ist\/?p=179257"},"modified":"2023-09-15T17:33:12","modified_gmt":"2023-09-15T14:33:12","slug":"turkiye-nin-yenilenebilir-enerjideki-potansiyeli-ve-firsatlar","status":"publish","type":"post","link":"https:\/\/www.enerjigazetesi.ist\/en\/turkiye-nin-yenilenebilir-enerjideki-potansiyeli-ve-firsatlar\/","title":{"rendered":"(Turkish) T\u00fcrkiye\u2019nin Yenilenebilir Enerjideki Potansiyeli ve F\u0131rsatlar&#8230;"},"content":{"rendered":"<p class=\"qtranxs-available-languages-message qtranxs-available-languages-message-en\">Sorry, this entry is only available in <a href=\"https:\/\/www.enerjigazetesi.ist\/tr\/wp-json\/wp\/v2\/posts\/179257\" class=\"qtranxs-available-language-link qtranxs-available-language-link-tr\" title=\"Turkish\">Turkish<\/a>. For the sake of viewer convenience, the content is shown below in the alternative language. You may click the link to switch the active language.<\/p><p><\/p>\n<h2><strong>PwC T\u00fcrkiye, \u2018T\u00fcrkiye Elektrik Piyasas\u0131na Genel Bak\u0131\u015f 2023\u2019 raporunu yay\u0131nlad\u0131. Son 10 y\u0131lda yenilenebilir enerjiye y\u00f6nelik odaklanman\u0131n T\u00fcrkiye\u2019yi di\u011fer \u00fclkelerden ayr\u0131\u015ft\u0131rd\u0131\u011f\u0131n\u0131n alt\u0131n\u0131 \u00e7izen ara\u015ft\u0131rma, T\u00fcrkiye\u2019nin d\u00fcnyan\u0131n en b\u00fcy\u00fck 12. yenilenebilir enerji kapasitesine sahip \u00fclke oldu\u011funa dikkat \u00e7ekiyor. Ara\u015ft\u0131rma, yenilenebilir enerji \u00fcretiminde pazar dinamiklerine ve T\u00fcrkiye\u2019nin \u00f6n\u00fcndeki f\u0131rsatlara mercek tutuyor.\u00a0<\/strong><\/h2>\n<p>PwC T\u00fcrkiye, <strong>\u201cT\u00fcrkiye Elektrik Piyasas\u0131na Genel Bak\u0131\u015f 2023\u201d<\/strong> raporunu yay\u0131nlad\u0131. T\u00fcrkiye elektrik sekt\u00f6r\u00fcnde son \u00fc\u00e7 y\u0131l i\u00e7erisinde \u00e7ok \u00f6nemli geli\u015fmelerin ya\u015fand\u0131\u011f\u0131na dikkat \u00e7eken rapor, COVID-19 salg\u0131n\u0131 etkisiyle bir\u00e7ok \u00fclkede oldu\u011fu gibi T\u00fcrkiye\u2019de de azalan t\u00fcketimde, 2021 y\u0131l\u0131ndan itibaren ekonomik aktivitenin artmas\u0131 ve ertelenmi\u015f t\u00fcketimin de etkisiyle elektrik talebinde \u00f6nemli bir art\u0131\u015f kaydedildi\u011fine dikkat \u00e7ekiyor.<\/p>\n<p>2021\u2019in son \u00e7eyre\u011fi ve 2022 y\u0131l\u0131 boyunca T\u00fcrkiye\u2019nin de Avrupa ile beraber artan elektrik fiyatlar\u0131ndan etkilendi\u011fini vurgulayan \u00e7al\u0131\u015fma, bu d\u00f6nemde artan elektrik fiyatlar\u0131na ek olarak T\u00fcrk Liras\u0131nda ya\u015fanan de\u011fer kayb\u0131n\u0131n elektrik fiyatlar\u0131n\u0131n enflasyon \u00fczerindeki etkisini art\u0131rd\u0131\u011f\u0131n\u0131 belirtiyor.<\/p>\n<p><strong>PwC T\u00fcrkiye \u015eirket Orta\u011f\u0131 Engin \u0130yikul<\/strong>\u00a0raporla ilgili de\u011ferlendirmesinde \u015funlar\u0131 s\u00f6yledi:<\/p>\n<p><em><img loading=\"lazy\" class=\"alignright wp-image-179259\" src=\"https:\/\/www.enerjigazetesi.ist\/wp-content\/uploads\/2023\/09\/turkiye-nin-yenilenebilir-enerjideki-potansiyeli-ve-firsatlar.jpg\" alt=\"\" width=\"320\" height=\"259\" srcset=\"https:\/\/www.enerjigazetesi.ist\/wp-content\/uploads\/2023\/09\/turkiye-nin-yenilenebilir-enerjideki-potansiyeli-ve-firsatlar.jpg 526w, https:\/\/www.enerjigazetesi.ist\/wp-content\/uploads\/2023\/09\/turkiye-nin-yenilenebilir-enerjideki-potansiyeli-ve-firsatlar-300x242.jpg 300w, https:\/\/www.enerjigazetesi.ist\/wp-content\/uploads\/2023\/09\/turkiye-nin-yenilenebilir-enerjideki-potansiyeli-ve-firsatlar-495x400.jpg 495w, https:\/\/www.enerjigazetesi.ist\/wp-content\/uploads\/2023\/09\/turkiye-nin-yenilenebilir-enerjideki-potansiyeli-ve-firsatlar-62x50.jpg 62w, https:\/\/www.enerjigazetesi.ist\/wp-content\/uploads\/2023\/09\/turkiye-nin-yenilenebilir-enerjideki-potansiyeli-ve-firsatlar-500x404.jpg 500w\" sizes=\"(max-width: 320px) 100vw, 320px\" \/>\u201cPwC T\u00fcrkiye olarak, T\u00fcrkiye elektrik piyasas\u0131n\u0131n tarihsel geli\u015fimi, mevcut durumu ve gelece\u011fe dair beklentilerini bu raporla aktarmak istedik. 2021 y\u0131l\u0131ndan itibaren a\u00e7\u0131klanan yeni yat\u0131r\u0131mlar ve d\u00fczenlemeler sayesinde enerji sekt\u00f6r\u00fc de\u011fer zinciri yeni teknolojiler ve oyuncularla beraber geni\u015fliyor. Son iki y\u0131lda yerel yat\u0131r\u0131mc\u0131lar taraf\u0131ndan T\u00fcrkiye&#8217;de; batarya fabrikas\u0131 yat\u0131r\u0131mlar\u0131n\u0131n temelleri at\u0131ld\u0131, birden fazla g\u00fcne\u015f paneli h\u00fccresi \u00fcretim tesisi yat\u0131r\u0131m\u0131 tamamland\u0131 ya da ba\u015flad\u0131, hibrit enerji santralleri devreye al\u0131nd\u0131 ve depolamal\u0131 santral yat\u0131r\u0131mlar\u0131 a\u00e7\u0131kland\u0131. Dikkat \u00e7eken bu yat\u0131r\u0131mlar, T\u00fcrkiye&#8217;nin yenilenebilir enerji potansiyelinden en \u00fcst seviyede faydalanma hedeflerine destek vererek T\u00fcrkiye&#8217;nin enerji ba\u011f\u0131ml\u0131l\u0131\u011f\u0131n\u0131 \u00f6nemli derecede azaltacakt\u0131r.\u201d<\/em> dedi.<\/p>\n<h3><strong>Ara\u015ft\u0131rmada \u00f6ne \u00e7\u0131kan ba\u015fl\u0131klar<\/strong><\/h3>\n<p>PwC\u2019nin \u201cT\u00fcrkiye Elektrik Piyasas\u0131na Genel Bak\u0131\u015f 2023\u201d raporunda \u00f6ne \u00e7\u0131kan ba\u015fl\u0131klar \u015f\u00f6yle s\u0131ralan\u0131yor:<\/p>\n<p>&#8211; Ara\u015ft\u0131rma, piyasan\u0131n ge\u00e7 b\u00fcy\u00fcme a\u015famas\u0131nda oldu\u011funa i\u015faret ederken T\u00fcrkiye&#8217;nin Ye\u015fil D\u00f6n\u00fc\u015f\u00fcm taahh\u00fcd\u00fcn\u00fcn en net \u015fekilde May\u0131s 2022&#8217;de haz\u0131rlanan Ulusal Enerji Plan\u0131&#8217;nda ortaya kondu\u011funa dikkat \u00e7ekiyor.<\/p>\n<p>&#8211; Ulusal Enerji Plan\u0131, 2053 Net S\u0131f\u0131r Emisyon vizyonunun ger\u00e7ekle\u015ftirilebilirli\u011fini sa\u011flamak i\u00e7in 2035&#8217;e kadar kar\u015f\u0131lanmas\u0131 gereken hedefleri ortaya koyuyor.<\/p>\n<p>&#8211; T\u00fcrkiye\u2019de yenilenebilir enerji alan\u0131nda Haziran 2023 itibari ile %53 olan kurulu g\u00fcc\u00fcn pay\u0131, 2035 y\u0131l\u0131nda %65 olarak tahmin ediliyor. G\u00fcne\u015f enerjisinin yenilenebilir kurulu g\u00fc\u00e7 i\u00e7inde %53 ile en b\u00fcy\u00fck paya sahip olaca\u011f\u0131 \u00f6ng\u00f6r\u00fcl\u00fcyor.<\/p>\n<p>&#8211; Bununla birlikte, Ulusal Enerji Plan\u0131\u2019ndaki dikkat \u00e7eken hedefler aras\u0131nda termal enerjiye ba\u011fl\u0131l\u0131\u011f\u0131n azalt\u0131lmas\u0131 ve 2030 sonras\u0131 i\u00e7inde elektrik \u00fcretiminde yenilenebilir enerji pay\u0131n\u0131n s\u00fcrd\u00fcr\u00fclebilir bir \u015fekilde artmas\u0131 hedefi \u00f6n plana \u00e7\u0131k\u0131yor.<\/p>\n<p>&#8211; 2035 y\u0131l\u0131nda T\u00fcrkiye\u2019nin y\u0131ll\u0131k elektrik t\u00fcketiminin <strong>500 TWs<\/strong>\u2019i a\u015faca\u011f\u0131 ve sanayi ile hizmet sekt\u00f6rlerinin T\u00fcrkiye y\u0131ll\u0131k elektrik t\u00fcketiminin <strong>%50<\/strong>\u2019den fazlas\u0131n\u0131 olu\u015fturaca\u011f\u0131 tahmin ediliyor.<\/p>\n<p>&#8211; T\u00fcrkiye&#8217;de yenilenebilir kaynaklara dayal\u0131 kurulu g\u00fcc\u00fc 250 MW&#8217;tan fazla olan 20 \u015firket bulunuyor. Bu \u015firketler a\u011f\u0131rl\u0131kl\u0131 olarak <strong>hidroelektrik santralleri<\/strong> i\u015fletirken, sadece <strong>r\u00fczgar, g\u00fcne\u015f ve jeotermal enerji santrallerine<\/strong> yat\u0131r\u0131m yapan b\u00fcy\u00fck piyasa oyuncusu say\u0131s\u0131n\u0131n azl\u0131\u011f\u0131 dikkat \u00e7ekiyor.<\/p>\n<p>&#8211; Avrupa&#8217;da kurulu yenilenebilir enerji kapasitesi <strong>2011&#8217;den<\/strong> bu yana <strong>%6,6<\/strong> artarak 2022&#8217;de<strong> 765 GW<\/strong>&#8216;a ula\u015f\u0131rken, T\u00fcrkiye, g\u00fcncel verilerle Avrupa&#8217;n\u0131n en b\u00fcy\u00fck be\u015finci yenilenebilir enerji kurulu g\u00fcc\u00fcne sahip. T\u00fcrkiye, Avrupa&#8217;da son alt\u0131 y\u0131lda yenilenebilir enerji kurulu g\u00fc\u00e7 art\u0131\u015f\u0131nda \u00fc\u00e7\u00fcnc\u00fc s\u0131rada yer al\u0131yor. <strong>Hidroelektrik enerji kapasitesi<\/strong> s\u0131ralamas\u0131nda ise Avrupa\u2019da Norve\u00e7&#8217;in ard\u0131ndan ikinci s\u0131rada geliyor.<\/p>\n<p>&#8211; Ara\u015ft\u0131rmada derlenen veriler, son 10 y\u0131lda yenilenebilir enerjiye odaklan\u0131lmas\u0131n\u0131n T\u00fcrkiye\u2019yi di\u011fer \u00fclkelerden ayr\u0131\u015ft\u0131rd\u0131\u011f\u0131n\u0131 ve T\u00fcrkiye\u2019yi yenilenebilir enerji kapasitesi bak\u0131m\u0131ndan d\u00fcnyada 12. s\u0131raya ta\u015f\u0131d\u0131\u011f\u0131n\u0131 ortaya koyuyor.<\/p>\n<p>&#8211; Raporda, geli\u015ftirilmi\u015f depolama teknikleri, ithalat kaynaklar\u0131n\u0131n \u00e7e\u015fitlendirilmesi ve do\u011fal gaz \u015febekesindeki esnekli\u011fin, tedarik\u00e7ilerle yap\u0131lan m\u00fczakerelerde T\u00fcrkiye&#8217;nin konumunu g\u00fc\u00e7lendirdi\u011fi de vurgulan\u0131yor.<\/p>\n<p>&#8211; Avrupa&#8217;n\u0131n hidrojen \u00fcretimi yat\u0131r\u0131mlar\u0131 konusundaki geni\u015flemeci yakla\u015f\u0131m\u0131 ve Almanya&#8217;n\u0131n hidrojen projelerini finanse etme konusundaki motivasyonunun, T\u00fcrkiye\u2019nin ba\u015fl\u0131ca AB \u00fclkeleri i\u00e7in g\u00fc\u00e7l\u00fc bir ye\u015fil hidrojen tedarik\u00e7isi olarak ayr\u0131\u015fmas\u0131n\u0131 h\u0131zland\u0131rabilece\u011fi de vurgulan\u0131yor.<\/p>\n<p>&#8211; Raporda, son iki y\u0131lda, T\u00fcrkiye enerji sekt\u00f6r\u00fcn\u00fcn enerji piyasas\u0131 de\u011fer zincirinde farkl\u0131 alanlara hitap eden \u00e7ok say\u0131da birle\u015fme ve sat\u0131n alma faaliyetine sahne oldu\u011funa dikkat \u00e7ekiyor.<\/p>\n<p>&#8211; T\u00fcrkiye\u2019de elektrikli ara\u00e7 pazar\u0131n\u0131n b\u00fcy\u00fcmesine de yer veren ara\u015ft\u0131rma, T\u00fcrkiye\u2019de binek otomobil sat\u0131\u015flar\u0131 2020 ve 2022 y\u0131llar\u0131 aras\u0131nda nispeten sabit kalsa da elektrikli ara\u00e7lar\u0131n toplam y\u0131ll\u0131k binek otomobil sat\u0131\u015flar\u0131 i\u00e7indeki pay\u0131 ayn\u0131 d\u00f6nemde istikrarl\u0131 bir \u015fekilde %0,1&#8217;den %1,1&#8217;e y\u00fckseldi\u011fine dikkat \u00e7ekiyor.<\/p>\n<p>&#8211; Ara\u015ft\u0131rma, T\u00fcrkiye elektrikli ara\u00e7 \u015farj pazar\u0131 ve bu alandaki ba\u015fl\u0131ca oyuncular hakk\u0131nda da bilgiler i\u00e7eriyor. Ara\u015ft\u0131rma, bir\u00e7ok <strong>enerji, teknoloji<\/strong> ve<strong> otomotiv \u015firketinin batarya \u00fcretim tesislerine<\/strong> odaklanmaya ba\u015flad\u0131\u011f\u0131na ve <strong>tesis yat\u0131r\u0131mlar\u0131na h\u0131z verdiklerini<\/strong> vurguluyor.<\/p>\n<p>Ara\u015ft\u0131rman\u0131n tamam\u0131na\u00a0<a href=\"https:\/\/www.pwc.com.tr\/turkiye-elektrik-piyasasina-genel-bakis\" target=\"_blank\" rel=\"noopener\">buradan\u00a0<\/a>ula\u015fabilirsiniz.<\/p>","protected":false},"excerpt":{"rendered":"<p>Sorry, this entry is only available in Turkish. For the sake of viewer convenience, the content is shown below in the alternative language. You may click the link to switch the active language. PwC T\u00fcrkiye, \u2018T\u00fcrkiye Elektrik Piyasas\u0131na Genel Bak\u0131\u015f 2023\u2019 raporunu yay\u0131nlad\u0131. Son 10 y\u0131lda yenilenebilir enerjiye y\u00f6nelik odaklanman\u0131n T\u00fcrkiye\u2019yi di\u011fer \u00fclkelerden ayr\u0131\u015ft\u0131rd\u0131\u011f\u0131n\u0131n alt\u0131n\u0131 [&hellip;]<\/p>\n","protected":false},"author":1,"featured_media":179259,"comment_status":"open","ping_status":"open","sticky":false,"template":"","format":"standard","meta":[],"categories":[51,53],"tags":[30187,2258,13,110705,110706,110704],"views":55,"_links":{"self":[{"href":"https:\/\/www.enerjigazetesi.ist\/en\/wp-json\/wp\/v2\/posts\/179257"}],"collection":[{"href":"https:\/\/www.enerjigazetesi.ist\/en\/wp-json\/wp\/v2\/posts"}],"about":[{"href":"https:\/\/www.enerjigazetesi.ist\/en\/wp-json\/wp\/v2\/types\/post"}],"author":[{"embeddable":true,"href":"https:\/\/www.enerjigazetesi.ist\/en\/wp-json\/wp\/v2\/users\/1"}],"replies":[{"embeddable":true,"href":"https:\/\/www.enerjigazetesi.ist\/en\/wp-json\/wp\/v2\/comments?post=179257"}],"version-history":[{"count":0,"href":"https:\/\/www.enerjigazetesi.ist\/en\/wp-json\/wp\/v2\/posts\/179257\/revisions"}],"wp:featuredmedia":[{"embeddable":true,"href":"https:\/\/www.enerjigazetesi.ist\/en\/wp-json\/wp\/v2\/media\/179259"}],"wp:attachment":[{"href":"https:\/\/www.enerjigazetesi.ist\/en\/wp-json\/wp\/v2\/media?parent=179257"}],"wp:term":[{"taxonomy":"category","embeddable":true,"href":"https:\/\/www.enerjigazetesi.ist\/en\/wp-json\/wp\/v2\/categories?post=179257"},{"taxonomy":"post_tag","embeddable":true,"href":"https:\/\/www.enerjigazetesi.ist\/en\/wp-json\/wp\/v2\/tags?post=179257"}],"curies":[{"name":"wp","href":"https:\/\/api.w.org\/{rel}","templated":true}]}}