{"id":179221,"date":"2023-09-14T17:23:47","date_gmt":"2023-09-14T14:23:47","guid":{"rendered":"https:\/\/www.enerjigazetesi.ist\/?p=179221"},"modified":"2023-09-14T17:24:53","modified_gmt":"2023-09-14T14:24:53","slug":"gokrail-sivas-demiryolu-vagon-fabrikasi-nin-enerjisi-yesillendi","status":"publish","type":"post","link":"https:\/\/www.enerjigazetesi.ist\/en\/gokrail-sivas-demiryolu-vagon-fabrikasi-nin-enerjisi-yesillendi\/","title":{"rendered":"(Turkish) &#8217;G\u00f6kRail Sivas Demiryolu Vagon Fabrikas\u0131&#8217;n\u0131n Enerjisi Ye\u015fillendi"},"content":{"rendered":"<p class=\"qtranxs-available-languages-message qtranxs-available-languages-message-en\">Sorry, this entry is only available in <a href=\"https:\/\/www.enerjigazetesi.ist\/tr\/wp-json\/wp\/v2\/posts\/179221\" class=\"qtranxs-available-language-link qtranxs-available-language-link-tr\" title=\"Turkish\">Turkish<\/a>. For the sake of viewer convenience, the content is shown below in the alternative language. You may click the link to switch the active language.<\/p><p><\/p>\n<h2><strong>T\u00fcrkiye\u2019nin en b\u00fcy\u00fck \u00f6zel demiryolu ara\u00e7 ve ekipman \u00fcreticisi G\u00f6k Yap\u0131 Grubu, G\u00f6kRail Sivas Demiryolu Vagon Fabrikas\u0131\u2019n\u0131n t\u00fcketti\u011fi elektri\u011fi ye\u015fil enerji kaynaklar\u0131ndan kar\u015f\u0131lamak i\u00e7in CK Enerji \u00c7aml\u0131bel Elektrik arac\u0131l\u0131\u011f\u0131 ile Uluslararas\u0131 Yenilenebilir Enerji Sertifikas\u0131 (I-REC) ald\u0131. Fabrikan\u0131n 1 y\u0131lda t\u00fcketti\u011fi 5 milyon 160 bin kWh\u2019lik elektri\u011fin tamam\u0131 yenilenebilir enerji kaynaklar\u0131ndan sa\u011flanacak.<\/strong><\/h2>\n<p style=\"text-align: center;\"><img loading=\"lazy\" class=\"aligncenter wp-image-179225\" src=\"https:\/\/www.enerjigazetesi.ist\/wp-content\/uploads\/2023\/09\/gokrail-sivas-demiryolu-vagon-fabrikasi-nin-enerjisi-yesillendi-1.jpg\" alt=\"\" width=\"500\" height=\"334\" srcset=\"https:\/\/www.enerjigazetesi.ist\/wp-content\/uploads\/2023\/09\/gokrail-sivas-demiryolu-vagon-fabrikasi-nin-enerjisi-yesillendi-1.jpg 550w, https:\/\/www.enerjigazetesi.ist\/wp-content\/uploads\/2023\/09\/gokrail-sivas-demiryolu-vagon-fabrikasi-nin-enerjisi-yesillendi-1-300x200.jpg 300w, https:\/\/www.enerjigazetesi.ist\/wp-content\/uploads\/2023\/09\/gokrail-sivas-demiryolu-vagon-fabrikasi-nin-enerjisi-yesillendi-1-500x334.jpg 500w, https:\/\/www.enerjigazetesi.ist\/wp-content\/uploads\/2023\/09\/gokrail-sivas-demiryolu-vagon-fabrikasi-nin-enerjisi-yesillendi-1-75x50.jpg 75w, https:\/\/www.enerjigazetesi.ist\/wp-content\/uploads\/2023\/09\/gokrail-sivas-demiryolu-vagon-fabrikasi-nin-enerjisi-yesillendi-1-450x300.jpg 450w\" sizes=\"(max-width: 500px) 100vw, 500px\" \/><\/p>\n<p>S\u00fcrd\u00fcr\u00fclebilir bir gelecek i\u00e7in d\u00fcnya genelinde yenilenebilir enerjinin kullan\u0131m\u0131 giderek artarken do\u011faya b\u0131rakt\u0131\u011f\u0131 karbon ayak izini silmeyi hedefleyen \u015firketler ye\u015fil enerji kaynaklar\u0131na y\u00f6neliyor. T\u00fcrkiye\u2019nin en b\u00fcy\u00fck \u00f6zel demiryolu ara\u00e7 ve ekipman \u00fcreticisi G\u00f6k Yap\u0131 Grubu da Sivas Demira\u011f Organize Sanayi B\u00f6lgesi\u2019nde faaliyet g\u00f6steren G\u00f6kRail Sivas Demiryolu Vagon Fabrikas\u0131\u2019n\u0131n <strong>t\u00fcketti\u011fi elektri\u011fi ye\u015fil enerjiden kar\u015f\u0131lamak<\/strong> i\u00e7in <strong>CK Enerji \u00c7aml\u0131bel Elektrik<\/strong> arac\u0131l\u0131\u011f\u0131 ile <strong>Uluslararas\u0131 Yenilenebilir Enerji Sertifikas\u0131 (I-REC)<\/strong> ald\u0131.<\/p>\n<h3><strong>\u201c5 M\u0130LYON 160 B\u0130N KWH\u2019L\u0130K ELEKTR\u0130K YE\u015e\u0130L ENERJ\u0130 KAYNAKLARINDAN SA\u011eLANACAK\u201d<\/strong><\/h3>\n<p>I-REC\u2019in t\u00fcketilen elektri\u011fin temiz ve yenilenebilir enerji kaynaklar\u0131ndan sa\u011fland\u0131\u011f\u0131n\u0131 g\u00f6steren uluslararas\u0131 ge\u00e7erlili\u011fe sahip bir belge oldu\u011funu s\u00f6yleyen <strong>CK Enerji \u00c7aml\u0131bel Elektrik Genel M\u00fcd\u00fcr\u00fc Muharrem B\u00fclb\u00fcl<\/strong>, <em>\u201cT\u00fcrkiye\u2019de enerji sekt\u00f6r\u00fcn\u00fcn \u00f6nc\u00fc kurulu\u015fu olarak, bu s\u00fcre\u00e7te de m\u00fc\u015fterilerimizin yan\u0131nda yer al\u0131yor, \u00e7evresel s\u00fcrd\u00fcr\u00fclebilirlik politikalar\u0131na destek veriyoruz. \u00dcretilen her birim elektri\u011fin, kayna\u011f\u0131ndan ba\u015flayarak takip edilmesini ve nihai t\u00fcketiciye kadar izlenebilmesini sa\u011flayan bu sertifikay\u0131 m\u00fc\u015fterilerimiz i\u00e7in temin ederken ye\u015fil enerjinin her ge\u00e7en g\u00fcn \u00f6ne \u00e7\u0131kmas\u0131n\u0131 sa\u011fl\u0131yoruz. Bu belge ile G\u00f6k Yap\u0131 Grup, Sivas\u2019taki fabrikalar\u0131nda enerji t\u00fcketimini \u00e7evre dostu ve s\u00fcrd\u00fcr\u00fclebilir bir \u015fekilde sa\u011flama y\u00f6n\u00fcnde \u00e7ok de\u011ferli bir ad\u0131m att\u0131. B\u00f6ylece fabrikan\u0131n 1 y\u0131lda t\u00fcketti\u011fi toplam 5 milyon 160 bin kWh\u2019lik elektri\u011fin tamam\u0131 ye\u015fil enerji kaynaklar\u0131ndan kar\u015f\u0131lanacak\u201d<\/em> de\u011ferlendirmesinde bulundu.<\/p>\n<h3><strong>\u201cGURUMUZU YEN\u0130LENEB\u0130L\u0130R ENERJ\u0130 KAYNAKLARI \u0130LE TA\u00c7LANDIRIYORUZ\u201d<\/strong><\/h3>\n<p>Temelleri 1980 y\u0131l\u0131nda at\u0131lan G\u00f6k Grup\u2019un, 40 y\u0131l\u0131 a\u015fan yolculu\u011funda; \u00fclkesinde yakalad\u0131\u011f\u0131 ba\u015far\u0131y\u0131, d\u00fcnyada yakalama hedefiyle sadece T\u00fcrkiye\u2019nin de\u011fil Avrupa\u2019n\u0131n da en b\u00fcy\u00fck ve ba\u015far\u0131l\u0131 gruplar\u0131ndan biri haline geldi\u011fini ifade eden; <strong>G\u00f6k Yap\u0131 Sanayi ve Ticaret A.\u015e. Genel M\u00fcd\u00fcr\u00fc Nurettin Y\u0131ld\u0131r\u0131m;<\/strong> <em>\u201c2008 y\u0131l\u0131nda G\u00f6kRail<strong>\u00a0<\/strong>markas\u0131n\u0131 olu\u015fturduk. T\u00fcrkiye\u2019nin ilk TSI sertifikal\u0131 yerli tampon ve cer paketi \u00fcr\u00fcnlerini \u00fcretirken hem T\u00fcrkiye hem de Avrupa\u2019da sat\u0131\u015flara ba\u015flad\u0131k. Yine 2017 y\u0131l\u0131nda T\u00fcrkiye\u2019nin <strong>TSI sertifikal\u0131 Milli\u00a0Y\u00fck Vagonu projesini<\/strong> \u00fcstlenen markam\u0131z bu s\u00fcreci de ba\u015far\u0131yla tamamlad\u0131. \u015eu an itibariyle <strong>g\u00fcnl\u00fck 5 adet y\u00fck vagonu \u00fcretimi<\/strong> kapasitesine ula\u015fan G\u00f6kRail; Fransa, \u0130ngiltere, Almanya, Avusturya, Hindistan, Polonya, Rusya gibi \u00fclkelere \u00e7e\u015fitli vagonlar \u00fcreterek ihracat\u0131n\u0131 her ge\u00e7en g\u00fcn art\u0131r\u0131p, \u00fclke ekonomisine de katk\u0131da bulunmaktad\u0131r. \u015eimdi ise \u00fclke ekonomisine katk\u0131da bulunman\u0131n hakl\u0131 gururunu;<strong> \u2018yenilenebilir enerji kaynaklar\u0131\u2019<\/strong> ile ta\u00e7land\u0131r\u0131yoruz\u201d<\/em> diye konu\u015ftu.<\/p>\n<h3><strong>YEN\u0130LENEB\u0130L\u0130R ENERJ\u0130 SERT\u0130F\u0130KASI NED\u0130R?<\/strong><\/h3>\n<p>Son y\u0131llarda giderek yayg\u0131nla\u015fan I-REC (Yenilebilir Enerjisi Sertifikas\u0131), RECs International taraf\u0131ndan geli\u015ftirilen elektri\u011fin yenilenebilir enerji kaynaklar\u0131ndan \u00fcretildi\u011fini belgeleyen uluslararas\u0131 sertifikasyon sistemi. Uluslararas\u0131 ba\u011f\u0131ms\u0131z bir kurulu\u015f olan IREC Foundation taraf\u0131ndan verilen ve denetlenen bu sistemde, yenilenebilir enerji tesislerinde (g\u00fcne\u015f, r\u00fczg\u00e2r, hidroelektrik, jeotermal ve biok\u00fctle) \u00fcretilen her 1 MWh elektrik kar\u015f\u0131l\u0131\u011f\u0131nda bir sertifika olu\u015fturuluyor. Yetkili enerji \u015firketleri de bu sertifikay\u0131 talep eden m\u00fc\u015fterilerinin elektrik enerjilerini yenilenebilir enerji kaynaklar\u0131ndan kar\u015f\u0131lamas\u0131na destek veriyor.<\/p>\n<h3><strong>SERT\u0130F\u0130KAYA SAH\u0130P OLAN \u015e\u0130RKETLER \u00c7E\u015e\u0130TL\u0130 AVANTAJLAR ELDE ED\u0130YOR<\/strong><\/h3>\n<p>\u00dcretilen her birim elektri\u011fin, kayna\u011f\u0131ndan ba\u015flayarak takip edilmesi ve nihai t\u00fcketiciye kadar izlenebilmesini sa\u011flayan bu sistem sayesinde t\u00fcketiciler bilin\u00e7li ve g\u00fcvenilir bir se\u00e7im yapabiliyor. Ayn\u0131 zamanda ye\u015fil enerji kullan\u0131m\u0131n\u0131n karbon sal\u0131n\u0131m\u0131n\u0131n azalt\u0131lmas\u0131na y\u00f6nelik olumlu bir ad\u0131m olmas\u0131 nedeniyle t\u00fcketici davran\u0131\u015f\u0131n\u0131 ye\u015fil enerji kullanan tesisler i\u00e7in pozitif y\u00f6nde etkileyen bir unsur olarak \u00f6ne \u00e7\u0131k\u0131yor. Avrupa Birli\u011fi \u00fclkeleri ba\u015fta olmak \u00fczere geli\u015fmekte olan \u00fclkelerdeki firmalar, sat\u0131n ald\u0131klar\u0131 \u00fcr\u00fcnleri \u00fcreten tesislerin yenilenebilir enerji sertifikas\u0131 almas\u0131n\u0131 \u015fart ko\u015farken buna kar\u015f\u0131l\u0131k \u00e7e\u015fitli avantajlar da sa\u011fl\u0131yor.<\/p>","protected":false},"excerpt":{"rendered":"<p>Sorry, this entry is only available in Turkish. For the sake of viewer convenience, the content is shown below in the alternative language. You may click the link to switch the active language. T\u00fcrkiye\u2019nin en b\u00fcy\u00fck \u00f6zel demiryolu ara\u00e7 ve ekipman \u00fcreticisi G\u00f6k Yap\u0131 Grubu, G\u00f6kRail Sivas Demiryolu Vagon Fabrikas\u0131\u2019n\u0131n t\u00fcketti\u011fi elektri\u011fi ye\u015fil enerji kaynaklar\u0131ndan [&hellip;]<\/p>\n","protected":false},"author":1,"featured_media":179224,"comment_status":"open","ping_status":"open","sticky":false,"template":"","format":"standard","meta":[],"categories":[51,53],"tags":[46144,110693,110694,89403,842,80854,105],"views":89,"_links":{"self":[{"href":"https:\/\/www.enerjigazetesi.ist\/en\/wp-json\/wp\/v2\/posts\/179221"}],"collection":[{"href":"https:\/\/www.enerjigazetesi.ist\/en\/wp-json\/wp\/v2\/posts"}],"about":[{"href":"https:\/\/www.enerjigazetesi.ist\/en\/wp-json\/wp\/v2\/types\/post"}],"author":[{"embeddable":true,"href":"https:\/\/www.enerjigazetesi.ist\/en\/wp-json\/wp\/v2\/users\/1"}],"replies":[{"embeddable":true,"href":"https:\/\/www.enerjigazetesi.ist\/en\/wp-json\/wp\/v2\/comments?post=179221"}],"version-history":[{"count":0,"href":"https:\/\/www.enerjigazetesi.ist\/en\/wp-json\/wp\/v2\/posts\/179221\/revisions"}],"wp:featuredmedia":[{"embeddable":true,"href":"https:\/\/www.enerjigazetesi.ist\/en\/wp-json\/wp\/v2\/media\/179224"}],"wp:attachment":[{"href":"https:\/\/www.enerjigazetesi.ist\/en\/wp-json\/wp\/v2\/media?parent=179221"}],"wp:term":[{"taxonomy":"category","embeddable":true,"href":"https:\/\/www.enerjigazetesi.ist\/en\/wp-json\/wp\/v2\/categories?post=179221"},{"taxonomy":"post_tag","embeddable":true,"href":"https:\/\/www.enerjigazetesi.ist\/en\/wp-json\/wp\/v2\/tags?post=179221"}],"curies":[{"name":"wp","href":"https:\/\/api.w.org\/{rel}","templated":true}]}}