{"id":179110,"date":"2023-09-11T16:52:31","date_gmt":"2023-09-11T13:52:31","guid":{"rendered":"https:\/\/www.enerjigazetesi.ist\/?p=179110"},"modified":"2023-09-11T16:53:47","modified_gmt":"2023-09-11T13:53:47","slug":"sedas-tan-gebze-de-110-milyon-tl-yatirim-calismasi","status":"publish","type":"post","link":"https:\/\/www.enerjigazetesi.ist\/en\/sedas-tan-gebze-de-110-milyon-tl-yatirim-calismasi\/","title":{"rendered":"(Turkish) &#8217;SEDA\u015e\u2019tan Gebze\u2019de 110 Milyon TL Yat\u0131r\u0131m \u00c7al\u0131\u015fmas\u0131"},"content":{"rendered":"<p class=\"qtranxs-available-languages-message qtranxs-available-languages-message-en\">Sorry, this entry is only available in <a href=\"https:\/\/www.enerjigazetesi.ist\/tr\/wp-json\/wp\/v2\/posts\/179110\" class=\"qtranxs-available-language-link qtranxs-available-language-link-tr\" title=\"Turkish\">Turkish<\/a>. For the sake of viewer convenience, the content is shown below in the alternative language. You may click the link to switch the active language.<\/p><p><\/p>\n<h2><strong>SEDA\u015e, Gebze\u2019de y\u0131l sonuna kadar tamamlanmas\u0131 planlanan yat\u0131r\u0131m ve bak\u0131m \u00e7al\u0131\u015fmalar\u0131n\u0131 t\u00fcm h\u0131z\u0131yla s\u00fcrd\u00fcr\u00fcyor. 110 milyon TL kaynak ayr\u0131lan b\u00f6lgedeki yat\u0131r\u0131mlar\u0131n artarak devam edece\u011fi a\u00e7\u0131kland\u0131.<\/strong><\/h2>\n<p>20 bin kilometrekarelik alandaki 3,8 milyon n\u00fcfusa hizmet veren <strong>Sakarya Elektrik Da\u011f\u0131t\u0131m A.\u015e. (SEDA\u015e)<\/strong>, Gebze\u2019deki yat\u0131r\u0131m \u00e7al\u0131\u015fmalar\u0131na h\u0131z veriyor. B\u00f6lgenin artan ihtiya\u00e7lar\u0131na g\u00f6re haz\u0131rlanan programda bu y\u0131l\u0131n sonuna kadar kapasite art\u0131r\u0131m\u0131, \u015febeke yenileme ve ana hatlarda devam eden yeralt\u0131 <img loading=\"lazy\" class=\"alignright wp-image-179113\" src=\"https:\/\/www.enerjigazetesi.ist\/wp-content\/uploads\/2023\/09\/sedas-tan-gebze-de-110-milyon-tl-yatirim-calismasi-1.jpg\" alt=\"\" width=\"320\" height=\"214\" srcset=\"https:\/\/www.enerjigazetesi.ist\/wp-content\/uploads\/2023\/09\/sedas-tan-gebze-de-110-milyon-tl-yatirim-calismasi-1.jpg 550w, https:\/\/www.enerjigazetesi.ist\/wp-content\/uploads\/2023\/09\/sedas-tan-gebze-de-110-milyon-tl-yatirim-calismasi-1-300x200.jpg 300w, https:\/\/www.enerjigazetesi.ist\/wp-content\/uploads\/2023\/09\/sedas-tan-gebze-de-110-milyon-tl-yatirim-calismasi-1-500x334.jpg 500w, https:\/\/www.enerjigazetesi.ist\/wp-content\/uploads\/2023\/09\/sedas-tan-gebze-de-110-milyon-tl-yatirim-calismasi-1-75x50.jpg 75w, https:\/\/www.enerjigazetesi.ist\/wp-content\/uploads\/2023\/09\/sedas-tan-gebze-de-110-milyon-tl-yatirim-calismasi-1-450x300.jpg 450w\" sizes=\"(max-width: 320px) 100vw, 320px\" \/>\u00e7al\u0131\u015fmalar\u0131n\u0131n tamamlanmas\u0131 planlan\u0131yor. Yat\u0131r\u0131m\u0131n toplam de\u011feri ise <strong>110 milyon TL<\/strong> oldu.<\/p>\n<p><strong>SEDA\u015e Y\u00f6netim Kurulu ve \u0130cra Ba\u015fkan\u0131 Dr. Necmi Odyakmaz<\/strong>, Gebze b\u00f6lgesinde s\u00fcrd\u00fcr\u00fclen yat\u0131r\u0131m \u00e7al\u0131\u015fmalar\u0131n\u0131 de\u011ferlendirerek; <em>\u201cB\u00f6lgenin en g\u00fcncel ihtiya\u00e7lar\u0131n\u0131 ara\u015ft\u0131rarak, kaliteli hizmet ve kesintisiz enerji hedefi ile m\u00fc\u015fterilerin beklentilerini kar\u015f\u0131layacak yat\u0131r\u0131m plan\u0131m\u0131za aral\u0131ks\u0131z bir \u015fekilde t\u00fcm g\u00fcc\u00fcm\u00fczle devam ediyoruz. Gebze b\u00f6lgemize hem istihdam olanaklar\u0131 hem ekonomik fayda yaratan kapsaml\u0131 bir \u00e7al\u0131\u015fma y\u00fcr\u00fct\u00fcyoruz. Yat\u0131r\u0131mlar\u0131m\u0131zla m\u00fc\u015fteri memnuniyetini her ge\u00e7en g\u00fcn art\u0131rarak, operasyonel faaliyetlerimizi daha da g\u00fc\u00e7lendirmeyi hedefliyoruz\u201d<\/em> dedi.<\/p>\n<p>SEDA\u015e saha ekipleri, Gebze genelinde y\u00fcr\u00fctt\u00fc\u011f\u00fc kapsaml\u0131 \u00e7al\u0131\u015fmalarla 312 kilometreyi a\u015fk\u0131n kablo-iletken \u00e7ekimi ve 200 adet direk montaj\u0131n\u0131 ger\u00e7ekle\u015ftirdi. Sene sonuna kadar ise k\u0131rsal kesimler de dahil olmak \u00fczere ilave 10 adet beton k\u00f6\u015fk tipi trafo ve yakla\u015f\u0131k 13 adet direk tipi trafo tesisinin devreye al\u0131nmas\u0131 sa\u011flanacak. Zaman mefhumu g\u00f6zetmeksizin g\u00fcn\u00fcn her saati g\u00f6rev ba\u015f\u0131nda olan ekipler, kentin t\u00fcm\u00fcnde \u015febeke yenileme, yeni alternatif \u015febeke tesisi, kapasite art\u0131\u015f\u0131 ve hatlarda g\u00fcvenlik mesafesi d\u00fczenlemesi gibi \u00e7al\u0131\u015fmalara devam ediyor.<\/p>\n<p>Elektrik hizmetinde s\u00fcreklili\u011fi sa\u011flamay\u0131 ve kentte artan enerji talebini kar\u015f\u0131lamay\u0131 hedefleyen \u00e7al\u0131\u015fmalar\u0131n enerjili hatta yap\u0131labilmesinin m\u00fcmk\u00fcn olmamas\u0131 nedeniyle planl\u0131 kesintilere ba\u015fvuruluyor. M\u00fc\u015fterilerin elektrik ihtiyac\u0131n\u0131 kar\u015f\u0131lamak ad\u0131na zorunluluk ta\u015f\u0131yan planl\u0131 kesintilerde, can ve mal g\u00fcvenli\u011fini koruyabilmek i\u00e7in hatlardaki enerji devre d\u0131\u015f\u0131 b\u0131rak\u0131larak \u00f6nceden belirtilen s\u00fcre \u00e7er\u00e7evesinde planl\u0131 elektrik kesintisi ger\u00e7ekle\u015ftiriliyor. Bu sayede, yat\u0131r\u0131m ve bak\u0131m i\u015flemlerinin emniyetli bi\u00e7imde yap\u0131labilirken, \u015febekelerde de teknik s\u00fcrd\u00fcr\u00fclebilirlik sa\u011flan\u0131yor.<\/p>\n<p>Teknik ve d\u0131\u015f etmenlerden kaynakl\u0131 kesintilerin \u00f6n\u00fcne ge\u00e7ebilmek i\u00e7in yap\u0131lan \u00e7al\u0131\u015fmalarda planl\u0131 kesinti yap\u0131lacak b\u00f6lgelerin isimleri, 48 saat \u00f6nceden SEDA\u015e web sitesinden duyuruluyor. Ayr\u0131ca, m\u00fc\u015fteriler sistemde kay\u0131tl\u0131 bulunan telefon numaralar\u0131na SMS g\u00f6nderilerek bilgilendiriliyor.<\/p>","protected":false},"excerpt":{"rendered":"<p>Sorry, this entry is only available in Turkish. For the sake of viewer convenience, the content is shown below in the alternative language. You may click the link to switch the active language. SEDA\u015e, Gebze\u2019de y\u0131l sonuna kadar tamamlanmas\u0131 planlanan yat\u0131r\u0131m ve bak\u0131m \u00e7al\u0131\u015fmalar\u0131n\u0131 t\u00fcm h\u0131z\u0131yla s\u00fcrd\u00fcr\u00fcyor. 110 milyon TL kaynak ayr\u0131lan b\u00f6lgedeki yat\u0131r\u0131mlar\u0131n artarak [&hellip;]<\/p>\n","protected":false},"author":1,"featured_media":179112,"comment_status":"open","ping_status":"open","sticky":false,"template":"","format":"standard","meta":[],"categories":[51,53],"tags":[110655,102600,2444,97302],"views":33,"_links":{"self":[{"href":"https:\/\/www.enerjigazetesi.ist\/en\/wp-json\/wp\/v2\/posts\/179110"}],"collection":[{"href":"https:\/\/www.enerjigazetesi.ist\/en\/wp-json\/wp\/v2\/posts"}],"about":[{"href":"https:\/\/www.enerjigazetesi.ist\/en\/wp-json\/wp\/v2\/types\/post"}],"author":[{"embeddable":true,"href":"https:\/\/www.enerjigazetesi.ist\/en\/wp-json\/wp\/v2\/users\/1"}],"replies":[{"embeddable":true,"href":"https:\/\/www.enerjigazetesi.ist\/en\/wp-json\/wp\/v2\/comments?post=179110"}],"version-history":[{"count":0,"href":"https:\/\/www.enerjigazetesi.ist\/en\/wp-json\/wp\/v2\/posts\/179110\/revisions"}],"wp:featuredmedia":[{"embeddable":true,"href":"https:\/\/www.enerjigazetesi.ist\/en\/wp-json\/wp\/v2\/media\/179112"}],"wp:attachment":[{"href":"https:\/\/www.enerjigazetesi.ist\/en\/wp-json\/wp\/v2\/media?parent=179110"}],"wp:term":[{"taxonomy":"category","embeddable":true,"href":"https:\/\/www.enerjigazetesi.ist\/en\/wp-json\/wp\/v2\/categories?post=179110"},{"taxonomy":"post_tag","embeddable":true,"href":"https:\/\/www.enerjigazetesi.ist\/en\/wp-json\/wp\/v2\/tags?post=179110"}],"curies":[{"name":"wp","href":"https:\/\/api.w.org\/{rel}","templated":true}]}}