{"id":17911,"date":"2013-11-20T18:08:49","date_gmt":"2013-11-20T15:08:49","guid":{"rendered":"https:\/\/www.enerjigazetesi.ist\/?p=17911"},"modified":"2013-11-20T18:10:11","modified_gmt":"2013-11-20T15:10:11","slug":"cine-adnan-menderes-barajiyla-milli-ekonomiye-yillik-325-milyon-lira","status":"publish","type":"post","link":"https:\/\/www.enerjigazetesi.ist\/en\/cine-adnan-menderes-barajiyla-milli-ekonomiye-yillik-325-milyon-lira\/","title":{"rendered":"(Turkish) \u00c7ine Adnan Menderes Baraj\u0131\u2019yla Milli Ekonomiye Y\u0131ll\u0131k 325 Milyon Lira!"},"content":{"rendered":"<p class=\"qtranxs-available-languages-message qtranxs-available-languages-message-en\">Sorry, this entry is only available in <a href=\"https:\/\/www.enerjigazetesi.ist\/tr\/wp-json\/wp\/v2\/posts\/17911\" class=\"qtranxs-available-language-link qtranxs-available-language-link-tr\" title=\"Turkish\">Turkish<\/a>. For the sake of viewer convenience, the content is shown below in the alternative language. You may click the link to switch the active language.<\/p><p><strong>\u0130lk olarak 1869 y\u0131l\u0131nda Osmanl\u0131 Padi\u015fah\u0131 Abdulaziz d\u00f6neminde sedde talebi ile g\u00fcndeme gelen ve yakla\u015f\u0131k 1,5 as\u0131rd\u0131r hayali kurulan \u00c7ine Adnan Menderes Baraj\u0131\u2019n\u0131n tamamlanmas\u0131n\u0131n ard\u0131ndan milli ekonomiye y\u0131ll\u0131k 325 milyon liral\u0131k katk\u0131 sa\u011fland\u0131.<\/strong><\/p>\n<p>Devlet Su \u0130\u015fleri (DS\u0130) 21. B\u00f6lge M\u00fcd\u00fcr Yard\u0131mc\u0131s\u0131 U\u011fur Alay, 360 milyon metrek\u00fcp su tutma kapasitesi bulunan baraj\u0131n, enerji \u00fcretimi, sulama ve ta\u015fk\u0131n koruma olmak \u00fczere 3 b\u00fcy\u00fck faydas\u0131n\u0131n bulundu\u011funu s\u00f6yledi.<\/p>\n<p>B\u00fcy\u00fck Menderes Nehri\u2019nin uzun y\u0131llar boyunca Ayd\u0131n ovalar\u0131nda ta\u015fk\u0131nlara neden oldu\u011funu ve b\u00fcy\u00fck ma\u011fduriyetler ya\u015fand\u0131\u011f\u0131n\u0131 dile getiren Alay, baraj\u0131n en \u00f6nemli faydalar\u0131ndan birinin ta\u015fk\u0131nlar\u0131 \u00f6nleme oldu\u011funa dikkati \u00e7ekti.<\/p>\n<p>Baraj sayesinde ta\u015fk\u0131na neden olabilecek suyun kontrol alt\u0131na al\u0131narak faydal\u0131 hale d\u00f6n\u00fc\u015ft\u00fcr\u00fcld\u00fc\u011f\u00fcn\u00fc belirten Alay, \u015funlar\u0131 kaydetti:<\/p>\n<p>\u201cBaraj\u0131m\u0131z\u0131n 3 temel \u00f6zelli\u011fi bulunmaktad\u0131r. Bunlar, enerji, sulama ve ta\u015fk\u0131n koruma ama\u00e7lar\u0131d\u0131r. Baraj\u0131m\u0131z\u0131n sayesinde y\u0131ll\u0131k yakla\u015f\u0131k 47 megavat kurulu g\u00fc\u00e7te 118 milyon kilovat saat enerji \u00fcretimi ger\u00e7ekle\u015ftirilmesi, \u00c7ine ve Ko\u00e7arl\u0131 ovalar\u0131nda yakla\u015f\u0131k 210 bin dekar alan\u0131n modern sulama y\u00f6ntemleriyle sulanmas\u0131, S\u00f6ke ovas\u0131nda yakla\u015f\u0131k 30 bin dekar alana su takviyesi yap\u0131lmas\u0131 ile her y\u0131l yakla\u015f\u0131k 91 bin dekar alan ve bu alan i\u00e7erisinde kalan yerle\u015fim yerlerinin ta\u015fk\u0131ndan korunmas\u0131 sa\u011flanm\u0131\u015ft\u0131r.\u201d<\/p>\n<h2>7 bin 500 ki\u015fiye istihdam<a href=\"https:\/\/www.enerjigazetesi.ist\/wp-content\/uploads\/2013\/11\/cine-adnan-menderes-barajiyla-milli-ekonomiye-yillik-325-milyon-liralik-katki-saglandi.jpg\"><img loading=\"lazy\" class=\"alignright size-medium wp-image-17912\" title=\"cine-adnan-menderes-barajiyla-milli-ekonomiye-yillik-325-milyon-liralik-katki-saglandi\" src=\"https:\/\/www.enerjigazetesi.ist\/wp-content\/uploads\/2013\/11\/cine-adnan-menderes-barajiyla-milli-ekonomiye-yillik-325-milyon-liralik-katki-saglandi-300x206.jpg\" alt=\"\" width=\"300\" height=\"206\" srcset=\"https:\/\/www.enerjigazetesi.ist\/wp-content\/uploads\/2013\/11\/cine-adnan-menderes-barajiyla-milli-ekonomiye-yillik-325-milyon-liralik-katki-saglandi-300x206.jpg 300w, https:\/\/www.enerjigazetesi.ist\/wp-content\/uploads\/2013\/11\/cine-adnan-menderes-barajiyla-milli-ekonomiye-yillik-325-milyon-liralik-katki-saglandi-72x50.jpg 72w, https:\/\/www.enerjigazetesi.ist\/wp-content\/uploads\/2013\/11\/cine-adnan-menderes-barajiyla-milli-ekonomiye-yillik-325-milyon-liralik-katki-saglandi.jpg 483w\" sizes=\"(max-width: 300px) 100vw, 300px\" \/><\/a><\/h2>\n<p>Baraj\u0131n milli ekonomiye y\u0131ll\u0131k katk\u0131s\u0131n\u0131n yakla\u015f\u0131k 325 milyon lira oldu\u011funa i\u015faret eden Alay, \u015f\u00f6yle dedi:<\/p>\n<p>\u201cE\u011fer baraj\u0131m\u0131z olmasayd\u0131, \u015fu anda Ayd\u0131n ovas\u0131nda ta\u015fk\u0131nlarla m\u00fccadele ediyor olacakt\u0131k. Her y\u0131l oldu\u011fu gibi vatanda\u015flar\u0131m\u0131z\u0131n y\u0131ll\u0131k 200 milyon liraya varan zarar, ziyanlar\u0131 olu\u015facakt\u0131. Bu zarar\u0131n engellenmesi bir yana ovalar\u0131n sulanmas\u0131yla milli ekonomiye 100 milyon lira ek gelir s\u00f6z konusu olmu\u015ftur. Ayr\u0131ca enerji \u00fcretimiyle de y\u0131ll\u0131k yakla\u015f\u0131k 25 milyon lira ek gelir hedeflendi\u011fi d\u00fc\u015f\u00fcn\u00fclecek olursa milli ekonomiye y\u0131ll\u0131k 325 milyon lira katk\u0131 sa\u011flayan \u00c7ine Adnan Menderes Baraj\u0131 \u00e7ok \u00f6nemli bir yat\u0131r\u0131md\u0131r. Proje sayesinde 7 bin 500 ki\u015fiye ilave istihdam olana\u011f\u0131 sa\u011flanm\u0131\u015f olmas\u0131 da ayr\u0131 bir sevin\u00e7 kayna\u011f\u0131d\u0131r.\u201d<\/p>\n<h2>141 y\u0131ll\u0131k hayal ger\u00e7ekle\u015fti<\/h2>\n<p>Ayd\u0131n\u2019da ta\u015fk\u0131n zararlar\u0131n\u0131n \u00e7ok eskilere dayanmas\u0131 nedeniyle baraj fikrinin 1869 y\u0131l\u0131na kadar uzand\u0131\u011f\u0131n\u0131 ifade eden Alay, s\u00f6zlerini \u015f\u00f6yle tamamlad\u0131:<\/p>\n<p>\u201cTa\u015fk\u0131nlardan b\u00fcy\u00fck zarar g\u00f6ren halk ilk olarak Osmanl\u0131 Padi\u015fah\u0131 Abd\u00fclaziz\u2019e m\u00fcracaat ederek sedde yap\u0131lmas\u0131n\u0131 istemi\u015f ama o zaman\u0131n imkanlar\u0131 ile bunun ger\u00e7ekle\u015ftirilmesi m\u00fcmk\u00fcn olmam\u0131\u015f. S\u00fcre\u00e7 i\u00e7erisinde 1980\u2032li y\u0131llara gelindi\u011finde baraj\u0131n planlamas\u0131 tamamlanm\u0131\u015f, proje ve di\u011fer finansman durumlar\u0131 g\u00f6z \u00f6n\u00fcnde bulundurularak 1995 y\u0131l\u0131nda baraj in\u015faat\u0131na ancak ba\u015flanabilmi\u015f.<\/p>\n<p>1995 y\u0131l\u0131ndan 2004 y\u0131l\u0131na kadar kaz\u0131lar\u0131 tamamlanarak baraj\u0131n y\u00fczde 30\u2032luk bir k\u0131sm\u0131 yap\u0131labilmi\u015f. Yap\u0131m\u0131n\u0131n y\u0131llarca s\u00fcrmesi beklenen baraj 2004-2010 y\u0131llar\u0131 aras\u0131nda yo\u011fun ilgi ve alaka g\u00f6sterilerek, finansman\u0131 devletimizce temin edilerek tamamlan\u0131p halk\u0131m\u0131z\u0131n hizmetine sunulmu\u015f, b\u00f6ylelikle 141 y\u0131ll\u0131k hayal, hayata ge\u00e7irilmi\u015ftir. 6 y\u0131l gibi k\u0131sa s\u00fcre i\u00e7erisinde tamamlanan \u00c7ine Adnan Menderes Baraj\u0131 milli ekonomiye y\u0131ll\u0131k 325 milyon lira katk\u0131s\u0131 ile hayati \u00f6nem ta\u015f\u0131maktad\u0131r.\u201d<\/p>\n<p>Kaynak: <a href=\"http:\/\/enerjienstitusu.com\/2013\/11\/20\/cine-adnan-menderes-barajiyla-milli-ekonomiye-yillik-325-milyon-liralik-katki-saglandi\/\" target=\"_blank\">Enerji Enstit\u00fcs\u00fc<\/a><\/p>","protected":false},"excerpt":{"rendered":"<p>Sorry, this entry is only available in Turkish. For the sake of viewer convenience, the content is shown below in the alternative language. You may click the link to switch the active language.\u0130lk olarak 1869 y\u0131l\u0131nda Osmanl\u0131 Padi\u015fah\u0131 Abdulaziz d\u00f6neminde sedde talebi ile g\u00fcndeme gelen ve yakla\u015f\u0131k 1,5 as\u0131rd\u0131r hayali kurulan \u00c7ine Adnan Menderes Baraj\u0131\u2019n\u0131n [&hellip;]<\/p>\n","protected":false},"author":1,"featured_media":17912,"comment_status":"open","ping_status":"open","sticky":false,"template":"","format":"standard","meta":[],"categories":[53,47],"tags":[10508,63,67,1009,165,18,35370,1090],"views":827,"_links":{"self":[{"href":"https:\/\/www.enerjigazetesi.ist\/en\/wp-json\/wp\/v2\/posts\/17911"}],"collection":[{"href":"https:\/\/www.enerjigazetesi.ist\/en\/wp-json\/wp\/v2\/posts"}],"about":[{"href":"https:\/\/www.enerjigazetesi.ist\/en\/wp-json\/wp\/v2\/types\/post"}],"author":[{"embeddable":true,"href":"https:\/\/www.enerjigazetesi.ist\/en\/wp-json\/wp\/v2\/users\/1"}],"replies":[{"embeddable":true,"href":"https:\/\/www.enerjigazetesi.ist\/en\/wp-json\/wp\/v2\/comments?post=17911"}],"version-history":[{"count":9,"href":"https:\/\/www.enerjigazetesi.ist\/en\/wp-json\/wp\/v2\/posts\/17911\/revisions"}],"predecessor-version":[{"id":17921,"href":"https:\/\/www.enerjigazetesi.ist\/en\/wp-json\/wp\/v2\/posts\/17911\/revisions\/17921"}],"wp:featuredmedia":[{"embeddable":true,"href":"https:\/\/www.enerjigazetesi.ist\/en\/wp-json\/wp\/v2\/media\/17912"}],"wp:attachment":[{"href":"https:\/\/www.enerjigazetesi.ist\/en\/wp-json\/wp\/v2\/media?parent=17911"}],"wp:term":[{"taxonomy":"category","embeddable":true,"href":"https:\/\/www.enerjigazetesi.ist\/en\/wp-json\/wp\/v2\/categories?post=17911"},{"taxonomy":"post_tag","embeddable":true,"href":"https:\/\/www.enerjigazetesi.ist\/en\/wp-json\/wp\/v2\/tags?post=17911"}],"curies":[{"name":"wp","href":"https:\/\/api.w.org\/{rel}","templated":true}]}}