{"id":179087,"date":"2023-09-08T15:32:21","date_gmt":"2023-09-08T12:32:21","guid":{"rendered":"https:\/\/www.enerjigazetesi.ist\/?p=179087"},"modified":"2023-09-08T15:32:52","modified_gmt":"2023-09-08T12:32:52","slug":"yenilenebilir-enerji-yatirimlari-proje-tasimaciligina-talebi-artirdi","status":"publish","type":"post","link":"https:\/\/www.enerjigazetesi.ist\/en\/yenilenebilir-enerji-yatirimlari-proje-tasimaciligina-talebi-artirdi\/","title":{"rendered":"(Turkish) Yenilenebilir Enerji Yat\u0131r\u0131mlar\u0131 Proje Ta\u015f\u0131mac\u0131l\u0131\u011f\u0131na Talebi Art\u0131rd\u0131"},"content":{"rendered":"<p class=\"qtranxs-available-languages-message qtranxs-available-languages-message-en\">Sorry, this entry is only available in <a href=\"https:\/\/www.enerjigazetesi.ist\/tr\/wp-json\/wp\/v2\/posts\/179087\" class=\"qtranxs-available-language-link qtranxs-available-language-link-tr\" title=\"Turkish\">Turkish<\/a>. For the sake of viewer convenience, the content is shown below in the alternative language. You may click the link to switch the active language.<\/p><p><\/p>\n<h2><strong>Her ge\u00e7en g\u00fcn artan dev yenilenebilir enerjiye yat\u0131r\u0131mlar\u0131, dev lojistik operasyonlar\u0131 da beraberinde getiriyor. Proje ta\u015f\u0131mac\u0131l\u0131\u011f\u0131n\u0131n \u00f6nemli oyuncular\u0131ndan\u00a0Batu Logistics\u2019in Genel M\u00fcd\u00fcr\u00fc Efe G\u00f6ktuna, zorlu co\u011frafi ko\u015fullarda y\u00fcr\u00fct\u00fclen ta\u015f\u0131malarda meteorolojik ko\u015fullar dahil t\u00fcm olas\u0131l\u0131klar\u0131 hesaplayarak hareket ettiklerini s\u00f6yledi.<\/strong><\/h2>\n<p>Yenilenebilir enerji yat\u0131r\u0131mlar\u0131; <strong>r\u00fczg\u00e2r t\u00fcrbini, makine, santral \u00fcniteleri<\/strong> gibi b\u00fcy\u00fck ve <strong>a\u011f\u0131r <img loading=\"lazy\" class=\"alignright wp-image-179090\" src=\"https:\/\/www.enerjigazetesi.ist\/wp-content\/uploads\/2023\/09\/yenilenebilir-enerji-yatirimlari-proje-tasimaciligina-talebi-artirdi-1.jpg\" alt=\"\" width=\"320\" height=\"236\" srcset=\"https:\/\/www.enerjigazetesi.ist\/wp-content\/uploads\/2023\/09\/yenilenebilir-enerji-yatirimlari-proje-tasimaciligina-talebi-artirdi-1.jpg 550w, https:\/\/www.enerjigazetesi.ist\/wp-content\/uploads\/2023\/09\/yenilenebilir-enerji-yatirimlari-proje-tasimaciligina-talebi-artirdi-1-300x221.jpg 300w, https:\/\/www.enerjigazetesi.ist\/wp-content\/uploads\/2023\/09\/yenilenebilir-enerji-yatirimlari-proje-tasimaciligina-talebi-artirdi-1-500x369.jpg 500w, https:\/\/www.enerjigazetesi.ist\/wp-content\/uploads\/2023\/09\/yenilenebilir-enerji-yatirimlari-proje-tasimaciligina-talebi-artirdi-1-68x50.jpg 68w\" sizes=\"(max-width: 320px) 100vw, 320px\" \/>y\u00fcklerin sevkiyat\u0131<\/strong> i\u00e7in <strong>proje ta\u015f\u0131mac\u0131l\u0131\u011f\u0131na<\/strong> talebi y\u00fckseltti. <strong>Ta\u015f\u0131malar\u0131n\u0131n y\u00fczde 25\u2019<\/strong>i <strong>\u201cgabari d\u0131\u015f\u0131\u201d<\/strong> da denen <strong>proje ta\u015f\u0131mac\u0131l\u0131\u011f\u0131 operasyonlardan<\/strong> olu\u015fan Batu Logistics, Afrika ba\u015fta olmak \u00fczere <strong>T\u00fcrk Cumhuriyetleri, Orta Do\u011fu<\/strong> ve <strong>Balkanlardaki acente altyap\u0131s\u0131n\u0131<\/strong> bu anlamda geli\u015ftirmeye odakland\u0131. \u015eirketin <strong>Genel M\u00fcd\u00fcr\u00fc Efe G\u00f6ktuna<\/strong>, uluslararas\u0131 <strong>proje ta\u015f\u0131mac\u0131l\u0131\u011f\u0131nda<\/strong> enerji sekt\u00f6r\u00fcne y\u00f6nelik <strong>s\u00fcrd\u00fcr\u00fclebilir \u00e7\u00f6z\u00fcmler<\/strong> sunduklar\u0131n\u0131 belirtti.<\/p>\n<h3><strong>\u201cYenilenebilir Enerji Yat\u0131r\u0131mlar\u0131, Proje Ta\u015f\u0131mac\u0131l\u0131\u011f\u0131 Talebini Art\u0131r\u0131yor\u201d<\/strong><\/h3>\n<p>Enerji sekt\u00f6r\u00fcnde proje ta\u015f\u0131mac\u0131l\u0131\u011f\u0131n\u0131n artarak devam etti\u011fine i\u015faret eden G\u00f6ktuna, <em>\u201cBu t\u00fcr yat\u0131r\u0131mlar\u0131n lojistik operasyonlar\u0131nda da \u00e7evreye sayg\u0131l\u0131 olmak \u00e7ok \u00f6nemli. Bu nedenle minimum kara yolu kullanmaya \u00f6zen g\u00f6steriyoruz. A\u011f\u0131rl\u0131kl\u0131 olarak <strong>deniz yolu<\/strong> ve<strong> demir yolu<\/strong> kullan\u0131yoruz.\u00a0Limandan low-bedlere y\u00fckledi\u011fimiz gabari d\u0131\u015f\u0131 y\u00fckleri, \u00f6nceden planlamas\u0131n\u0131 <strong>yapt\u0131\u011f\u0131m\u0131z g\u00fczerg\u00e2h kapsam\u0131nda kara yolu<\/strong> ile hedefe ula\u015ft\u0131r\u0131yoruz. <strong>Fabrika, R\u00fczg\u00e2r Santralleri, Sivil Havac\u0131l\u0131k ve savunma sanayiine<\/strong> y\u00f6nelik ciddi ta\u015f\u0131mac\u0131l\u0131k projeleri ger\u00e7ekle\u015ftirdik.\u201d<\/em> dedi.<\/p>\n<h3><strong>\u201cDo\u011fal afet risklerini bile hesapl\u0131yoruz\u201d<\/strong><\/h3>\n<p>G\u00f6ktuna, proje ta\u015f\u0131mac\u0131l\u0131\u011f\u0131nda m\u00fchendislerin de bulundu\u011fu uzman ekiplerle \u00e7al\u0131\u015ft\u0131klar\u0131n\u0131, beklenmeyen sorunlara ili\u015fkin haz\u0131rlad\u0131klar\u0131 senaryolar do\u011frultusunda \u00f6nlemler ald\u0131klar\u0131n\u0131 belirterek, \u015funlar\u0131 da <span style=\"text-decoration: underline;\">kaydetti:<\/span><\/p>\n<p><em>\u201cProje ta\u015f\u0131malar\u0131nda en \u00f6nemli nokta hesaplama ve \u00f6ng\u00f6r\u00fclemeyen durumlara kar\u015f\u0131 tedbir almak. Bu sebeple g\u00fczerg\u00e2h\u0131 en ince ayr\u0131nt\u0131s\u0131na kadar inceliyoruz. Hatta b\u00f6lgede ta\u015f\u0131ma g\u00fcn\u00fc ve saatinde meydana gelebilecek, <strong>do\u011fal afet riski ta\u015f\u0131yabilecek<\/strong> <strong>meteorolojik unsurlar\u0131<\/strong> bile takip ediyoruz. Ta\u015f\u0131may\u0131 sorunsuz ger\u00e7ekle\u015ftirebilmek i\u00e7in <strong>yerel y\u00f6netimler<\/strong> ve <strong>kara yollar\u0131<\/strong> ile \u00f6zel \u00e7\u00f6z\u00fcmler de geli\u015ftirebiliyoruz. Son yapt\u0131\u011f\u0131m\u0131z bir ta\u015f\u0131mada, yola devam edebilmek i\u00e7in <strong>yerel otoritelerle \u00e7al\u0131\u015farak<\/strong> <strong>bir ge\u00e7idin \u00f6zel ekipmanlar<\/strong> ile geni\u015fletilmesini sa\u011flad\u0131k.\u201d<\/em><\/p>","protected":false},"excerpt":{"rendered":"<p>Sorry, this entry is only available in Turkish. For the sake of viewer convenience, the content is shown below in the alternative language. You may click the link to switch the active language. Her ge\u00e7en g\u00fcn artan dev yenilenebilir enerjiye yat\u0131r\u0131mlar\u0131, dev lojistik operasyonlar\u0131 da beraberinde getiriyor. Proje ta\u015f\u0131mac\u0131l\u0131\u011f\u0131n\u0131n \u00f6nemli oyuncular\u0131ndan\u00a0Batu Logistics\u2019in Genel M\u00fcd\u00fcr\u00fc Efe [&hellip;]<\/p>\n","protected":false},"author":1,"featured_media":179089,"comment_status":"open","ping_status":"open","sticky":false,"template":"","format":"standard","meta":[],"categories":[53,50],"tags":[110641,17257,20726,324,110642,105],"views":40,"_links":{"self":[{"href":"https:\/\/www.enerjigazetesi.ist\/en\/wp-json\/wp\/v2\/posts\/179087"}],"collection":[{"href":"https:\/\/www.enerjigazetesi.ist\/en\/wp-json\/wp\/v2\/posts"}],"about":[{"href":"https:\/\/www.enerjigazetesi.ist\/en\/wp-json\/wp\/v2\/types\/post"}],"author":[{"embeddable":true,"href":"https:\/\/www.enerjigazetesi.ist\/en\/wp-json\/wp\/v2\/users\/1"}],"replies":[{"embeddable":true,"href":"https:\/\/www.enerjigazetesi.ist\/en\/wp-json\/wp\/v2\/comments?post=179087"}],"version-history":[{"count":0,"href":"https:\/\/www.enerjigazetesi.ist\/en\/wp-json\/wp\/v2\/posts\/179087\/revisions"}],"wp:featuredmedia":[{"embeddable":true,"href":"https:\/\/www.enerjigazetesi.ist\/en\/wp-json\/wp\/v2\/media\/179089"}],"wp:attachment":[{"href":"https:\/\/www.enerjigazetesi.ist\/en\/wp-json\/wp\/v2\/media?parent=179087"}],"wp:term":[{"taxonomy":"category","embeddable":true,"href":"https:\/\/www.enerjigazetesi.ist\/en\/wp-json\/wp\/v2\/categories?post=179087"},{"taxonomy":"post_tag","embeddable":true,"href":"https:\/\/www.enerjigazetesi.ist\/en\/wp-json\/wp\/v2\/tags?post=179087"}],"curies":[{"name":"wp","href":"https:\/\/api.w.org\/{rel}","templated":true}]}}