{"id":179046,"date":"2023-09-07T16:08:19","date_gmt":"2023-09-07T13:08:19","guid":{"rendered":"https:\/\/www.enerjigazetesi.ist\/?p=179046"},"modified":"2023-09-07T16:08:19","modified_gmt":"2023-09-07T13:08:19","slug":"rosatom-ve-akkuyu-nukleer-turkiyede-teknoloji-festivaline-katildi","status":"publish","type":"post","link":"https:\/\/www.enerjigazetesi.ist\/en\/rosatom-ve-akkuyu-nukleer-turkiyede-teknoloji-festivaline-katildi\/","title":{"rendered":"(Turkish) &#8217;Rosatom ve Akkuyu N\u00fckleer&#8217; T\u00fcrkiye\u2019de Teknoloji Festivaline Kat\u0131ld\u0131"},"content":{"rendered":"<p class=\"qtranxs-available-languages-message qtranxs-available-languages-message-en\">Sorry, this entry is only available in <a href=\"https:\/\/www.enerjigazetesi.ist\/tr\/wp-json\/wp\/v2\/posts\/179046\" class=\"qtranxs-available-language-link qtranxs-available-language-link-tr\" title=\"Turkish\">Turkish<\/a>. For the sake of viewer convenience, the content is shown below in the alternative language. You may click the link to switch the active language.<\/p><p><\/p>\n<h2>Rusya Devlet N\u00fckleer Enerji Kurulu\u015fu Rosatom ve b\u00fcnyesindeki AKKUYU N\u00dcKLEER A.\u015e, 30 A\u011fustos-3 Eyl\u00fcl tarihleri aras\u0131nda T\u00fcrkiye Cumhuriyeti Sanayi ve Teknoloji Bakanl\u0131\u011f\u0131\u2019n\u0131n himayesinde Ankara\u2019da d\u00fczenlenen 6. Havac\u0131l\u0131k, Uzay ve Teknoloji Festivali \u201cTeknofest\u201din ana partnerlerinden oldular. T\u00fcrkiye\u2019nin bu en b\u00fcy\u00fck teknoloji festivaline 1 milyondan fazla ki\u015fi kat\u0131ld\u0131.<img loading=\"lazy\" class=\"alignright wp-image-179051\" src=\"https:\/\/www.enerjigazetesi.ist\/wp-content\/uploads\/2023\/09\/rosatom-ve-akkuyu-nukleer-turkiyede-teknoloji-festivaline-katildi-1.webp\" alt=\"\" width=\"320\" height=\"212\" srcset=\"https:\/\/www.enerjigazetesi.ist\/wp-content\/uploads\/2023\/09\/rosatom-ve-akkuyu-nukleer-turkiyede-teknoloji-festivaline-katildi-1.webp 1033w, https:\/\/www.enerjigazetesi.ist\/wp-content\/uploads\/2023\/09\/rosatom-ve-akkuyu-nukleer-turkiyede-teknoloji-festivaline-katildi-1-300x198.webp 300w, https:\/\/www.enerjigazetesi.ist\/wp-content\/uploads\/2023\/09\/rosatom-ve-akkuyu-nukleer-turkiyede-teknoloji-festivaline-katildi-1-1024x677.webp 1024w, https:\/\/www.enerjigazetesi.ist\/wp-content\/uploads\/2023\/09\/rosatom-ve-akkuyu-nukleer-turkiyede-teknoloji-festivaline-katildi-1-768x508.webp 768w, https:\/\/www.enerjigazetesi.ist\/wp-content\/uploads\/2023\/09\/rosatom-ve-akkuyu-nukleer-turkiyede-teknoloji-festivaline-katildi-1-500x331.webp 500w, https:\/\/www.enerjigazetesi.ist\/wp-content\/uploads\/2023\/09\/rosatom-ve-akkuyu-nukleer-turkiyede-teknoloji-festivaline-katildi-1-76x50.webp 76w, https:\/\/www.enerjigazetesi.ist\/wp-content\/uploads\/2023\/09\/rosatom-ve-akkuyu-nukleer-turkiyede-teknoloji-festivaline-katildi-1-450x300.webp 450w\" sizes=\"(max-width: 320px) 100vw, 320px\" \/><\/h2>\n<p>Her y\u0131l festivalde yer alan AKKUYU N\u00dcKLEER A.\u015e. bu y\u0131l kurdu\u011fu interaktif stantta her bir ziyaret\u00e7iye k\u0131sa bir s\u00fcre i\u00e7in de olsa T\u00fcrkiye&#8217;deki ilk n\u00fckleer g\u00fc\u00e7 santralinde \u00e7al\u0131\u015fan bir m\u00fchendis olma ve \u00f6zel olarak haz\u0131rlanm\u0131\u015f <strong>n\u00fckleer enerji temal\u0131 heyecan verici<\/strong> ve <strong>yarat\u0131c\u0131 g\u00f6revi \u00fcstlenme<\/strong> imkan\u0131 sundu.<\/p>\n<p>\u0130lk olarak ziyaret\u00e7ilere n\u00fckleer santralde g\u00f6revli m\u00fchendislerin giymeleri zorunlu olan <strong>baret<\/strong> ve<strong> yelek<\/strong> verildi. Sonra ziyaret\u00e7iler yarat\u0131c\u0131l\u0131k at\u00f6lyesinde do\u011fa\u00e7lama olarak bir <strong>n\u00fckleer g\u00fc\u00e7 santrali tasarlad\u0131.<\/strong> Konferans alan\u0131nda gen\u00e7 T\u00fcrk n\u00fckleer m\u00fchendisler, ziyaret\u00e7ilere T\u00fcrkiye&#8217;nin ilk n\u00fckleer g\u00fc\u00e7 santralinin in\u015fas\u0131n\u0131n ilerleyi\u015fini ve n\u00fckleer <img loading=\"lazy\" class=\"alignleft wp-image-179050\" src=\"https:\/\/www.enerjigazetesi.ist\/wp-content\/uploads\/2023\/09\/rosatom-ve-akkuyu-nukleer-turkiyede-teknoloji-festivaline-katildi-2.webp\" alt=\"\" width=\"320\" height=\"215\" srcset=\"https:\/\/www.enerjigazetesi.ist\/wp-content\/uploads\/2023\/09\/rosatom-ve-akkuyu-nukleer-turkiyede-teknoloji-festivaline-katildi-2.webp 1015w, https:\/\/www.enerjigazetesi.ist\/wp-content\/uploads\/2023\/09\/rosatom-ve-akkuyu-nukleer-turkiyede-teknoloji-festivaline-katildi-2-300x202.webp 300w, https:\/\/www.enerjigazetesi.ist\/wp-content\/uploads\/2023\/09\/rosatom-ve-akkuyu-nukleer-turkiyede-teknoloji-festivaline-katildi-2-768x517.webp 768w, https:\/\/www.enerjigazetesi.ist\/wp-content\/uploads\/2023\/09\/rosatom-ve-akkuyu-nukleer-turkiyede-teknoloji-festivaline-katildi-2-500x336.webp 500w, https:\/\/www.enerjigazetesi.ist\/wp-content\/uploads\/2023\/09\/rosatom-ve-akkuyu-nukleer-turkiyede-teknoloji-festivaline-katildi-2-74x50.webp 74w\" sizes=\"(max-width: 320px) 100vw, 320px\" \/>enerjinin T\u00fcrkiye Cumhuriyeti&#8217;nin teknoloji ve bilim alan\u0131nda kalk\u0131nmas\u0131na bulundu\u011fu katk\u0131n\u0131n \u00f6nemini anlatt\u0131. \u0130nteraktif oyun odas\u0131nda, maceraya kat\u0131lanlar bir <strong>n\u00fckleer santral m\u00fchendisi<\/strong> i\u00e7in gerekli olan<strong> el becerisi, dikkat<\/strong> ve<strong> fiziksel uygunluk<\/strong> gibi \u00f6nemli nitelikleri test edebildiler. Son a\u015famada ise stand\u0131n konuklar\u0131 n\u00fckleer end\u00fcstriye ili\u015fkin bilgilerini s\u0131nayan bir test \u00e7\u00f6zd\u00fcler ve AKKUYU N\u00dcKLEER A.\u015e&#8217;nin <strong>Mersin b\u00f6lgesinde<\/strong> y\u00fcr\u00fctt\u00fc\u011f\u00fc nesli t\u00fckenmekte olan <strong>Caretta-Caretta kaplumba\u011fa t\u00fcr\u00fcn\u00fc koruma projesinde<\/strong> yer ald\u0131lar. Maceraya kat\u0131lanlara, <strong>Akkuyu NGS m\u00fchendis belgesi<\/strong> ve kat\u0131ld\u0131klar\u0131 maceralara g\u00f6re <strong>hediyeler<\/strong> verildi. <strong>Akkuyu NGS projesi<\/strong> stand\u0131n\u0131 toplamda <strong>3 binin \u00fczerinde<\/strong> ki\u015fi ziyaret etti.<\/p>\n<p><strong>AKKUYU N\u00dcKLEER A.\u015e. Genel M\u00fcd\u00fcr\u00fc Anastasia Zoteeva<\/strong>, konuyla ilgili olarak \u015funlar\u0131 s\u00f6yledi: <em>\u201cN\u00fckleer enerji, \u00e7ok istekli, kendini mesle\u011fe adam\u0131\u015f uzmanlar\u0131n \u00e7al\u0131\u015ft\u0131\u011f\u0131 bir aland\u0131r. Bir\u00e7o\u011fu, \u00f6zellikle ebeveynleri n\u00fckleer sekt\u00f6rde \u00e7al\u0131\u015f\u0131yorsa, erken ya\u015fta n\u00fckleer uzman olmaya karar veriyor. Gen\u00e7 nesle \u00f6zel bir \u00f6nem veriyoruz. Akkuyu NGS sahas\u0131nda \u00e7al\u0131\u015fanlar\u0131m\u0131z\u0131n \u00e7ocuklar\u0131 i\u00e7in d\u00fczenli olarak geziler d\u00fczenliyoruz, okullarda dersler veriyoruz ve t\u00fcm bunlar, \u00e7ocuklara y\u00f6nelik b\u00fcy\u00fck \u00f6l\u00e7ekli e\u011fitim ve kariyer rehberli\u011fi projesinin bir par\u00e7as\u0131 niteli\u011fini ta\u015f\u0131yor. Bu y\u0131l Ankara\u2019dan ve T\u00fcrkiye\u2019nin di\u011fer \u015fehirlerinden Teknofest\u2019i ziyaret eden \u00e7ocuk ve gen\u00e7lerin kendilerini n\u00fckleer m\u00fchendis gibi hissetmelerini, bu harika ve gerekli mesle\u011fin \u00f6zelliklerini \u00f6\u011frenmelerini, onunla ilgilenmelerini ve gelecekte belki de T\u00fcrkiye\u2019nin ilk n\u00fckleer g\u00fc\u00e7 santralinde \u00e7al\u0131\u015fmaya gelmelerini sa\u011flamaya \u00e7al\u0131\u015ft\u0131k.\u201d<\/em><\/p>\n<p>Festival kapsam\u0131nda <strong>AKKUYU N\u00dcKLEER A.\u015e. Yap\u0131 \u0130\u015fleri Direkt\u00f6r Yard\u0131mc\u0131s\u0131 Dmitriy Romanets<\/strong>, T\u00fcrkiye\u2019nin ulusal bas\u0131n organlar\u0131na verdi\u011fi r\u00f6portajda Akkuyu NGS\u2019nin in\u015fas\u0131, projedeki g\u00fcvenlik \u00f6nlemleri, <strong>T\u00fcrkiye\u2019deki ilk n\u00fckleer g\u00fc\u00e7 santralinin yap\u0131m\u0131nda<\/strong> kullan\u0131lan <strong>modern ekipman<\/strong> ve <strong>yenilik\u00e7i teknolojileri<\/strong> ile ilgili sorular\u0131 yan\u0131tlad\u0131.<\/p>\n<p>Uluslararas\u0131 festivale T\u00fcrkiye ve ba\u015fka \u00fclkelerden b\u00fcy\u00fck \u015firketler, devlet kurumlar\u0131 ve \u00fcniversiteler de dahil <strong>125 kurulu\u015f<\/strong> kat\u0131ld\u0131. Festivalde ayr\u0131ca, <strong>44 alanda teknoloji start-up\u2019lar\u0131n\u0131n yar\u0131\u015fma program\u0131<\/strong> da yer ald\u0131. Dereceye giren proje sorumlular\u0131na <strong>te\u015fekk\u00fcr belgeleri<\/strong> ile<strong> de\u011ferli hediyeler<\/strong> takdim edildi.<\/p>","protected":false},"excerpt":{"rendered":"<p>Sorry, this entry is only available in Turkish. For the sake of viewer convenience, the content is shown below in the alternative language. You may click the link to switch the active language. Rusya Devlet N\u00fckleer Enerji Kurulu\u015fu Rosatom ve b\u00fcnyesindeki AKKUYU N\u00dcKLEER A.\u015e, 30 A\u011fustos-3 Eyl\u00fcl tarihleri aras\u0131nda T\u00fcrkiye Cumhuriyeti Sanayi ve Teknoloji Bakanl\u0131\u011f\u0131\u2019n\u0131n [&hellip;]<\/p>\n","protected":false},"author":1,"featured_media":179049,"comment_status":"open","ping_status":"open","sticky":false,"template":"","format":"standard","meta":[],"categories":[53,43],"tags":[110631,13232,2587,56602],"views":39,"_links":{"self":[{"href":"https:\/\/www.enerjigazetesi.ist\/en\/wp-json\/wp\/v2\/posts\/179046"}],"collection":[{"href":"https:\/\/www.enerjigazetesi.ist\/en\/wp-json\/wp\/v2\/posts"}],"about":[{"href":"https:\/\/www.enerjigazetesi.ist\/en\/wp-json\/wp\/v2\/types\/post"}],"author":[{"embeddable":true,"href":"https:\/\/www.enerjigazetesi.ist\/en\/wp-json\/wp\/v2\/users\/1"}],"replies":[{"embeddable":true,"href":"https:\/\/www.enerjigazetesi.ist\/en\/wp-json\/wp\/v2\/comments?post=179046"}],"version-history":[{"count":0,"href":"https:\/\/www.enerjigazetesi.ist\/en\/wp-json\/wp\/v2\/posts\/179046\/revisions"}],"wp:featuredmedia":[{"embeddable":true,"href":"https:\/\/www.enerjigazetesi.ist\/en\/wp-json\/wp\/v2\/media\/179049"}],"wp:attachment":[{"href":"https:\/\/www.enerjigazetesi.ist\/en\/wp-json\/wp\/v2\/media?parent=179046"}],"wp:term":[{"taxonomy":"category","embeddable":true,"href":"https:\/\/www.enerjigazetesi.ist\/en\/wp-json\/wp\/v2\/categories?post=179046"},{"taxonomy":"post_tag","embeddable":true,"href":"https:\/\/www.enerjigazetesi.ist\/en\/wp-json\/wp\/v2\/tags?post=179046"}],"curies":[{"name":"wp","href":"https:\/\/api.w.org\/{rel}","templated":true}]}}