{"id":179001,"date":"2023-09-07T13:41:46","date_gmt":"2023-09-07T10:41:46","guid":{"rendered":"https:\/\/www.enerjigazetesi.ist\/?p=179001"},"modified":"2023-09-07T13:41:46","modified_gmt":"2023-09-07T10:41:46","slug":"gece-ve-isigin-yarismasi-11-inci-yilinda","status":"publish","type":"post","link":"https:\/\/www.enerjigazetesi.ist\/en\/gece-ve-isigin-yarismasi-11-inci-yilinda\/","title":{"rendered":"(Turkish) Gece ve I\u015f\u0131\u011f\u0131n Yar\u0131\u015fmas\u0131 11&#8217;inci Y\u0131l\u0131nda"},"content":{"rendered":"<p class=\"qtranxs-available-languages-message qtranxs-available-languages-message-en\">Sorry, this entry is only available in <a href=\"https:\/\/www.enerjigazetesi.ist\/tr\/wp-json\/wp\/v2\/posts\/179001\" class=\"qtranxs-available-language-link qtranxs-available-language-link-tr\" title=\"Turkish\">Turkish<\/a>. For the sake of viewer convenience, the content is shown below in the alternative language. You may click the link to switch the active language.<\/p><p><\/p>\n<h2><strong>Gece ve \u0131\u015f\u0131\u011f\u0131 bulu\u015fturan \u015eehrin I\u015f\u0131klar\u0131 Uluslararas\u0131 Foto\u011fraf Yar\u0131\u015fmas\u0131\u2019na ba\u015fvurular ba\u015flad\u0131. Ge\u00e7ti\u011fimiz y\u0131l 7 bin 849 foto\u011fraf\u0131n kat\u0131ld\u0131\u011f\u0131 yar\u0131\u015fman\u0131n bu y\u0131lki ba\u015fvurular\u0131 30 Eyl\u00fcl tarihinde sona erecek. D\u00fcnyan\u0131n her noktas\u0131ndan foto\u011frafseverin kat\u0131labilece\u011fi yar\u0131\u015fman\u0131n temas\u0131 ise \u201cGece ve I\u015f\u0131k\u201d olacak. Sonu\u00e7lar\u0131n 6 Ekim\u2019de a\u00e7\u0131klanaca\u011f\u0131 yar\u0131\u015fma ba\u015fvurular\u0131\u00a0<\/strong><a href=\"https:\/\/www.uedas.com.tr\/sehrinisiklari\/\" target=\"_blank\" rel=\"noopener\"><strong>uedas.com.tr\/sehrinisiklari<\/strong><\/a><strong>\u00a0<\/strong><strong>internet adresi \u00fczerinden ger\u00e7ekle\u015fiyor.<\/strong><\/h2>\n<p><img loading=\"lazy\" class=\"alignright wp-image-179003\" src=\"https:\/\/www.enerjigazetesi.ist\/wp-content\/uploads\/2023\/09\/gece-ve-isigin-yarismasi-11-inci-yilinda.jpg\" alt=\"\" width=\"320\" height=\"320\" srcset=\"https:\/\/www.enerjigazetesi.ist\/wp-content\/uploads\/2023\/09\/gece-ve-isigin-yarismasi-11-inci-yilinda.jpg 480w, https:\/\/www.enerjigazetesi.ist\/wp-content\/uploads\/2023\/09\/gece-ve-isigin-yarismasi-11-inci-yilinda-300x300.jpg 300w, https:\/\/www.enerjigazetesi.ist\/wp-content\/uploads\/2023\/09\/gece-ve-isigin-yarismasi-11-inci-yilinda-150x150.jpg 150w, https:\/\/www.enerjigazetesi.ist\/wp-content\/uploads\/2023\/09\/gece-ve-isigin-yarismasi-11-inci-yilinda-400x400.jpg 400w, https:\/\/www.enerjigazetesi.ist\/wp-content\/uploads\/2023\/09\/gece-ve-isigin-yarismasi-11-inci-yilinda-50x50.jpg 50w, https:\/\/www.enerjigazetesi.ist\/wp-content\/uploads\/2023\/09\/gece-ve-isigin-yarismasi-11-inci-yilinda-100x100.jpg 100w\" sizes=\"(max-width: 320px) 100vw, 320px\" \/>G\u00fcney Marmara\u2019da elektrik da\u011f\u0131t\u0131m hizmeti veren UEDA\u015e taraf\u0131ndan bu y\u0131l 11.\u2019si d\u00fczenlenen <strong>\u015eehrin I\u015f\u0131klar\u0131 Uluslararas\u0131 Foto\u011fraf Yar\u0131\u015fmas\u0131<\/strong>&#8216;n\u0131n ba\u015fvuru s\u00fcreci ba\u015flad\u0131. 2013 y\u0131l\u0131nda hayata ge\u00e7irilen ve sekt\u00f6r\u00fcnde ilk olma \u00f6zelli\u011fi ta\u015f\u0131yan yar\u0131\u015fma bu y\u0131l da foto\u011frafseverlerle bulu\u015fuyor. Sanat\u0131n evrensel g\u00fcc\u00fcyle gece ve \u0131\u015f\u0131\u011f\u0131n birle\u015fti\u011fi yar\u0131\u015fmaya profesyonel, amat\u00f6r ayr\u0131m\u0131 yap\u0131lmaks\u0131z\u0131n herkes kat\u0131labiliyor. D\u00fcnyan\u0131n her yerinden foto\u011fraflar\u0131n kabul edildi\u011fi yar\u0131\u015fman\u0131n m\u00fcracaatlar\u0131, <a href=\"https:\/\/www.uedas.com.tr\/sehrinisiklari\/\">uedas.com.tr\/sehrinisiklari<\/a><strong>\u00a0<\/strong>internet adresi \u00fczerinden al\u0131n\u0131yor.<strong>\u00a0<\/strong>Bir yar\u0131\u015fmac\u0131n\u0131n <strong>en fazla 5 foto\u011frafla kat\u0131l\u0131m sa\u011flayabilece\u011fi<\/strong> yar\u0131\u015fma sonu\u00e7lar\u0131 <strong>6 Ekim<\/strong> tarihinde a\u00e7\u0131klanacak.<\/p>\n<h3><strong>B\u00fcy\u00fck \u00d6d\u00fcl 20 Bin TL!<\/strong><\/h3>\n<p><strong>11. \u015eehrin I\u015f\u0131klar\u0131 Uluslararas\u0131 Foto\u011fraf Yar\u0131\u015fmas\u0131<\/strong> kapsam\u0131ndaki j\u00fcri de\u011ferlendirmesinde foto\u011fraflarda kadraj, renk doygunlu\u011fu, keskinlik, toz alma ve kontrast d\u00fczeltmesi gibi kabul edilebilecek m\u00fcdahaleler d\u0131\u015f\u0131nda hi\u00e7bir manip\u00fclasyon, ba\u015fkala\u015ft\u0131rma ve oynama kabul edilmeyecek. UEDA\u015e\u2019tan yap\u0131lan a\u00e7\u0131klamaya g\u00f6re bu y\u0131l\u0131n birincilik \u00f6d\u00fcl\u00fc <strong>20 bin TL<\/strong>, ikincilik \u00f6d\u00fcl\u00fc <strong>15 bin TL<\/strong>, \u00fc\u00e7\u00fcnc\u00fcl\u00fck \u00f6d\u00fcl\u00fc ise <strong>10 bin TL<\/strong> olarak belirlendi. J\u00fcri de\u011ferlendirmesinden ge\u00e7erek <strong>se\u00e7ilen en g\u00fczel 50 foto\u011fraf<\/strong> ise y\u0131l boyunca T\u00fcrkiye&#8217;nin \u00e7e\u015fitli yerlerinde sanatseverlerin be\u011fenisine sunulacak.<\/p>","protected":false},"excerpt":{"rendered":"<p>Sorry, this entry is only available in Turkish. For the sake of viewer convenience, the content is shown below in the alternative language. You may click the link to switch the active language. Gece ve \u0131\u015f\u0131\u011f\u0131 bulu\u015fturan \u015eehrin I\u015f\u0131klar\u0131 Uluslararas\u0131 Foto\u011fraf Yar\u0131\u015fmas\u0131\u2019na ba\u015fvurular ba\u015flad\u0131. Ge\u00e7ti\u011fimiz y\u0131l 7 bin 849 foto\u011fraf\u0131n kat\u0131ld\u0131\u011f\u0131 yar\u0131\u015fman\u0131n bu y\u0131lki ba\u015fvurular\u0131 [&hellip;]<\/p>\n","protected":false},"author":1,"featured_media":179003,"comment_status":"open","ping_status":"open","sticky":false,"template":"","format":"standard","meta":[],"categories":[51,53],"tags":[110610,110611,78099],"views":27,"_links":{"self":[{"href":"https:\/\/www.enerjigazetesi.ist\/en\/wp-json\/wp\/v2\/posts\/179001"}],"collection":[{"href":"https:\/\/www.enerjigazetesi.ist\/en\/wp-json\/wp\/v2\/posts"}],"about":[{"href":"https:\/\/www.enerjigazetesi.ist\/en\/wp-json\/wp\/v2\/types\/post"}],"author":[{"embeddable":true,"href":"https:\/\/www.enerjigazetesi.ist\/en\/wp-json\/wp\/v2\/users\/1"}],"replies":[{"embeddable":true,"href":"https:\/\/www.enerjigazetesi.ist\/en\/wp-json\/wp\/v2\/comments?post=179001"}],"version-history":[{"count":0,"href":"https:\/\/www.enerjigazetesi.ist\/en\/wp-json\/wp\/v2\/posts\/179001\/revisions"}],"wp:featuredmedia":[{"embeddable":true,"href":"https:\/\/www.enerjigazetesi.ist\/en\/wp-json\/wp\/v2\/media\/179003"}],"wp:attachment":[{"href":"https:\/\/www.enerjigazetesi.ist\/en\/wp-json\/wp\/v2\/media?parent=179001"}],"wp:term":[{"taxonomy":"category","embeddable":true,"href":"https:\/\/www.enerjigazetesi.ist\/en\/wp-json\/wp\/v2\/categories?post=179001"},{"taxonomy":"post_tag","embeddable":true,"href":"https:\/\/www.enerjigazetesi.ist\/en\/wp-json\/wp\/v2\/tags?post=179001"}],"curies":[{"name":"wp","href":"https:\/\/api.w.org\/{rel}","templated":true}]}}