{"id":178996,"date":"2023-09-06T16:13:18","date_gmt":"2023-09-06T13:13:18","guid":{"rendered":"https:\/\/www.enerjigazetesi.ist\/?p=178996"},"modified":"2023-09-06T16:13:40","modified_gmt":"2023-09-06T13:13:40","slug":"abd-den-elektrikli-araclara-gecis-icin-155-milyar-dolarlik-kaynak","status":"publish","type":"post","link":"https:\/\/www.enerjigazetesi.ist\/en\/abd-den-elektrikli-araclara-gecis-icin-155-milyar-dolarlik-kaynak\/","title":{"rendered":"(Turkish) ABD\u2019den Elektrikli Ara\u00e7lara Ge\u00e7i\u015f \u0130\u00e7in 15,5 Milyar Dolarl\u0131k Kaynak"},"content":{"rendered":"<p class=\"qtranxs-available-languages-message qtranxs-available-languages-message-en\">Sorry, this entry is only available in <a href=\"https:\/\/www.enerjigazetesi.ist\/tr\/wp-json\/wp\/v2\/posts\/178996\" class=\"qtranxs-available-language-link qtranxs-available-language-link-tr\" title=\"Turkish\">Turkish<\/a>. For the sake of viewer convenience, the content is shown below in the alternative language. You may click the link to switch the active language.<\/p><p><\/p>\n<h2>ABD Enerji Bakanl\u0131\u011f\u0131, elektrikli ara\u00e7lara ge\u00e7i\u015fi destekleyecek toplam 15,5 milyar dolarl\u0131k finansman ve kredi paketini duyurdu. Bakanl\u0131ktan yap\u0131lan a\u00e7\u0131klamada, s\u00f6z konusu kayna\u011fa, elektrikli ara\u00e7lara ge\u00e7i\u015f i\u00e7in mevcut fabrikalar\u0131n yeniden d\u00fczenlenmesi kapsam\u0131nda 2 milyar dolar tutar\u0131nda hibe ve 10 milyar dolar tutar\u0131nda kredinin <img loading=\"lazy\" class=\"alignright wp-image-178998\" src=\"https:\/\/www.enerjigazetesi.ist\/wp-content\/uploads\/2023\/09\/abd-den-elektrikli-araclara-gecis-icin-155-milyar-dolarlik-kaynak.jpg\" alt=\"\" width=\"320\" height=\"210\" srcset=\"https:\/\/www.enerjigazetesi.ist\/wp-content\/uploads\/2023\/09\/abd-den-elektrikli-araclara-gecis-icin-155-milyar-dolarlik-kaynak.jpg 550w, https:\/\/www.enerjigazetesi.ist\/wp-content\/uploads\/2023\/09\/abd-den-elektrikli-araclara-gecis-icin-155-milyar-dolarlik-kaynak-300x197.jpg 300w, https:\/\/www.enerjigazetesi.ist\/wp-content\/uploads\/2023\/09\/abd-den-elektrikli-araclara-gecis-icin-155-milyar-dolarlik-kaynak-500x328.jpg 500w, https:\/\/www.enerjigazetesi.ist\/wp-content\/uploads\/2023\/09\/abd-den-elektrikli-araclara-gecis-icin-155-milyar-dolarlik-kaynak-76x50.jpg 76w\" sizes=\"(max-width: 320px) 100vw, 320px\" \/>sa\u011flanmas\u0131n\u0131n dahil oldu\u011fu belirtildi.<\/h2>\n<p>Bakanl\u0131k ayr\u0131ca, <strong>elektrikli ara\u00e7 bataryalar\u0131n\u0131n<\/strong> ve di\u011fer \u00fclkelerden <strong>ithal edilen batarya bile\u015fenlerinin<\/strong> <strong>yerli olarak \u00fcretimi<\/strong> i\u00e7in <strong>3,5 milyar dolarl\u0131k fon<\/strong> sa\u011flamaya y\u00f6nelik niyetini a\u00e7\u0131klad\u0131.<\/p>\n<p>Niyet bildiriminin Enerji Bakanl\u0131\u011f\u0131n\u0131n b\u00fcy\u00fcyen yerli sanayi ile imalat sekt\u00f6r\u00fc \u00e7al\u0131\u015fanlar\u0131n\u0131 nas\u0131l destekleyece\u011fini \u00f6zetledi\u011fi vurgulanan a\u00e7\u0131klamada, ABD Ba\u015fkan\u0131 Joe Biden\u2019\u0131n <strong>\u201cAmerika\u2019da Yat\u0131r\u0131m\u201d<\/strong> g\u00fcndeminin <strong>iddial\u0131 iklim hedeflerine ula\u015fmak<\/strong> i\u00e7in gerekli<strong> yerel tedarik zincirlerini olu\u015fturarak<\/strong> <strong>ulusal g\u00fcvenli\u011fi de <\/strong>art\u0131rd\u0131\u011f\u0131 kaydedildi. A\u00e7\u0131klamada ifadelerine yer verilen ABD Enerji Bakan\u0131 Jennifer Granholm, Ba\u015fkan Biden\u2019\u0131n <strong>\u00fclkeyi k\u00fcresel \u00fcretim merkezi haline getirecek i\u015f g\u00fcc\u00fcne<\/strong> ve <strong>fabrikalara yat\u0131r\u0131m yapt\u0131\u011f\u0131na<\/strong> dikkati \u00e7ekti.<\/p>\n<p>Kaynak:\u00a0<a href=\"https:\/\/temizenerji.org\/2023\/09\/01\/abdden-elektrikli-araclara-gecis-icin-155-milyar-dolarlik-kaynak\/\" target=\"_blank\" rel=\"noopener\">Temiz Enerji<\/a><\/p>","protected":false},"excerpt":{"rendered":"<p>Sorry, this entry is only available in Turkish. For the sake of viewer convenience, the content is shown below in the alternative language. You may click the link to switch the active language. ABD Enerji Bakanl\u0131\u011f\u0131, elektrikli ara\u00e7lara ge\u00e7i\u015fi destekleyecek toplam 15,5 milyar dolarl\u0131k finansman ve kredi paketini duyurdu. Bakanl\u0131ktan yap\u0131lan a\u00e7\u0131klamada, s\u00f6z konusu kayna\u011fa, [&hellip;]<\/p>\n","protected":false},"author":1,"featured_media":178998,"comment_status":"open","ping_status":"open","sticky":false,"template":"","format":"standard","meta":[],"categories":[51,53],"tags":[215,55033,110608,1265,10245,2712,110609],"views":53,"_links":{"self":[{"href":"https:\/\/www.enerjigazetesi.ist\/en\/wp-json\/wp\/v2\/posts\/178996"}],"collection":[{"href":"https:\/\/www.enerjigazetesi.ist\/en\/wp-json\/wp\/v2\/posts"}],"about":[{"href":"https:\/\/www.enerjigazetesi.ist\/en\/wp-json\/wp\/v2\/types\/post"}],"author":[{"embeddable":true,"href":"https:\/\/www.enerjigazetesi.ist\/en\/wp-json\/wp\/v2\/users\/1"}],"replies":[{"embeddable":true,"href":"https:\/\/www.enerjigazetesi.ist\/en\/wp-json\/wp\/v2\/comments?post=178996"}],"version-history":[{"count":0,"href":"https:\/\/www.enerjigazetesi.ist\/en\/wp-json\/wp\/v2\/posts\/178996\/revisions"}],"wp:featuredmedia":[{"embeddable":true,"href":"https:\/\/www.enerjigazetesi.ist\/en\/wp-json\/wp\/v2\/media\/178998"}],"wp:attachment":[{"href":"https:\/\/www.enerjigazetesi.ist\/en\/wp-json\/wp\/v2\/media?parent=178996"}],"wp:term":[{"taxonomy":"category","embeddable":true,"href":"https:\/\/www.enerjigazetesi.ist\/en\/wp-json\/wp\/v2\/categories?post=178996"},{"taxonomy":"post_tag","embeddable":true,"href":"https:\/\/www.enerjigazetesi.ist\/en\/wp-json\/wp\/v2\/tags?post=178996"}],"curies":[{"name":"wp","href":"https:\/\/api.w.org\/{rel}","templated":true}]}}