{"id":17895,"date":"2013-11-20T16:32:05","date_gmt":"2013-11-20T13:32:05","guid":{"rendered":"https:\/\/www.enerjigazetesi.ist\/?p=17895"},"modified":"2013-11-20T16:32:55","modified_gmt":"2013-11-20T13:32:55","slug":"enerji-verimliligi-ve-binalarda-isi-yalitimi-tuketici-algi-arastirmasi-aciklandi","status":"publish","type":"post","link":"https:\/\/www.enerjigazetesi.ist\/en\/enerji-verimliligi-ve-binalarda-isi-yalitimi-tuketici-algi-arastirmasi-aciklandi\/","title":{"rendered":"(Turkish) Enerji Verimlili\u011fi ve Binalarda Is\u0131 Yal\u0131t\u0131m\u0131 Alg\u0131 Ara\u015ft\u0131rmas\u0131 A\u00e7\u0131kland\u0131!"},"content":{"rendered":"<p class=\"qtranxs-available-languages-message qtranxs-available-languages-message-en\">Sorry, this entry is only available in <a href=\"https:\/\/www.enerjigazetesi.ist\/tr\/wp-json\/wp\/v2\/posts\/17895\" class=\"qtranxs-available-language-link qtranxs-available-language-link-tr\" title=\"Turkish\">Turkish<\/a>. For the sake of viewer convenience, the content is shown below in the alternative language. You may click the link to switch the active language.<\/p><p><\/p>\n<p style=\"text-align: left;\" align=\"center\"><strong>Yal\u0131t\u0131m sekt\u00f6r\u00fcn\u00fcn lideri Filli Boya Yal\u0131t\u0131m\u2019\u0131n deste\u011fi ile <\/strong><strong>S\u00fcrd\u00fcr\u00fclebilirlik Akademisi taraf\u0131ndan ger\u00e7ekle\u015ftirilen <\/strong><strong>\u201c<a href=\"http:\/\/www.enve.com.tr\" target=\"_blank\">Enerji Verimlili\u011fi <\/a>ve Binalarda Is\u0131 Yal\u0131t\u0131m\u0131 T\u00fcketici Alg\u0131 Ara\u015ft\u0131rmas\u0131\u201d sonu\u00e7lar\u0131 20 Kas\u0131m tarihinde bir bas\u0131n toplant\u0131s\u0131yla a\u00e7\u0131kland\u0131. <\/strong><strong>T\u00fcrkiye\u2019de \u201cS\u00fcrd\u00fcr\u00fclebilir \u0130\u015f\u201d modellerine ge\u00e7i\u015f i\u00e7in \u00f6nc\u00fc olma hedefi do\u011frultusunda bir bilgi merkezi olarak \u00e7al\u0131\u015fan <\/strong><strong>S\u00fcrd\u00fcr\u00fclebilirlik Akademisi Y\u00f6netim Kurulu Ba\u015fkan\u0131 Murat Sungur Bursa \u0131s\u0131 yal\u0131t\u0131m\u0131n\u0131n kentsel d\u00f6n\u00fc\u015f\u00fcm\u00fcn gizli finansman kayna\u011f\u0131 olabilece\u011fini ifade etti.<\/strong><\/p>\n<p>T\u00fcrkiye genelinde 16 il ve 7 b\u00f6lgede ger\u00e7ekle\u015ftirilen ara\u015ft\u0131rma Capatect\u2019in deste\u011fi ile, T\u00fcrkiye\u2019de \u201cS\u00fcrd\u00fcr\u00fclebilir \u0130\u015f\u201d modellerine ge\u00e7i\u015f i\u00e7in \u00f6nc\u00fc olma hedefi do\u011frultusunda bir bilgi merkezi olarak \u00e7al\u0131\u015fan <strong>S\u00fcrd\u00fcr\u00fclebilirlik Akademisi<\/strong> taraf\u0131ndan ger\u00e7ekle\u015ftirildi.<\/p>\n<p>Ara\u015ft\u0131rma kapsam\u0131nda, \u2018<strong>daire sat\u0131n almada belirleyici en \u00f6nemli etken <\/strong>nedir\u2019; \u2018t\u00fcketicinin <strong>\u0131s\u0131 yal\u0131t\u0131m\u0131 yapt\u0131rmamas\u0131n\u0131n en b\u00fcy\u00fck engeli<\/strong> nedir\u2019; \u2018T\u00fcrkiye\u2019de t\u00fcketicilere g\u00f6re konutlarda <strong>en y\u00fcksek enerji maliyet kalemleri<\/strong> nelerdir\u2019 gibi sorular\u0131n cevaplar\u0131 arand\u0131. Ara\u015ft\u0131rmada t\u00fcketicinin <strong>\u0131s\u0131 yal\u0131t\u0131m\u0131 \u2013 tasarruf ili\u015fkisi<\/strong>ni nas\u0131l de\u011ferlendirdi\u011fi, <strong>\u0131s\u0131 yal\u0131t\u0131m\u0131 yapt\u0131rma oran\u0131 \u2013 sosyo ekonomik durum ili\u015fkisi <\/strong>de \u00f6l\u00e7\u00fcmlendi.<\/p>\n<p>Sonu\u00e7lar\u0131 ile T\u00fcrkiye\u2019de t\u00fcketicinin <a href=\"http:\/\/www.enve.com.tr\" target=\"_blank\"><strong>enerji verimlili\u011fi<\/strong> <\/a>ve binalarda \u0131s\u0131 yal\u0131t\u0131m\u0131 ili\u015fkisini nas\u0131l alg\u0131lad\u0131\u011f\u0131n\u0131, beklentilerinin neler oldu\u011funu ortaya koyan<strong>\u201cEnerji Verimlili\u011fi ve Binalarda Is\u0131 Yal\u0131t\u0131m\u0131 T\u00fcketici Alg\u0131 Ara\u015ft\u0131rmas\u0131\u201d<\/strong>yal\u0131t\u0131m sekt\u00f6r\u00fc i\u00e7in \u00e7arp\u0131c\u0131 sonu\u00e7lar i\u00e7eriyor. Ara\u015ft\u0131rmaya g\u00f6re <strong>10 ki\u015fiden 9\u2019u \u0131s\u0131 yal\u0131t\u0131m\u0131n\u0131 konutta \u00e7ok \u00f6nemli<\/strong> olarak tan\u0131ml\u0131yor. Is\u0131 yal\u0131t\u0131m\u0131 para ve enerji tasarrufu sa\u011flad\u0131\u011f\u0131 i\u00e7in \u00f6nemli olarak de\u011ferlendiriliyor. Ancak sadece d\u00f6rt ki\u015fiden biri \u0131s\u0131 yal\u0131t\u0131m\u0131n\u0131n enerji verimlili\u011fi i\u00e7in \u00f6nemli oldu\u011funu d\u00fc\u015f\u00fcn\u00fcyor.<\/p>\n<p>Ara\u015ft\u0131rman\u0131n \u00e7arp\u0131c\u0131 sonu\u00e7lar\u0131ndan bir di\u011feri ise, <strong>t\u00fcketicilerin \u0131s\u0131 yal\u0131t\u0131m\u0131n\u0131n enerji faturalar\u0131na olan etkisi ile ilgili alg\u0131lar\u0131<\/strong>. T\u00fcketiciler ger\u00e7ek verilerin tersine enerji faturalar\u0131n\u0131 artt\u0131ran en \u00f6nemli nedenin elektrikli ev e\u015fyalar\u0131 oldu\u011funu d\u00fc\u015f\u00fcn\u00fcyorlar. Di\u011fer bir deyi\u015fle ara\u015ft\u0131rma, <strong>bireylerin konutlarda enerji faturalar\u0131n\u0131 elektirikli ev aletleri ve beyaz e\u015fyan\u0131n artt\u0131rd\u0131\u011f\u0131n\u0131 d\u00fc\u015f\u00fcnd\u00fcklerini, \u0131s\u0131 yal\u0131t\u0131m\u0131n\u0131n ise t\u00fcketiciler i\u00e7in b\u00fcy\u00fck \u00f6l\u00e7\u00fcde tasarruf ve konfor sa\u011flad\u0131\u011f\u0131n\u0131 ortaya koyuyor<\/strong>.<\/p>\n<p><strong>Is\u0131 yal\u0131t\u0131m\u0131 mantolama olarak alg\u0131lan\u0131yor.<\/strong><\/p>\n<p>T\u00fcrkiye\u2019de iki bireyden biri <strong>\u0131s\u0131 yal\u0131t\u0131m\u0131n\u0131 mantolama<\/strong> olarak tan\u0131ml\u0131yor ve bireylerin %82\u2019si mantolamay\u0131 en etk<a href=\"https:\/\/www.enerjigazetesi.ist\/wp-content\/uploads\/2013\/11\/isi-yalitimi-kentsel-donusumun-gizli-finansman-kaynagi-olabilir.jpg\"><img loading=\"lazy\" class=\"alignright size-medium wp-image-17896\" title=\"isi-yalitimi-kentsel-donusumun-gizli-finansman-kaynagi-olabilir\" src=\"https:\/\/www.enerjigazetesi.ist\/wp-content\/uploads\/2013\/11\/isi-yalitimi-kentsel-donusumun-gizli-finansman-kaynagi-olabilir-300x199.jpg\" alt=\"\" width=\"300\" height=\"199\" srcset=\"https:\/\/www.enerjigazetesi.ist\/wp-content\/uploads\/2013\/11\/isi-yalitimi-kentsel-donusumun-gizli-finansman-kaynagi-olabilir-300x199.jpg 300w, https:\/\/www.enerjigazetesi.ist\/wp-content\/uploads\/2013\/11\/isi-yalitimi-kentsel-donusumun-gizli-finansman-kaynagi-olabilir-500x332.jpg 500w, https:\/\/www.enerjigazetesi.ist\/wp-content\/uploads\/2013\/11\/isi-yalitimi-kentsel-donusumun-gizli-finansman-kaynagi-olabilir-75x50.jpg 75w, https:\/\/www.enerjigazetesi.ist\/wp-content\/uploads\/2013\/11\/isi-yalitimi-kentsel-donusumun-gizli-finansman-kaynagi-olabilir.jpg 530w\" sizes=\"(max-width: 300px) 100vw, 300px\" \/><\/a>ili \u0131s\u0131 yal\u0131t\u0131m y\u00f6ntemi olarak de\u011ferlendiriyor. <strong><\/strong><\/p>\n<p><strong>Konut sat\u0131n al\u0131m\u0131nda \u0131s\u0131 yal\u0131t\u0131m\u0131 \u00e7ok etkili de\u011fil.<\/strong><\/p>\n<p>Konut sat\u0131n al\u0131m\u0131nda yaln\u0131zca d\u00f6rt ki\u015fiden biri bina yal\u0131t\u0131m\u0131na \u00f6nem veriyor. Bireyler i\u00e7in konutlar\u0131n konforlu olmas\u0131, konutta \u0131s\u0131 yal\u0131t\u0131m\u0131 olmas\u0131ndan daha \u00f6nemli.<\/p>\n<p><strong>T\u00fcrkiye\u2019de <a href=\"http:\/\/www.enve.com.tr\" target=\"_blank\">enerji verimli\u011fine <\/a>y\u00f6nelik bilgi seviyesi d\u00fc\u015f\u00fck.<\/strong><\/p>\n<p>Ara\u015ft\u0131rma sonu\u00e7lar\u0131na g\u00f6re T\u00fcrkiye\u2019de her \u00fc\u00e7 ki\u015fiden biri enerji verimlili\u011fi i\u00e7in ne yapmas\u0131 gerekti\u011fini, her iki ki\u015fiden biri ise enerji verimlili\u011fi ve \u0131s\u0131 yal\u0131t\u0131m\u0131 ili\u015fkisini bilmiyor. Bunlara ek olarak T\u00fcrkiye\u2019de \u0131s\u0131 yal\u0131t\u0131m\u0131na dair mevzuat\u0131n varl\u0131\u011f\u0131ndan haberdar oldu\u011funu belirten bireylerin say\u0131s\u0131 %40 oran\u0131nda. Bilgi seviyesinin d\u00fc\u015f\u00fck olmas\u0131n\u0131n nedeni bilgilendirmelerin yetersiz olmas\u0131 olarak de\u011ferlendiriliyor. T\u00fcrkiye\u2019nin %70\u2019i \u0131s\u0131 yal\u0131t\u0131m\u0131na dair en etkin bilgi kayna\u011f\u0131n\u0131 yak\u0131n \u00e7evre olarak de\u011ferlendiriyor.<\/p>\n<p><strong>Is\u0131 yal\u0131t\u0131m\u0131na yap\u0131lan yat\u0131r\u0131m kendini k\u0131sa s\u00fcrede finanse ediyor.<\/strong><\/p>\n<p>Ara\u015ft\u0131rmaya kat\u0131lan her iki ki\u015fiden biri \u0131s\u0131 yal\u0131t\u0131m\u0131na yap\u0131lan yat\u0131r\u0131m\u0131n 2 y\u0131l i\u00e7erisinde kendini finanse edece\u011fini belirtiyor.Ara\u015ft\u0131rma kapsam\u0131nda binas\u0131nda ve dairesinde \u0131s\u0131 yal\u0131t\u0131m\u0131 olan bireyler arkada\u015flar\u0131na ve \u00e7evresine \u0131s\u0131 yal\u0131t\u0131m\u0131n\u0131 tavsiye ediyor.Is\u0131 yal\u0131t\u0131ml\u0131 binalarda oturan bireylerin %74\u2019\u00fc elektrik faturalar\u0131nda %40\u2019tan daha fazla enerji tasarrufu yapt\u0131\u011f\u0131n\u0131 d\u00fc\u015f\u00fcn\u00fcyor.<\/p>\n<p>Ara\u015ft\u0131rma sonu\u00e7lar\u0131n\u0131n a\u00e7\u0131kland\u0131\u011f\u0131 bas\u0131n toplant\u0131s\u0131nda konu\u015fma yapan <strong>S\u00fcrd\u00fcr\u00fclebilirlik Akademisi Y\u00f6netim Kurulu Ba\u015fkan\u0131 Murat Sungur Bursa<\/strong><em>,\u201cCari a\u00e7\u0131\u011f\u0131m\u0131z\u0131n en \u00f6nemli kalemini olu\u015fturan enerji giderlerinin azalt\u0131lmas\u0131 ve s\u00fcrd\u00fcr\u00fclebilir gelecek i\u00e7in kaynak t\u00fcketimi ve bireylerin bilin\u00e7lendirilmesi \u00e7al\u0131\u015fmalar\u0131nda \u00f6nemli \u00f6l\u00e7\u00fcde yol g\u00f6sterece\u011fine ve y\u00f6n verece\u011fine inand\u0131\u011f\u0131m\u0131z ara\u015ft\u0131rmam\u0131z\u0131n sonu\u00e7lar\u0131n\u0131n kamu ve \u00f6zel sekt\u00f6r ile sivil toplum kurulu\u015flar\u0131n\u0131n \u00e7al\u0131\u015fmalar\u0131na \u00f6nemli katk\u0131lar\u0131n\u0131n olaca\u011f\u0131na inan\u0131yoruz. Binalardaki enerji t\u00fcketiminin toplam enerji t\u00fcketiminde \u00f6nemli bir paya sahip oldu\u011fu dikkate al\u0131nd\u0131\u011f\u0131nda, \u0131s\u0131 yal\u0131t\u0131m\u0131n\u0131n kentsel d\u00f6n\u00fc\u015f\u00fcm\u00fcn gizli finansman kayna\u011f\u0131 olabilece\u011fini s\u00f6yleyebiliriz.\u201d dedi.<\/em><\/p>\n<p><strong>Betek Pazarlama Genel M\u00fcd\u00fcr Yard\u0131mc\u0131s\u0131 G\u00fclay Dindoruk <\/strong>ise konuyla ilgili \u015f\u00f6yle konu\u015ftu:<strong><em><\/em><\/strong><\/p>\n<p><em>\u201cYap\u0131lan yal\u0131t\u0131m\u0131n evde olu\u015fabilecek nem, rutubet dolay\u0131s\u0131yla bakteri olu\u015fumunu engelleyebilmesi, binalar\u0131n depreme kar\u015f\u0131 dayan\u0131kl\u0131l\u0131\u011f\u0131na katk\u0131da bulunmas\u0131, s\u0131caklarda ve so\u011fuklarda optimum sa\u011fl\u0131kl\u0131 \u0131s\u0131y\u0131 koruyabilmesi ve bu \u015fekilde de daha az enerji harcayarak \u00e7evreyi korumas\u0131 hane halk\u0131n\u0131n en ola\u011fan konfor beklentileri aras\u0131nda bulunuyor.\u201c<\/em><\/p>\n<p><strong><em>G\u00fclay Dindoruk, <\/em><\/strong>yap\u0131lan ara\u015ft\u0131rmayla ilgili olarak da,<em> \u201dBiz Filli Boya olarak enerji tasarrufu konusunda halk\u0131m\u0131z\u0131 bilin\u00e7lendirmek i\u00e7in pek \u00e7ok kulvarda \u00e7al\u0131\u015fmalar ger\u00e7ekle\u015ftiriyoruz. Bu ara\u015ft\u0131rmay\u0131 desteklememizdeki ama\u00e7 da bu \u00e7al\u0131\u015fmalar\u0131n sonu\u00e7lar\u0131n\u0131 \u00f6l\u00e7\u00fcmlemekti. G\u00f6r\u00fcnen o ki yap\u0131lan \u00e7al\u0131\u015fmalar \u0131s\u0131 yal\u0131t\u0131m konusunda halk\u0131m\u0131z\u0131 bilin\u00e7lendirmi\u015f ve \u0131s\u0131 yal\u0131t\u0131m konusunda onlar\u0131 te\u015fvik etmi\u015ftir. Biz Filli Boya olarak gelecek nesillere dahi iyi bir d\u00fcnya b\u0131rakmak i\u00e7in \u00e7al\u0131\u015fmalar\u0131m\u0131za devam edece\u011fiz.\u201ddedi. <\/em><\/p>\n<p><strong>Bas\u0131n toplant\u0131s\u0131n\u0131n karbon ayakizi \u00f6l\u00e7\u00fcld\u00fc!<\/strong><\/p>\n<p>T\u00fcm etkinliklerini karbon n\u00f6tr olarak ger\u00e7ekle\u015ftiren S\u00fcrd\u00fcr\u00fclebilirlik Akademisi taraf\u0131ndan bas\u0131n toplant\u0131s\u0131n\u0131n karbon ayakizi hesapland\u0131.<\/p>\n<p><strong>\u201c<\/strong><strong><a href=\"http:\/\/www.enve.com.tr\" target=\"_blank\">Enerji Verimlili\u011fi <\/a>Ve Binalarda Is\u0131 Yal\u0131t\u0131m\u0131 T\u00fcketici Alg\u0131 Ara\u015ft\u0131rmas\u0131\u201dn\u0131n Dikkat \u00c7eken Sonu\u00e7lar\u0131;<\/strong><\/p>\n<p>&nbsp;<\/p>\n<p>&#8211;\u00a0 Her iki ki\u015fiden biri <a href=\"http:\/\/www.enve.com.tr\" target=\"_blank\">enerji verimlili\u011fi<\/a> ile \u0131s\u0131 yal\u0131t\u0131m\u0131 ili\u015fkisini bilmiyor.<\/p>\n<p>&#8211;\u00a0 Konut sat\u0131n al\u0131m\u0131nda yaln\u0131zca d\u00f6rt ki\u015fiden biri bina yal\u0131t\u0131m\u0131na \u00f6nem veriyor.<\/p>\n<p>&#8211;\u00a0 Ara\u015ft\u0131rmaya kat\u0131lanlar\u0131n %71\u2019inde \u0131s\u0131 yal\u0131t\u0131m\u0131 bulunmuyor.<\/p>\n<p>&#8211; \u00a0T\u00fcrkiye\u2019nin %82\u2019si mantolamay\u0131 en etkili \u0131s\u0131 yal\u0131t\u0131m y\u00f6ntemi olarak de\u011ferlendiriyor.<\/p>\n<p>&#8211; \u00a0Bireyler konutlarda enerji faturalar\u0131n\u0131 beyaz e\u015fyan\u0131n artt\u0131rd\u0131\u011f\u0131n\u0131 d\u00fc\u015f\u00fcn\u00fcyor.<\/p>\n<p>&#8211;\u00a0 Bireylerin %66\u2019s\u0131 yeni mobilya yerine \u0131s\u0131 yal\u0131t\u0131m\u0131n\u0131 tercih ediyor.<\/p>\n<p>&#8211;\u00a0 Her d\u00f6rt ki\u015fiden \u00fc\u00e7\u00fc \u0131s\u0131 yal\u0131t\u0131m\u0131n\u0131 para ve enerji tasarrufu sa\u011flad\u0131\u011f\u0131 i\u00e7in \u00f6nemli buluyor.<\/p>\n<p>&#8211;\u00a0 Yal\u0131t\u0131m yapt\u0131ran bireylerin %74\u2019\u00fc elektrik faturalar\u0131nda %40\u2019tan fazla tasarruf yapt\u0131\u011f\u0131n\u0131 d\u00fc\u015f\u00fcn\u00fcyor.<\/p>\n<p>&#8211;\u00a0 Ara\u015ft\u0131rmaya kat\u0131lanlar\u0131n %39\u2019u, binalar i\u00e7in zorunlu olan Enerji Kimlik Belgesi hakk\u0131nda yeterli bilgiye sahip de\u011fil.<\/p>\n<p>&#8211;\u00a0Her 10 bireyden 9\u2019u konutlarda \u0131s\u0131 yal\u0131t\u0131m\u0131n\u0131n \u00e7ok \u00f6nemli oldu\u011funu d\u00fc\u015f\u00fcn\u00fcyor.<\/p>\n<p>&#8211;\u00a0 Is\u0131 yal\u0131t\u0131m\u0131 yapt\u0131ranlar\u0131n %85\u2019i \u0131s\u0131 yal\u0131t\u0131m yapt\u0131rmay\u0131 \u00e7evresine tavsiye ediyor.<\/p>\n<p>&#8211;\u00a0 Is\u0131 yal\u0131t\u0131m\u0131 konusundaki bilgilendirmeler yetersiz bulunuyor.<\/p>\n<p>&#8211;\u00a0 Bireyler \u0131s\u0131 yal\u0131t\u0131m\u0131n\u0131n iki senede kendisini finanse etti\u011fini d\u00fc\u015f\u00fcn\u00fcyor.<\/p>\n<p>Yay\u0131nc\u0131: <a href=\"https:\/\/www.enerjigazetesi.ist\" target=\"_blank\">Enerji Gazetesi<\/a><\/p>","protected":false},"excerpt":{"rendered":"<p>Sorry, this entry is only available in Turkish. For the sake of viewer convenience, the content is shown below in the alternative language. You may click the link to switch the active language. Yal\u0131t\u0131m sekt\u00f6r\u00fcn\u00fcn lideri Filli Boya Yal\u0131t\u0131m\u2019\u0131n deste\u011fi ile S\u00fcrd\u00fcr\u00fclebilirlik Akademisi taraf\u0131ndan ger\u00e7ekle\u015ftirilen \u201cEnerji Verimlili\u011fi ve Binalarda Is\u0131 Yal\u0131t\u0131m\u0131 T\u00fcketici Alg\u0131 Ara\u015ft\u0131rmas\u0131\u201d sonu\u00e7lar\u0131 [&hellip;]<\/p>\n","protected":false},"author":1,"featured_media":17896,"comment_status":"open","ping_status":"open","sticky":false,"template":"","format":"standard","meta":[],"categories":[53,52],"tags":[10498,713,3661,63,67,1009,165,103,12,9128,10497,10019,380,1247,593,1439,10496,1423,793],"views":4874,"_links":{"self":[{"href":"https:\/\/www.enerjigazetesi.ist\/en\/wp-json\/wp\/v2\/posts\/17895"}],"collection":[{"href":"https:\/\/www.enerjigazetesi.ist\/en\/wp-json\/wp\/v2\/posts"}],"about":[{"href":"https:\/\/www.enerjigazetesi.ist\/en\/wp-json\/wp\/v2\/types\/post"}],"author":[{"embeddable":true,"href":"https:\/\/www.enerjigazetesi.ist\/en\/wp-json\/wp\/v2\/users\/1"}],"replies":[{"embeddable":true,"href":"https:\/\/www.enerjigazetesi.ist\/en\/wp-json\/wp\/v2\/comments?post=17895"}],"version-history":[{"count":4,"href":"https:\/\/www.enerjigazetesi.ist\/en\/wp-json\/wp\/v2\/posts\/17895\/revisions"}],"predecessor-version":[{"id":17900,"href":"https:\/\/www.enerjigazetesi.ist\/en\/wp-json\/wp\/v2\/posts\/17895\/revisions\/17900"}],"wp:featuredmedia":[{"embeddable":true,"href":"https:\/\/www.enerjigazetesi.ist\/en\/wp-json\/wp\/v2\/media\/17896"}],"wp:attachment":[{"href":"https:\/\/www.enerjigazetesi.ist\/en\/wp-json\/wp\/v2\/media?parent=17895"}],"wp:term":[{"taxonomy":"category","embeddable":true,"href":"https:\/\/www.enerjigazetesi.ist\/en\/wp-json\/wp\/v2\/categories?post=17895"},{"taxonomy":"post_tag","embeddable":true,"href":"https:\/\/www.enerjigazetesi.ist\/en\/wp-json\/wp\/v2\/tags?post=17895"}],"curies":[{"name":"wp","href":"https:\/\/api.w.org\/{rel}","templated":true}]}}