{"id":178855,"date":"2023-09-04T16:00:06","date_gmt":"2023-09-04T13:00:06","guid":{"rendered":"https:\/\/www.enerjigazetesi.ist\/?p=178855"},"modified":"2023-09-04T16:00:24","modified_gmt":"2023-09-04T13:00:24","slug":"ab-nin-fosil-yakitlara-bagimliligi-rekor-duzeyde-azaldi","status":"publish","type":"post","link":"https:\/\/www.enerjigazetesi.ist\/en\/ab-nin-fosil-yakitlara-bagimliligi-rekor-duzeyde-azaldi\/","title":{"rendered":"(Turkish) AB\u2019nin Fosil Yak\u0131tlara Ba\u011f\u0131ml\u0131l\u0131\u011f\u0131 Rekor D\u00fczeyde Azald\u0131"},"content":{"rendered":"<p class=\"qtranxs-available-languages-message qtranxs-available-languages-message-en\">Sorry, this entry is only available in <a href=\"https:\/\/www.enerjigazetesi.ist\/tr\/wp-json\/wp\/v2\/posts\/178855\" class=\"qtranxs-available-language-link qtranxs-available-language-link-tr\" title=\"Turkish\">Turkish<\/a>. For the sake of viewer convenience, the content is shown below in the alternative language. You may click the link to switch the active language.<\/p><p><\/p>\n<h2 class=\"c-article-summary\">Avrupa Birli\u011fi\u2019nde fosil yak\u0131tlardan elde edilen enerji 2023\u2019\u00fcn ilk yar\u0131s\u0131nda rekor d\u00fczeyde azald\u0131. 27 \u00fcye \u00fclke, bu y\u0131l\u0131n ilk yar\u0131s\u0131nda 2022\u2019nin ayn\u0131 d\u00f6nemine k\u0131yasla elektrik i\u00e7in y\u00fczde 17 daha az fosil yak\u0131t t\u00fcketti.<img loading=\"lazy\" class=\"alignright wp-image-178858\" src=\"https:\/\/www.enerjigazetesi.ist\/wp-content\/uploads\/2023\/09\/ab-nin-fosil-yakitlara-bagimliligi-rekor-duzeyde-azaldi.jpg\" alt=\"\" width=\"320\" height=\"227\" srcset=\"https:\/\/www.enerjigazetesi.ist\/wp-content\/uploads\/2023\/09\/ab-nin-fosil-yakitlara-bagimliligi-rekor-duzeyde-azaldi.jpg 635w, https:\/\/www.enerjigazetesi.ist\/wp-content\/uploads\/2023\/09\/ab-nin-fosil-yakitlara-bagimliligi-rekor-duzeyde-azaldi-300x213.jpg 300w, https:\/\/www.enerjigazetesi.ist\/wp-content\/uploads\/2023\/09\/ab-nin-fosil-yakitlara-bagimliligi-rekor-duzeyde-azaldi-500x355.jpg 500w, https:\/\/www.enerjigazetesi.ist\/wp-content\/uploads\/2023\/09\/ab-nin-fosil-yakitlara-bagimliligi-rekor-duzeyde-azaldi-70x50.jpg 70w\" sizes=\"(max-width: 320px) 100vw, 320px\" \/><\/h2>\n<div class=\"c-article-content js-article-content \">\n<p>Temiz enerji d\u00fc\u015f\u00fcnce kurulu\u015fu <strong>Ember<\/strong> taraf\u0131ndan haz\u0131rlanan raporda, Ocak ve Haziran aylar\u0131 aras\u0131nda elektri\u011fin sadece <strong>y\u00fczde 33\u2019\u00fcn\u00fcn<\/strong>\u00a0fosil yak\u0131tlardan \u00fcretildi\u011fini ve bunun AB\u2019nin enerji kar\u0131\u015f\u0131m\u0131nda \u015fimdiye kadarki en d\u00fc\u015f\u00fck pay oldu\u011funu ortaya koydu.<\/p>\n<p><strong>G\u00fcne\u015f enerjisi<\/strong> AB\u2019de b\u00fcy\u00fcmeye devam ediyor ve <strong>y\u0131l\u0131n ilk alt\u0131 ay\u0131nda 2022\u2019nin ayn\u0131 d\u00f6nemine<\/strong> k\u0131yasla <strong>y\u00fczde 13<\/strong> daha fazla elektrik \u00fcretti.<\/p>\n<p>Genel olarak, yenilenebilir enerji hedeflerinin h\u0131zla geni\u015flemesi, blo\u011fun rekorlar k\u0131rmaya devam etti\u011fini g\u00f6sterdi. Y\u0131l\u0131n ilk yar\u0131s\u0131nda da <strong>r\u00fczgar<\/strong> ve<strong> g\u00fcne\u015f enerjisi<\/strong>, <strong>May\u0131s ve Temmuz aylar\u0131nda<\/strong> ilk kez enerji \u00fcretiminin <strong>y\u00fczde 30\u2019unu<\/strong> olu\u015fturdu.<\/p>\n<p>Kaynak:\u00a0<a href=\"https:\/\/tr.euronews.com\/green\/2023\/08\/31\/rapor-abnin-fosil-yakitlara-bagimliligi-rekor-duzeyde-azaldi\" target=\"_blank\" rel=\"noopener\" data-wpel-link=\"external\">EURONEWS<\/a><\/p>\n<\/div>\n<p><\/p>","protected":false},"excerpt":{"rendered":"<p>Sorry, this entry is only available in Turkish. For the sake of viewer convenience, the content is shown below in the alternative language. You may click the link to switch the active language. Avrupa Birli\u011fi\u2019nde fosil yak\u0131tlardan elde edilen enerji 2023\u2019\u00fcn ilk yar\u0131s\u0131nda rekor d\u00fczeyde azald\u0131. 27 \u00fcye \u00fclke, bu y\u0131l\u0131n ilk yar\u0131s\u0131nda 2022\u2019nin ayn\u0131 [&hellip;]<\/p>\n","protected":false},"author":1,"featured_media":178858,"comment_status":"open","ping_status":"open","sticky":false,"template":"","format":"standard","meta":[],"categories":[51,53,49,24649,50],"tags":[69720,18,610,13,1221,16],"views":50,"_links":{"self":[{"href":"https:\/\/www.enerjigazetesi.ist\/en\/wp-json\/wp\/v2\/posts\/178855"}],"collection":[{"href":"https:\/\/www.enerjigazetesi.ist\/en\/wp-json\/wp\/v2\/posts"}],"about":[{"href":"https:\/\/www.enerjigazetesi.ist\/en\/wp-json\/wp\/v2\/types\/post"}],"author":[{"embeddable":true,"href":"https:\/\/www.enerjigazetesi.ist\/en\/wp-json\/wp\/v2\/users\/1"}],"replies":[{"embeddable":true,"href":"https:\/\/www.enerjigazetesi.ist\/en\/wp-json\/wp\/v2\/comments?post=178855"}],"version-history":[{"count":0,"href":"https:\/\/www.enerjigazetesi.ist\/en\/wp-json\/wp\/v2\/posts\/178855\/revisions"}],"wp:featuredmedia":[{"embeddable":true,"href":"https:\/\/www.enerjigazetesi.ist\/en\/wp-json\/wp\/v2\/media\/178858"}],"wp:attachment":[{"href":"https:\/\/www.enerjigazetesi.ist\/en\/wp-json\/wp\/v2\/media?parent=178855"}],"wp:term":[{"taxonomy":"category","embeddable":true,"href":"https:\/\/www.enerjigazetesi.ist\/en\/wp-json\/wp\/v2\/categories?post=178855"},{"taxonomy":"post_tag","embeddable":true,"href":"https:\/\/www.enerjigazetesi.ist\/en\/wp-json\/wp\/v2\/tags?post=178855"}],"curies":[{"name":"wp","href":"https:\/\/api.w.org\/{rel}","templated":true}]}}