{"id":178746,"date":"2023-08-30T15:12:47","date_gmt":"2023-08-30T12:12:47","guid":{"rendered":"https:\/\/www.enerjigazetesi.ist\/?p=178746"},"modified":"2023-08-30T15:12:47","modified_gmt":"2023-08-30T12:12:47","slug":"teias-agustos-2023te-324-98-mwlik-ek-kapasite-kaldigi-belirlendi","status":"publish","type":"post","link":"https:\/\/www.enerjigazetesi.ist\/en\/teias-agustos-2023te-324-98-mwlik-ek-kapasite-kaldigi-belirlendi\/","title":{"rendered":"(Turkish) TE\u0130A\u015e: &#8220;A\u011fustos 2023\u2019te 324,98 MW\u2019l\u0131k Ek Kapasite Kald\u0131\u011f\u0131 Belirlendi&#8221;"},"content":{"rendered":"<p class=\"qtranxs-available-languages-message qtranxs-available-languages-message-en\">Sorry, this entry is only available in <a href=\"https:\/\/www.enerjigazetesi.ist\/tr\/wp-json\/wp\/v2\/posts\/178746\" class=\"qtranxs-available-language-link qtranxs-available-language-link-tr\" title=\"Turkish\">Turkish<\/a>. For the sake of viewer convenience, the content is shown below in the alternative language. You may click the link to switch the active language.<\/p><p><\/p>\n<h2><strong>E\u0130A\u015e, 25 A\u011fustos 2023 tarihinde web sitesinden yapt\u0131\u011f\u0131 duyuru ile yenilenebilir santraller i\u00e7in kalan kapasiteyi a\u00e7\u0131klad\u0131. R\u00fczgar, g\u00fcne\u015f, lisanss\u0131z ve hibrit santraller i\u00e7in yap\u0131lan kapasite tahsisi ard\u0131ndan A\u011fustos 2023\u2019te 324,98 MW\u2019l\u0131k ek kapasite kald\u0131\u011f\u0131 belirlendi. Ana kayna\u011f\u0131 r\u00fczgar ve g\u00fcne\u015f olan santraller i\u00e7in hi\u00e7 kapasite kalmad\u0131.<\/strong><\/h2>\n<p>T\u00fcrkiye Elektrik \u0130letim A\u015e (TE\u0130A\u015e), T.C. Enerji Piyasas\u0131 D\u00fczenleme Kurulunun 16.03.2023 tarihli ve 111731 say\u0131l\u0131 Karar\u0131 do\u011frultusunda, kapasite tahsisleri ile ilgili bir duyuru web sitesinden yay\u0131nlad\u0131. Duyuruda, EPDK taraf\u0131ndan 2023 y\u0131l\u0131 A\u011fustos ay\u0131nda TE\u0130A\u015e\u2019a iletilen projeler kapsam\u0131na yap\u0131lan kapasite tahsisleri sonucunda <strong>kalan b\u00f6lgesel kapasiteler<\/strong> a\u00e7\u0131kland\u0131:<\/p>\n<p style=\"text-align: center;\"><img loading=\"lazy\" class=\"aligncenter wp-image-178747 size-full\" src=\"https:\/\/www.enerjigazetesi.ist\/wp-content\/uploads\/2023\/08\/01.jpg\" alt=\"\" width=\"550\" height=\"314\" srcset=\"https:\/\/www.enerjigazetesi.ist\/wp-content\/uploads\/2023\/08\/01.jpg 550w, https:\/\/www.enerjigazetesi.ist\/wp-content\/uploads\/2023\/08\/01-300x171.jpg 300w, https:\/\/www.enerjigazetesi.ist\/wp-content\/uploads\/2023\/08\/01-500x285.jpg 500w, https:\/\/www.enerjigazetesi.ist\/wp-content\/uploads\/2023\/08\/01-80x46.jpg 80w\" sizes=\"(max-width: 550px) 100vw, 550px\" \/><\/p>\n<p>1-ANA KAYNA\u011eI R\u00dcZGAR VEYA G\u00dcNE\u015e OLAN PROJE VEYA TES\u0130SLER \u0130LE YARDIMCI KAYNA\u011eI R\u00dcZGAR VEYA G\u00dcNE\u015e OLMAYAN PROJE VEYA TES\u0130SLER HAR\u0130\u00c7 B\u0130RDEN \u00c7OK KAYNAKLI ELEKTR\u0130K \u00dcRET\u0130M TES\u0130S\u0130NE D\u00d6N\u00dc\u015e\u00dcM TALEP ED\u0130LEN PROJE VEYA TES\u0130SLER \u0130\u00c7\u0130N KAPAS\u0130TELER (MW):\u00a0<strong>169,988<\/strong><\/p>\n<p style=\"text-align: center;\"><img loading=\"lazy\" class=\"aligncenter wp-image-178749 size-full\" src=\"https:\/\/www.enerjigazetesi.ist\/wp-content\/uploads\/2023\/08\/02.jpg\" alt=\"\" width=\"550\" height=\"294\" srcset=\"https:\/\/www.enerjigazetesi.ist\/wp-content\/uploads\/2023\/08\/02.jpg 550w, https:\/\/www.enerjigazetesi.ist\/wp-content\/uploads\/2023\/08\/02-300x160.jpg 300w, https:\/\/www.enerjigazetesi.ist\/wp-content\/uploads\/2023\/08\/02-500x267.jpg 500w, https:\/\/www.enerjigazetesi.ist\/wp-content\/uploads\/2023\/08\/02-80x43.jpg 80w\" sizes=\"(max-width: 550px) 100vw, 550px\" \/><\/p>\n<p>2-ELEKTR\u0130K P\u0130YASASINDA L\u0130SANSSIZ ELEKTR\u0130K \u00dcRET\u0130M Y\u00d6NETMEL\u0130\u011e\u0130\u2019N\u0130N MADDE-5 (1-h) H\u00dcKM\u00dc KAPSAMINDA \u0130LET\u0130M SEV\u0130YES\u0130NDEN S\u0130STEME BA\u011eLANACAK \u00dcRET\u0130M TES\u0130S\u0130 TALEPLER\u0130 \u0130\u00c7\u0130N KAPAS\u0130TELER (MW):<strong>\u00a0155<\/strong><\/p>\n<p style=\"text-align: center;\"><img loading=\"lazy\" class=\"aligncenter wp-image-178748 size-full\" src=\"https:\/\/www.enerjigazetesi.ist\/wp-content\/uploads\/2023\/08\/03.jpg\" alt=\"\" width=\"550\" height=\"364\" srcset=\"https:\/\/www.enerjigazetesi.ist\/wp-content\/uploads\/2023\/08\/03.jpg 550w, https:\/\/www.enerjigazetesi.ist\/wp-content\/uploads\/2023\/08\/03-300x199.jpg 300w, https:\/\/www.enerjigazetesi.ist\/wp-content\/uploads\/2023\/08\/03-500x331.jpg 500w, https:\/\/www.enerjigazetesi.ist\/wp-content\/uploads\/2023\/08\/03-76x50.jpg 76w\" sizes=\"(max-width: 550px) 100vw, 550px\" \/><\/p>\n<p>3-ANA KAYNAG\u0306I RU\u0308ZGAR VEYA GU\u0308NES\u0327 ENERJI\u0307SI\u0307 OLAN U\u0308RETI\u0307M LI\u0307SANSI SAHI\u0307PLERI\u0307 TARAFINDAN YAPILACAK ELEKTRI\u0307KSEL GU\u0308C\u0327 ARTIS\u0327 TALEPLERI\u0307 I\u0307C\u0327I\u0307N KAPASI\u0307TELER (MW):<strong>0<\/strong><\/p>\n<p><strong>TE\u0130A\u015e taraf\u0131ndan haz\u0131rlanan b\u00f6lgesel kapasitelere\u00a0<a href=\"https:\/\/www.solar.ist\/wp-content\/uploads\/2023\/08\/Duyuru-1.pdf\" target=\"_blank\" rel=\"noopener\">buradan<\/a>\u00a0ve Elektrik Piyasas\u0131nda Lisanss\u0131z Elektrik \u00dcretim Y\u00f6netmeli\u011fi \u0130letim Sistemine Ba\u011flant\u0131 Ba\u015fvurular\u0131 De\u011ferlendirme Raporuna\u00a0<a href=\"https:\/\/www.solar.ist\/wp-content\/uploads\/2023\/08\/Rapor-1.pdf\" target=\"_blank\" rel=\"noopener\">buradan<\/a>\u00a0ula\u015fabilirsiniz.<\/strong><\/p>","protected":false},"excerpt":{"rendered":"<p>Sorry, this entry is only available in Turkish. For the sake of viewer convenience, the content is shown below in the alternative language. You may click the link to switch the active language. E\u0130A\u015e, 25 A\u011fustos 2023 tarihinde web sitesinden yapt\u0131\u011f\u0131 duyuru ile yenilenebilir santraller i\u00e7in kalan kapasiteyi a\u00e7\u0131klad\u0131. R\u00fczgar, g\u00fcne\u015f, lisanss\u0131z ve hibrit santraller [&hellip;]<\/p>\n","protected":false},"author":1,"featured_media":178751,"comment_status":"open","ping_status":"open","sticky":false,"template":"","format":"standard","meta":[],"categories":[51,53],"tags":[13,1974,2048,1582,842,105],"views":97,"_links":{"self":[{"href":"https:\/\/www.enerjigazetesi.ist\/en\/wp-json\/wp\/v2\/posts\/178746"}],"collection":[{"href":"https:\/\/www.enerjigazetesi.ist\/en\/wp-json\/wp\/v2\/posts"}],"about":[{"href":"https:\/\/www.enerjigazetesi.ist\/en\/wp-json\/wp\/v2\/types\/post"}],"author":[{"embeddable":true,"href":"https:\/\/www.enerjigazetesi.ist\/en\/wp-json\/wp\/v2\/users\/1"}],"replies":[{"embeddable":true,"href":"https:\/\/www.enerjigazetesi.ist\/en\/wp-json\/wp\/v2\/comments?post=178746"}],"version-history":[{"count":0,"href":"https:\/\/www.enerjigazetesi.ist\/en\/wp-json\/wp\/v2\/posts\/178746\/revisions"}],"wp:featuredmedia":[{"embeddable":true,"href":"https:\/\/www.enerjigazetesi.ist\/en\/wp-json\/wp\/v2\/media\/178751"}],"wp:attachment":[{"href":"https:\/\/www.enerjigazetesi.ist\/en\/wp-json\/wp\/v2\/media?parent=178746"}],"wp:term":[{"taxonomy":"category","embeddable":true,"href":"https:\/\/www.enerjigazetesi.ist\/en\/wp-json\/wp\/v2\/categories?post=178746"},{"taxonomy":"post_tag","embeddable":true,"href":"https:\/\/www.enerjigazetesi.ist\/en\/wp-json\/wp\/v2\/tags?post=178746"}],"curies":[{"name":"wp","href":"https:\/\/api.w.org\/{rel}","templated":true}]}}