{"id":17873,"date":"2013-11-20T11:13:29","date_gmt":"2013-11-20T08:13:29","guid":{"rendered":"https:\/\/www.enerjigazetesi.ist\/?p=17873"},"modified":"2013-11-20T11:13:29","modified_gmt":"2013-11-20T08:13:29","slug":"ali-kibar-enerji-yatirimlari-kontrol-merkezi-kurulsun","status":"publish","type":"post","link":"https:\/\/www.enerjigazetesi.ist\/en\/ali-kibar-enerji-yatirimlari-kontrol-merkezi-kurulsun\/","title":{"rendered":"(Turkish) Ali Kibar: Enerji Yat\u0131r\u0131mlar\u0131 Kontrol Merkezi Kurulsun&#8230;"},"content":{"rendered":"<p class=\"qtranxs-available-languages-message qtranxs-available-languages-message-en\">Sorry, this entry is only available in <a href=\"https:\/\/www.enerjigazetesi.ist\/tr\/wp-json\/wp\/v2\/posts\/17873\" class=\"qtranxs-available-language-link qtranxs-available-language-link-tr\" title=\"Turkish\">Turkish<\/a>. For the sake of viewer convenience, the content is shown below in the alternative language. You may click the link to switch the active language.<\/p><p><strong>Kibar Holding Y\u00f6netim Kurulu Ba\u015fkan Yard\u0131mc\u0131s\u0131 ve CEO`su Ali Kibar, sanayici g\u00f6z\u00fcyle T\u00fcrkiye`deki elektrik birim fiyatlar\u0131n\u0131n y\u00fcksek oldu\u011funu s\u00f6yledi. Ali Kibar, kaliteli ve s\u00fcrd\u00fcr\u00fclebilir enerji yat\u0131r\u0131mlar\u0131 yap\u0131labilmesi i\u00e7in Bakanl\u0131k b\u00fcnyesinde bir yat\u0131r\u0131m kontrol merkezi kurulmas\u0131n\u0131 \u00f6nerdi.<\/strong><\/p>\n<p>Ali Kibar, 24-25-26 Nisan 2014 tarihinde ger\u00e7ekle\u015ftirilecek ICCI 20. Uluslararas\u0131 Enerji ve \u00c7evre Fuar\u0131 ve Konfrans\u0131 Dan\u0131\u015fma Komitesi Toplant\u0131s\u0131`nda bir konu\u015fma yapt\u0131. Enerji projelerinin uzun soluklu yat\u0131r\u0131mlar oldu\u011funu belirten Ali Kibar \u015f\u00f6yle dedi:<br \/>\n&#8220;Lisans ba\u015fvurusu i\u00e7in 6 ay ile 1 y\u0131l aras\u0131 bir zamana, lisans al\u0131m\u0131 i\u00e7in 2-3 y\u0131l gibi bir zamana, yat\u0131r\u0131m\u0131 devreye almak i\u00e7in 2-3 y\u0131l gibi bir zaman ve 5-8 y\u0131l gibi geri d\u00f6n\u00fc\u015f\u00fcm s\u00fcresine ihtiya\u00e7 oldu\u011funu da d\u00fc\u015f\u00fcn\u00fcrsek yakla\u015f\u0131k 10-15 y\u0131ll\u0131k bir yat\u0131r\u0131m s\u00fcreci s\u00f6z konusu.&#8221;<\/p>\n<p><strong>ENERJ\u0130 YATIRIMLARI KONTROL MERKEZ\u0130 \u0130STED\u0130<\/strong><br \/>\nAli Kibar ayr\u0131ca, kaliteli ve s\u00fcrd\u00fcr\u00fclebilir enerji yat\u0131r\u0131mlar\u0131 yap\u0131labilmesi i\u00e7in bir kontrol mekanizmas\u0131 \u00f6nerdi. Kibar, gerekli kontrollerin Bakanl\u0131k b\u00fcnyesinde olu\u015fturulacak bir yat\u0131r\u0131m kontrol Merkezinde birle\u015ftirilmesi \u00f6nerisinde bulundu.<\/p>\n<p><strong>RUHSATLAR KOLAYLA\u015eTIRILSIN, EK Y\u00dcKLER GELMES\u0130N<\/strong><br \/>\n\u0130mar ruhsatlar\u0131 ve planlar\u0131yla ilgili s\u00fcre\u00e7lerin k\u0131salt\u0131lmas\u0131 gerekti\u011fini savunan Ali Kibar, enerji yat\u0131r\u0131m\u0131 te\u00e7hizatlar\u0131n\u0131n yurtd\u0131\u015f\u0131ndan ithal edilmesi yerine yerli \u00fcretilmesi gerekti\u011fini de s\u00f6yledi. Baz\u0131 yat\u0131r\u0131mlarda Orman alanlar\u0131yla ilgili s\u0131k\u0131nt\u0131lar bulundu\u011funu kaydeden Ali Kibar, enerji yat\u0131r\u0131mlar\u0131nda mevcut har\u00e7 ve vergilere, maliyetleri artt\u0131ran ek y\u00fckler eklenmemesini istedi. Kibar ayr\u0131ca, askeri alanlara s\u0131k\u0131\u015fan yat\u0131r\u0131mlara da esneklik sa\u011flanmas\u0131 gerekti\u011fini kaydetti.<\/p>\n<p><strong>YEN\u0130LENEB\u0130L\u0130R\u0130N \u00d6N\u00dcN\u00dc A\u00c7MAK \u0130\u00c7\u0130N PARA B\u0130R\u0130M\u0130 \u00d6NEML\u0130<a href=\"https:\/\/www.enerjigazetesi.ist\/wp-content\/uploads\/2013\/11\/ali-kibar-enerji-yatirimlari-kontrol-merkezi-kurulsun.jpg\"><img loading=\"lazy\" class=\"alignright size-medium wp-image-17874\" title=\"ali-kibar-enerji-yatirimlari-kontrol-merkezi-kurulsun\" src=\"https:\/\/www.enerjigazetesi.ist\/wp-content\/uploads\/2013\/11\/ali-kibar-enerji-yatirimlari-kontrol-merkezi-kurulsun-300x205.jpg\" alt=\"\" width=\"300\" height=\"205\" srcset=\"https:\/\/www.enerjigazetesi.ist\/wp-content\/uploads\/2013\/11\/ali-kibar-enerji-yatirimlari-kontrol-merkezi-kurulsun-300x205.jpg 300w, https:\/\/www.enerjigazetesi.ist\/wp-content\/uploads\/2013\/11\/ali-kibar-enerji-yatirimlari-kontrol-merkezi-kurulsun-72x50.jpg 72w, https:\/\/www.enerjigazetesi.ist\/wp-content\/uploads\/2013\/11\/ali-kibar-enerji-yatirimlari-kontrol-merkezi-kurulsun.jpg 448w\" sizes=\"(max-width: 300px) 100vw, 300px\" \/><\/a><\/strong><br \/>\nT\u00fcrkiye`de artan enerji talebinin m\u00fcmk\u00fcn oldu\u011funca yerli kaynaklardan sa\u011flanmas\u0131 gerekti\u011fini vurgulayan Ali Kibar, mevcut yap\u0131yla bunun m\u00fcmk\u00fcn olmad\u0131\u011f\u0131n\u0131 ifade etti. Geli\u015fmi\u015f \u00fclkelerin 5 ayr\u0131 b\u00f6l\u00fcmlemeyle (Petrol, do\u011falgaz, k\u00f6m\u00fcr, karbon ve yenilenebilir) tedarik programlar\u0131 yapt\u0131\u011f\u0131n\u0131 belirten Kibar, T\u00fcrkiye`nin petrol ve do\u011falgazda tamamen yurtd\u0131\u015f\u0131na ba\u011fl\u0131 oldu\u011funu hat\u0131rlatt\u0131. Yenilenebilir enerji yat\u0131r\u0131mlar\u0131n\u0131n \u00f6nlerinin a\u00e7\u0131lmas\u0131 i\u00e7in para biriminin de \u00f6nemli bir etken oldu\u011funu belirten Kibar, Euro baz\u0131nda finansman kaynaklar\u0131n\u0131n daha sa\u011fl\u0131kl\u0131 kullan\u0131ma f\u0131rsat yarataca\u011f\u0131n\u0131 s\u00f6yledi.<\/p>\n<p><strong>ASGAR\u0130 %20 ENERJ\u0130 TASARRUFU M\u00dcMK\u00dcN<\/strong><br \/>\n<a href=\"http:\/\/www.enve.com.tr\" target=\"_blank\"><strong>Enerji verimlili\u011fi<\/strong> <\/a>konusunda \u00fclkedeki en \u00f6nemli potansiyel mevcut kaynaklar\u0131n daha ekonomik kullan\u0131lmas\u0131 oldu\u011funun alt\u0131n\u0131 \u00e7izen Kibar, 2023 y\u0131l\u0131na kadar asgari y\u00fczde 20 tasarruf sa\u011flanabilece\u011fini s\u00f6yledi. Avrupa`n\u0131n bu konuda \u00e7ok iyi oldu\u011funu ve kendilerinin de bu s\u00fcreci geli\u015ftirmeye \u00e7al\u0131\u015ft\u0131klar\u0131n\u0131 ekledi.<\/p>\n<p><strong>K\u0130BAR: ELEKTR\u0130K B\u0130R\u0130M F\u0130YATLARI Y\u00dcKSEK<\/strong><br \/>\n&#8220;Sanayici \u015femsiyesiyle de\u011ferlendirdi\u011fimizde T\u00fcrkiye`de elektrik birim fiyatlar\u0131 y\u00fcksek&#8221; diyen Kibar, &#8220;Sanayi mutlaka enerjiyle \u00fcretim yapar. Bir\u00e7ok \u00fclkede sanayiciler rekabet ko\u015fullar\u0131na elektri\u011fe 4-7 cent aras\u0131nda eri\u015fince ula\u015fabiliyorlar. \u00dclkemizde de yap\u0131lan yat\u0131r\u0131mlar iyi kontrollerle sanayicinin s\u0131rt\u0131na ek maliyet getirmeyecek \u015fekilde olmal\u0131&#8221; dedi.<\/p>\n<p><strong>Y\u00dcKSEK KUR GE\u00c7\u0130C\u0130, YATIRIMDAN CAYDIRMAMALI<\/strong><br \/>\n\u015eirketlerin 3. \u00e7eyrek bilan\u00e7o rakamlar\u0131n\u0131n olumsuz oldu\u011fu ve bu konuda g\u00f6r\u00fc\u015flerinin ne oldu\u011fu sorusuna ise enerji sekt\u00f6r\u00fcnde T\u00fcrkiye`nin \u00f6nemli oranda d\u0131\u015fa ba\u011f\u0131ml\u0131 oldu\u011funu, kur at\u0131\u015f\u0131n\u0131n gider kalemine ekstra y\u00fck olu\u015fturdu\u011funu s\u00f6yleyerek ge\u00e7en hafta Bakan Taner Y\u0131ld\u0131z`\u0131n dolar kurunun 1.88-1.92 aral\u0131\u011f\u0131nda olmas\u0131 gerekti\u011fi s\u00f6zlerini hat\u0131rlatt\u0131. &#8220;Hammaddesinde d\u0131\u015fa ba\u011f\u0131ml\u0131ysan\u0131z, kur fark\u0131 y\u00fck\u00fcml\u00fcl\u00fcklerini yans\u0131tmak zorundas\u0131n\u0131z&#8221; diyen Ali Kibar, bunun ge\u00e7ici bir durum oldu\u011funu, cayd\u0131r\u0131c\u0131 olmamas\u0131 gerekti\u011fini belirtti.<\/p>\n<p><strong>T\u00dcRK\u0130YE DO\u011eALGAZDA DAHA DA AKT\u0130FLE\u015eECEK<\/strong><br \/>\nLiberalle\u015ftirilmesi hedeflenen do\u011falgaz piyasas\u0131na ili\u015fkin olarak, &#8220;sat\u0131c\u0131 \u015firket g\u00f6r\u00fc\u015fleri do\u011frultusunda piyasaya yeni oyuncular girer mi girmez mi bu onlar\u0131n karar\u0131 olacak&#8221; diyen Kibar, yeni projelerin oldu\u011funu ve bu konuda T\u00fcrkiye`nin \u00f6n\u00fcm\u00fczdeki s\u00fcre\u00e7te daha aktif olaca\u011f\u0131n\u0131 d\u00fc\u015f\u00fcnd\u00fc\u011f\u00fcn\u00fc s\u00f6yledi. Kibar, &#8220;T\u00fcrkiye \u00f6n\u00fcm\u00fczdeki 10-15 y\u0131lda b\u00f6lgenin en \u00f6nemli transit hat merkezlerinden biri olacak&#8221; dedi.<\/p>\n<p><strong>DO\u011eRU YER HER ZAMAN \u00d6NE \u00c7IKAR<\/strong><br \/>\nT\u00fcrkiye`nin do\u011fusunda enerji kaynaklar\u0131, Bat\u0131s\u0131nda ise t\u00fcketim pazarlar\u0131 bulundu\u011funu hat\u0131rlatan Kibar, T\u00fcrkiye`nin bu anlamda \u00f6nemli bir aktar\u0131m merkezi olaca\u011f\u0131n\u0131 d\u00fc\u015f\u00fcnd\u00fc\u011f\u00fcn\u00fc belirtti. Do\u011fru proje i\u00e7in do\u011fru yer ve do\u011fru lojisti\u011fin her zaman \u00f6ne \u00e7\u0131kaca\u011f\u0131n\u0131 belirten Kibar, &#8220;Enerji sekt\u00f6r\u00fcnde bunun daha kolay oldu\u011funu s\u00f6ylemek m\u00fcmk\u00fcn&#8221; diye konu\u015ftu.<\/p>\n<p>Yazan: Sabiha K\u00d6TEK<\/p>\n<p>Kaynak: <a href=\"http:\/\/enerjigunlugu.net\/ali-kibar:-enerji-yatirimlari-kontrol-merkezi-kuru_5692.html\" target=\"_blank\">Enerji G\u00fcnl\u00fc\u011f\u00fc<\/a><\/p>","protected":false},"excerpt":{"rendered":"<p>Sorry, this entry is only available in Turkish. For the sake of viewer convenience, the content is shown below in the alternative language. You may click the link to switch the active language.Kibar Holding Y\u00f6netim Kurulu Ba\u015fkan Yard\u0131mc\u0131s\u0131 ve CEO`su Ali Kibar, sanayici g\u00f6z\u00fcyle T\u00fcrkiye`deki elektrik birim fiyatlar\u0131n\u0131n y\u00fcksek oldu\u011funu s\u00f6yledi. Ali Kibar, kaliteli ve [&hellip;]<\/p>\n","protected":false},"author":1,"featured_media":17874,"comment_status":"open","ping_status":"open","sticky":false,"template":"","format":"standard","meta":[],"categories":[51,53],"tags":[2827,68,61,63,67,1009,165,117,10482,10484,10483],"views":736,"_links":{"self":[{"href":"https:\/\/www.enerjigazetesi.ist\/en\/wp-json\/wp\/v2\/posts\/17873"}],"collection":[{"href":"https:\/\/www.enerjigazetesi.ist\/en\/wp-json\/wp\/v2\/posts"}],"about":[{"href":"https:\/\/www.enerjigazetesi.ist\/en\/wp-json\/wp\/v2\/types\/post"}],"author":[{"embeddable":true,"href":"https:\/\/www.enerjigazetesi.ist\/en\/wp-json\/wp\/v2\/users\/1"}],"replies":[{"embeddable":true,"href":"https:\/\/www.enerjigazetesi.ist\/en\/wp-json\/wp\/v2\/comments?post=17873"}],"version-history":[{"count":2,"href":"https:\/\/www.enerjigazetesi.ist\/en\/wp-json\/wp\/v2\/posts\/17873\/revisions"}],"predecessor-version":[{"id":17876,"href":"https:\/\/www.enerjigazetesi.ist\/en\/wp-json\/wp\/v2\/posts\/17873\/revisions\/17876"}],"wp:featuredmedia":[{"embeddable":true,"href":"https:\/\/www.enerjigazetesi.ist\/en\/wp-json\/wp\/v2\/media\/17874"}],"wp:attachment":[{"href":"https:\/\/www.enerjigazetesi.ist\/en\/wp-json\/wp\/v2\/media?parent=17873"}],"wp:term":[{"taxonomy":"category","embeddable":true,"href":"https:\/\/www.enerjigazetesi.ist\/en\/wp-json\/wp\/v2\/categories?post=17873"},{"taxonomy":"post_tag","embeddable":true,"href":"https:\/\/www.enerjigazetesi.ist\/en\/wp-json\/wp\/v2\/tags?post=17873"}],"curies":[{"name":"wp","href":"https:\/\/api.w.org\/{rel}","templated":true}]}}