{"id":178690,"date":"2023-08-29T13:33:10","date_gmt":"2023-08-29T10:33:10","guid":{"rendered":"https:\/\/www.enerjigazetesi.ist\/?p=178690"},"modified":"2023-08-29T13:33:10","modified_gmt":"2023-08-29T10:33:10","slug":"yenilenebilir-enerji-nasil-turkiyenin-elektrik-uretim-kaynagi-olabilir","status":"publish","type":"post","link":"https:\/\/www.enerjigazetesi.ist\/en\/yenilenebilir-enerji-nasil-turkiyenin-elektrik-uretim-kaynagi-olabilir\/","title":{"rendered":"(Turkish) Yenilenebilir Enerji Nas\u0131l T\u00fcrkiye&#8217;nin Elektrik \u00dcretim Kayna\u011f\u0131 Olabilir"},"content":{"rendered":"<p class=\"qtranxs-available-languages-message qtranxs-available-languages-message-en\">Sorry, this entry is only available in <a href=\"https:\/\/www.enerjigazetesi.ist\/tr\/wp-json\/wp\/v2\/posts\/178690\" class=\"qtranxs-available-language-link qtranxs-available-language-link-tr\" title=\"Turkish\">Turkish<\/a>. For the sake of viewer convenience, the content is shown below in the alternative language. You may click the link to switch the active language.<\/p><p><\/p>\n<h2><strong>Yenilenebilir enerjinin gelecek y\u0131llarda d\u00fcnyan\u0131n en \u00f6nemli ve en b\u00fcy\u00fck elektrik \u00fcretim kayna\u011f\u0131 olaca\u011f\u0131 tahmin ediliyor. Bu do\u011frultuda \u00fclke olarak yenilenebilir enerji kaynaklar\u0131ndaki potansiyelimizi do\u011fru kullanmam\u0131z ve yat\u0131r\u0131mlara bu do\u011frultuda \u00f6nem vermemiz gerekti\u011fini belirten Yenilenebilir Enerji Ara\u015ft\u0131rmalar\u0131 Derne\u011fi \u2013 (YENADER) Ba\u015fkan Yard\u0131mc\u0131s\u0131 Ali Karaduman konu hakk\u0131nda g\u00f6r\u00fc\u015flerini payla\u015ft\u0131. <\/strong><\/h2>\n<p><strong>G\u00fcne\u015f, r\u00fczgar ve jeotermal<\/strong> gibi yenilenebilir enerji kaynaklar\u0131 t\u00fcm d\u00fcnyan\u0131n odak noktas\u0131 haline gelmi\u015f durumda\u2026 G\u00fcn\u00fcm\u00fczde ve yak\u0131n gelecekte en \u00f6nemli enerji kayna\u011f\u0131n\u0131n do\u011fal yoldan elde edilen <img loading=\"lazy\" class=\"alignright wp-image-178692\" src=\"https:\/\/www.enerjigazetesi.ist\/wp-content\/uploads\/2023\/08\/yenilenebilir-enerji-nasil-turkiyenin-elektrik-uretim-kaynagi-olabilir.jpg\" alt=\"\" width=\"320\" height=\"290\" srcset=\"https:\/\/www.enerjigazetesi.ist\/wp-content\/uploads\/2023\/08\/yenilenebilir-enerji-nasil-turkiyenin-elektrik-uretim-kaynagi-olabilir.jpg 530w, https:\/\/www.enerjigazetesi.ist\/wp-content\/uploads\/2023\/08\/yenilenebilir-enerji-nasil-turkiyenin-elektrik-uretim-kaynagi-olabilir-300x272.jpg 300w, https:\/\/www.enerjigazetesi.ist\/wp-content\/uploads\/2023\/08\/yenilenebilir-enerji-nasil-turkiyenin-elektrik-uretim-kaynagi-olabilir-442x400.jpg 442w, https:\/\/www.enerjigazetesi.ist\/wp-content\/uploads\/2023\/08\/yenilenebilir-enerji-nasil-turkiyenin-elektrik-uretim-kaynagi-olabilir-55x50.jpg 55w, https:\/\/www.enerjigazetesi.ist\/wp-content\/uploads\/2023\/08\/yenilenebilir-enerji-nasil-turkiyenin-elektrik-uretim-kaynagi-olabilir-500x453.jpg 500w\" sizes=\"(max-width: 320px) 100vw, 320px\" \/>yenilenebilir enerji kaynaklar\u0131 oldu\u011funu belirten <strong>Yenilenebilir Enerji Ara\u015ft\u0131rmalar\u0131 Derne\u011fi \u2013 (YENADER) Ba\u015fkan Yard\u0131mc\u0131s\u0131 Ali Karaduman <\/strong>a\u00e7\u0131klamalar\u0131na \u015fu \u015fekilde devam etti:<\/p>\n<p><em>\u201cT\u00fcm d\u00fcnya d\u00fc\u015f\u00fck maliyetli enerji i\u00e7in ciddi yat\u0131r\u0131mlar ger\u00e7ekle\u015ftiriyor. Artan enerji talebini kar\u015f\u0131lamakta yenilenebilir enerji kaynaklar\u0131na y\u00f6nelmenin T\u00fcrkiye i\u00e7in hem ekonomi hem de \u00e7evre a\u00e7\u0131s\u0131ndan hayati \u00f6neme sahip oldu\u011fu g\u00f6r\u00fcl\u00fcyor. T\u00fcrkiye\u2019de r\u00fczgar ve g\u00fcne\u015f enerjisi istikrarl\u0131 bir art\u0131\u015f g\u00f6steriyor. Ayr\u0131ca yenilenebilir enerji santralleri, istihdama katk\u0131 sa\u011flayarak \u00fclke ekonomisine b\u00fcy\u00fck kazan\u0131mlar sa\u011fl\u0131yor. T\u00fcm avantajlar g\u00f6z \u00f6n\u00fcne al\u0131nd\u0131\u011f\u0131nda d\u00fcnyada temiz enerji yat\u0131r\u0131m\u0131 ve kapasitesinde rekor b\u00fcy\u00fcme bekleniyor.\u201d<\/em><\/p>\n<h3><strong>T\u00dcRK\u0130YE Y\u00dcZDE 15.5 \u0130LE D\u00dcNYA ORTALAMASININ \u00dcST\u00dcNE \u00c7IKTI<\/strong><\/h3>\n<p>2022 y\u0131l\u0131nda yenilenebilir enerjiden elektrik \u00fcretiminde rekor art\u0131\u015f\u0131n ya\u015fand\u0131\u011f\u0131n\u0131 belirten <strong>YENADER Ba\u015fkan Yard\u0131mc\u0131s\u0131 Ali Karaduman<\/strong> s\u00f6zlerine \u015f\u00f6yle devam etti:<\/p>\n<p><em>\u201cGe\u00e7ti\u011fimiz y\u0131l r\u00fczg\u00e2r ve g\u00fcne\u015f enerjisinin k\u00fcresel elektrik \u00fcretimindeki pay\u0131 y\u00fczde 12\u2019ye kadar y\u00fckseldi. T\u00fcrkiye ise y\u00fczde 15,5 ile d\u00fcnya ortalamas\u0131n\u0131n da \u00fcst\u00fcne \u00e7\u0131kt\u0131. 2022 y\u0131l\u0131nda elektrik \u00fcretimimizin<strong> %20,6<\/strong>&#8216;s\u0131 hidrolik enerjiden, <strong>%10,8<\/strong>\u2019i r\u00fczgardan, <strong>%4,7<\/strong>\u2019si g\u00fcne\u015ften, <strong>%3,3<\/strong>&#8216;\u00fc jeotermal enerjiden ve <strong>%3,7\u2019si<\/strong> di\u011fer kaynaklardan elde edildi. Bu y\u0131l haziran ay\u0131 itibar\u0131yla ise \u00fclkemizin kurulu g\u00fcc\u00fc <strong>104.904 MW<\/strong>\u2019a ula\u015ft\u0131. 2023 y\u0131l\u0131 haziran ay\u0131 sonu kurulu g\u00fcc\u00fcm\u00fcz\u00fcn kaynaklara g\u00f6re da\u011f\u0131l\u0131m\u0131 ise <strong>%30,1<\/strong>\u2019i hidrolik enerji, <strong>%11\u2019<\/strong>i r\u00fczg\u00e2r, <strong>%9,7<\/strong>\u2019si g\u00fcne\u015f, <strong>%1,6<\/strong>\u2019s\u0131 jeotermal ve <strong>%2,6<\/strong>\u2019s\u0131 ise di\u011fer kaynaklar \u015feklinde ger\u00e7ekle\u015fti. \u00dclkemizin yenilenebilir enerji potansiyeli \u00e7ok fazla. 5 y\u0131l i\u00e7erisinde bu rakamlar\u0131n katlanarak artaca\u011f\u0131n\u0131 d\u00fc\u015f\u00fcn\u00fcyoruz. <strong>R\u00fczgar ve g\u00fcne\u015fteki b\u00fcy\u00fcmenin<\/strong> yan\u0131 s\u0131ra jeotermal enerji b\u00fcy\u00fcmesinin de \u00e7ok y\u00fcksek olaca\u011f\u0131n\u0131 tahmin ediyoruz.\u201d<\/em><\/p>\n<h3><strong>YE\u015e\u0130L ve S\u00dcRD\u00dcR\u00dcLEB\u0130L\u0130R GELECEK \u0130\u00c7\u0130N KARARLILI\u011eIMIZI DEVAM ETT\u0130RMEL\u0130Y\u0130Z<\/strong><\/h3>\n<p><strong>YENADER Ba\u015fkan Yard\u0131mc\u0131s\u0131 Ali Karaduman<\/strong> a\u00e7\u0131klamas\u0131n\u0131 \u015fu s\u00f6zlerle s\u00fcrd\u00fcrd\u00fc: <em>\u201cSon y\u0131llarda \u00fclkemizdeki yenilenebilir enerji yat\u0131r\u0131m ata\u011f\u0131 bizi Avrupa ve d\u00fcnya s\u0131ralamas\u0131nda sayg\u0131n bir basama\u011fa ta\u015f\u0131d\u0131. \u00d6zellikle <strong>s\u0131f\u0131r karbon toplumuna ge\u00e7i\u015f<\/strong> veya <strong>s\u0131f\u0131r karbon ekonomisine<\/strong> ge\u00e7i\u015fin \u00f6neminin artt\u0131\u011f\u0131 son d\u00f6nemde, \u00fclkemizde bu alanda yapt\u0131\u011f\u0131m\u0131z \u00e7al\u0131\u015fmalara h\u0131z kesmeden devam ederek<strong> ye\u015fil ve s\u00fcrd\u00fcr\u00fclebilir gelecek<\/strong> i\u00e7in kararl\u0131l\u0131\u011f\u0131m\u0131z\u0131 devam ettirmemiz gerekiyor. \u00d6zellikle yenilenebilir enerji \u00e7al\u0131\u015fmalar\u0131nda ciddi bir \u00e7abayla d\u00fcnya genelinde kazanm\u0131\u015f oldu\u011fumuz sayg\u0131nl\u0131k son derece m\u00fchim. Yap\u0131lan t\u00fcm \u00e7al\u0131\u015fmalar d\u00fcnyay\u0131 daha ya\u015fanabilir k\u0131lmak ad\u0131na b\u00fcy\u00fck \u00f6nem ta\u015f\u0131yor.\u201d<\/em><\/p>","protected":false},"excerpt":{"rendered":"<p>Sorry, this entry is only available in Turkish. For the sake of viewer convenience, the content is shown below in the alternative language. You may click the link to switch the active language. Yenilenebilir enerjinin gelecek y\u0131llarda d\u00fcnyan\u0131n en \u00f6nemli ve en b\u00fcy\u00fck elektrik \u00fcretim kayna\u011f\u0131 olaca\u011f\u0131 tahmin ediliyor. Bu do\u011frultuda \u00fclke olarak yenilenebilir enerji [&hellip;]<\/p>\n","protected":false},"author":1,"featured_media":178693,"comment_status":"open","ping_status":"open","sticky":false,"template":"","format":"standard","meta":[],"categories":[51,53,49,47,50],"tags":[70135,13,56,16,73164,110497,75795,75794,508],"views":71,"_links":{"self":[{"href":"https:\/\/www.enerjigazetesi.ist\/en\/wp-json\/wp\/v2\/posts\/178690"}],"collection":[{"href":"https:\/\/www.enerjigazetesi.ist\/en\/wp-json\/wp\/v2\/posts"}],"about":[{"href":"https:\/\/www.enerjigazetesi.ist\/en\/wp-json\/wp\/v2\/types\/post"}],"author":[{"embeddable":true,"href":"https:\/\/www.enerjigazetesi.ist\/en\/wp-json\/wp\/v2\/users\/1"}],"replies":[{"embeddable":true,"href":"https:\/\/www.enerjigazetesi.ist\/en\/wp-json\/wp\/v2\/comments?post=178690"}],"version-history":[{"count":0,"href":"https:\/\/www.enerjigazetesi.ist\/en\/wp-json\/wp\/v2\/posts\/178690\/revisions"}],"wp:featuredmedia":[{"embeddable":true,"href":"https:\/\/www.enerjigazetesi.ist\/en\/wp-json\/wp\/v2\/media\/178693"}],"wp:attachment":[{"href":"https:\/\/www.enerjigazetesi.ist\/en\/wp-json\/wp\/v2\/media?parent=178690"}],"wp:term":[{"taxonomy":"category","embeddable":true,"href":"https:\/\/www.enerjigazetesi.ist\/en\/wp-json\/wp\/v2\/categories?post=178690"},{"taxonomy":"post_tag","embeddable":true,"href":"https:\/\/www.enerjigazetesi.ist\/en\/wp-json\/wp\/v2\/tags?post=178690"}],"curies":[{"name":"wp","href":"https:\/\/api.w.org\/{rel}","templated":true}]}}