{"id":178670,"date":"2023-08-28T15:36:05","date_gmt":"2023-08-28T12:36:05","guid":{"rendered":"https:\/\/www.enerjigazetesi.ist\/?p=178670"},"modified":"2023-08-28T15:36:05","modified_gmt":"2023-08-28T12:36:05","slug":"mediamarkt-tan-geri-donusum-hamlesi","status":"publish","type":"post","link":"https:\/\/www.enerjigazetesi.ist\/en\/mediamarkt-tan-geri-donusum-hamlesi\/","title":{"rendered":"(Turkish) MediaMarkt\u2019tan Geri D\u00f6n\u00fc\u015f\u00fcm Hamlesi"},"content":{"rendered":"<p class=\"qtranxs-available-languages-message qtranxs-available-languages-message-en\">Sorry, this entry is only available in <a href=\"https:\/\/www.enerjigazetesi.ist\/tr\/wp-json\/wp\/v2\/posts\/178670\" class=\"qtranxs-available-language-link qtranxs-available-language-link-tr\" title=\"Turkish\">Turkish<\/a>. For the sake of viewer convenience, the content is shown below in the alternative language. You may click the link to switch the active language.<\/p><p><\/p>\n<h2><strong>MediaMarkt, s\u00fcrd\u00fcr\u00fclebilirlik \u00e7al\u0131\u015fmalar\u0131yla d\u00f6ng\u00fcsel ekonomiye katk\u0131da bulunuyor. \u015eirket, bu kapsamda, sadece 11 ay i\u00e7inde ak\u0131ll\u0131 telefon, tablet, diz\u00fcst\u00fc bilgisayar gibi yakla\u015f\u0131k 44.800 kullan\u0131lm\u0131\u015f cihaz\u0131 yenileme amac\u0131yla alarak, tekrardan t\u00fcketicilerin kullan\u0131m\u0131na sunmak i\u00e7in harekete ge\u00e7ti.<\/strong><\/h2>\n<p style=\"text-align: center;\"><img loading=\"lazy\" class=\"aligncenter wp-image-178672\" src=\"https:\/\/www.enerjigazetesi.ist\/wp-content\/uploads\/2023\/08\/mediamarkt-tan-geri-donusum-hamlesi.jpg\" alt=\"\" width=\"500\" height=\"345\" srcset=\"https:\/\/www.enerjigazetesi.ist\/wp-content\/uploads\/2023\/08\/mediamarkt-tan-geri-donusum-hamlesi.jpg 550w, https:\/\/www.enerjigazetesi.ist\/wp-content\/uploads\/2023\/08\/mediamarkt-tan-geri-donusum-hamlesi-300x207.jpg 300w, https:\/\/www.enerjigazetesi.ist\/wp-content\/uploads\/2023\/08\/mediamarkt-tan-geri-donusum-hamlesi-500x345.jpg 500w, https:\/\/www.enerjigazetesi.ist\/wp-content\/uploads\/2023\/08\/mediamarkt-tan-geri-donusum-hamlesi-72x50.jpg 72w\" sizes=\"(max-width: 500px) 100vw, 500px\" \/><\/p>\n<p>Geni\u015f \u00fcr\u00fcn yelpazesiyle teknolojiseverlere konforlu al\u0131\u015fveri\u015fin keyfini sunan, T\u00fcrkiye\u2019nin en geni\u015f sat\u0131\u015f alan\u0131na sahip elektronik perakendecisi MediaMarkt,\u00a0teknoloji perakendecili\u011fi sekt\u00f6r\u00fcndeki liderli\u011fini sadece \u00fcr\u00fcn ve hizmet kalitesi ile de\u011fil, ayn\u0131 zamanda <strong>d\u00f6ng\u00fcsel ekonomiye katk\u0131<\/strong> sa\u011flayacak <strong>s\u00fcrd\u00fcr\u00fclebilirlik \u00e7al\u0131\u015fmalar\u0131<\/strong> ile de kan\u0131tlamaya devam ediyor.<\/p>\n<p>Yeni bir ak\u0131ll\u0131 telefon, e\u011flence ve teknolojik yenilikleri getirirken, cihaz\u0131n kullan\u0131m \u00f6mr\u00fcn\u00fcn sonunda \u00e7evre dostu bir \u015fekilde nas\u0131l elden \u00e7\u0131kar\u0131laca\u011f\u0131 da b\u00fcy\u00fck \u00f6nem ta\u015f\u0131yor. Genellikle, kullan\u0131lm\u0131\u015f ak\u0131ll\u0131 telefonlar i\u015flevselli\u011fini korumaya devam ediyor ve <strong>di\u011fer kullan\u0131c\u0131lar i\u00e7in yenilenerek ikinci bir hayat<\/strong> kazanabiliyor. <strong>Elektronik at\u0131k sorunu<\/strong> \u00e7evre \u00fczerinde olumsuz etkilere yol a\u00e7arken, ayn\u0131 zamanda gereksiz bir y\u00fck de olu\u015fturuyor. MediaMarkt, <strong>elektronik cihazlar\u0131 geri alarak<\/strong> onlara <strong>ikinci bir hayat kazand\u0131r\u0131yor.<\/strong><\/p>\n<h3><strong>11 ayda yakla\u015f\u0131k 44.800 cihaz, t\u00fcketicilerden al\u0131narak Yenileme Merkezleri\u2019ne g\u00f6nderildi ve yenilenen cihazlar s\u0131f\u0131r \u00fcr\u00fcnlere g\u00f6re daha uygun fiyatlarla tekrardan m\u00fc\u015fterilerin kullan\u0131m\u0131na sunuldu.<\/strong><\/h3>\n<p>2022 y\u0131l\u0131nda yenileme merkezleri i\u015f ortaklar\u0131yla birlikte yenilenmi\u015f cihaz hizmetini ba\u015flatan MediaMarkt, art\u0131k kullan\u0131lmayan <strong>cep telefonu, ak\u0131ll\u0131 saat ve diz\u00fcst\u00fc bilgisayar<\/strong> gibi \u00fcr\u00fcnlerin, <strong>ma\u011fazalara fiziksel<\/strong> ya da <strong>kargo yoluyla teslim edilmesine<\/strong> olanak sa\u011fl\u0131yor. Kullan\u0131c\u0131lar\u0131n elden \u00e7\u0131karmak istedikleri <strong>ak\u0131ll\u0131 telefon, diz\u00fcst\u00fc bilgisayar ve ak\u0131ll\u0131 saat<\/strong> gibi \u00fcr\u00fcnlerin, sat\u0131n alma de\u011ferleri, modeline, \u00fcr\u00fcn\u00fcn \u00e7al\u0131\u015f\u0131p \u00e7al\u0131\u015fmamas\u0131na, <strong>ekran<\/strong> ve <strong>kasas\u0131n\u0131n durumuna ba\u011fl\u0131<\/strong> olarak de\u011ferlendiriliyor. Kullan\u0131c\u0131lar\u0131n, inceleme sonucu yap\u0131lan teklifi kabul etmeleri halinde, kullan\u0131c\u0131lara bir sonraki al\u0131\u015fveri\u015flerinde kullan\u0131lmak \u00fczere MediaMarkt ma\u011fazalar\u0131nda ge\u00e7erli olacak <strong>hediye kart\u0131<\/strong> veriliyor ya da <strong>Eskiyi Getir Yeniyi G\u00f6t\u00fcr kampanyas\u0131<\/strong> kapsam\u0131nda t\u00fcketiciler getirdikleri eski cihaz bedeline ilave, <strong>kampanyal\u0131 yeni cihaz al\u0131mlar\u0131nda yenileme desteklerinden<\/strong> faydalanabiliyor. MediaMarkt\u2019\u0131n bu projesi kapsam\u0131nda 2022\/23 mali y\u0131l\u0131n\u0131n ilk on bir ay\u0131nda, <strong>ak\u0131ll\u0131 telefonlar, tabletler, ak\u0131ll\u0131 saatler, diz\u00fcst\u00fc bilgisayarlar<\/strong> gibi yakla\u015f\u0131k 44.800 kullan\u0131lm\u0131\u015f cihaz, cazip teklifler ile<strong>\u00a0<\/strong>t\u00fcketicilerden al\u0131narak <strong>Yenileme Merkezleri<\/strong>\u2019ne g\u00f6nderildi ve <strong>yenilenen cihazlar tekrardan m\u00fc\u015fterilerin kullan\u0131m\u0131na<\/strong> sunuldu.<\/p>\n<h3><strong>Kullan\u0131lm\u0131\u015f ak\u0131ll\u0131 telefonlara ve eski cihazdaki verilere ne oluyor?<\/strong><\/h3>\n<p>MediaMarkt, kullan\u0131c\u0131lar\u0131n ak\u0131ll\u0131 telefonlar\u0131n\u0131 de\u011ferlendirerek \u00e7evreye destek oluyor. Fonksiyonel cihazlar yenileniyor ve sonras\u0131nda sertifikaland\u0131r\u0131lm\u0131\u015f yenilenmi\u015f cihazlar olarak yeni sahiplerini bekliyor. \u015eayet bir cihaz art\u0131k \u00e7al\u0131\u015fm\u0131yor ve tamir edilemiyorsa, <strong>kullan\u0131labilecek par\u00e7alar \u00e7\u0131kart\u0131l\u0131p<\/strong> <strong>tekrar kullan\u0131l\u0131yor<\/strong>. Kalan par\u00e7alar ise <strong>geri d\u00f6n\u00fc\u015f\u00fcm s\u00fcrecine<\/strong> tabi tutuluyor. B\u00f6ylelikle kullan\u0131c\u0131lar, \u00e7ekmecelerinde art\u0131k <strong>kullanmad\u0131klar\u0131 cihazlar\u0131 tekrar sisteme kazand\u0131rabiliyor<\/strong>. \u0130ade edilen cihazlar ise <strong>g\u00f6r\u00fcn\u00fcm<\/strong> ve<strong> teknik durum<\/strong> a\u00e7\u0131s\u0131ndan kontrol ediliyor ve <strong>\u00f6zel yaz\u0131l\u0131m<\/strong> kullan\u0131larak <strong>profesyonel bir veri silme i\u015flemi<\/strong> ger\u00e7ekle\u015ftiriliyor.<\/p>\n<h3><strong>&#8220;Daha \u0130yiye&#8221; ilkesi<\/strong><\/h3>\n<p>MediaMarkt, \u00fcr\u00fcn \u00f6mr\u00fcn\u00fc uzatmaya ve ya\u015fam d\u00f6ng\u00fcs\u00fcn\u00fcn sonunda d\u00fczg\u00fcn bir<strong> geri d\u00f6n\u00fc\u015f\u00fcm sa\u011flamaya yard\u0131mc\u0131 olan yenilik\u00e7i hizmet konseptleri<\/strong> ile <strong>&#8220;Daha \u0130yiye&#8221; ilkesini<\/strong> benimsiyor. MediaMarkt\u2019\u0131n yenileme merkezi i\u015f ortaklar\u0131yla birlikte y\u00fcr\u00fct\u00fclen bu<strong> sat\u0131n alma modeli<\/strong>, elektronik perakendenin <strong>daha s\u00fcrd\u00fcr\u00fclebilir bir ya\u015fam tarz\u0131na<\/strong> katk\u0131da bulunma ve<strong> d\u00f6ng\u00fcsel ekonomiyi te\u015fvik etme<\/strong> hedefi do\u011frultusunda <strong>&#8220;Daha \u0130yiye&#8221;<\/strong> giri\u015fiminin bir par\u00e7as\u0131n\u0131 olu\u015fturuyor. Bu ilkeyi yans\u0131tan Daha \u0130yiye logosu, m\u00fc\u015fterilere \u00e7evrim i\u00e7i ve fiziksel ma\u011fazalarda, <strong>s\u00fcrd\u00fcr\u00fclebilir<\/strong> olarak <strong>de\u011ferlendirilen \u00fcr\u00fcnleri<\/strong> ve<strong> hizmetleri tan\u0131mlamada<\/strong> yard\u0131mc\u0131 oluyor. Teknik cihazlar\u0131n uzun \u00f6m\u00fcrl\u00fc olmas\u0131, <strong>enerji verimlili\u011fi<\/strong> ve <strong>kaynak tasarrufu<\/strong> sa\u011flayan <strong>geri d\u00f6n\u00fc\u015f\u00fcm s\u00fcreci<\/strong> gibi unsurlar, <strong>yenilik\u00e7i \u00fcr\u00fcn \u00e7\u00f6z\u00fcmleri<\/strong> ve <strong>hizmet konseptleriyle<\/strong> birle\u015ferek <strong>s\u00fcrd\u00fcr\u00fclebilir t\u00fcketimin desteklenmesine<\/strong> katk\u0131da bulunuyor.<\/p>","protected":false},"excerpt":{"rendered":"<p>Sorry, this entry is only available in Turkish. For the sake of viewer convenience, the content is shown below in the alternative language. You may click the link to switch the active language. MediaMarkt, s\u00fcrd\u00fcr\u00fclebilirlik \u00e7al\u0131\u015fmalar\u0131yla d\u00f6ng\u00fcsel ekonomiye katk\u0131da bulunuyor. \u015eirket, bu kapsamda, sadece 11 ay i\u00e7inde ak\u0131ll\u0131 telefon, tablet, diz\u00fcst\u00fc bilgisayar gibi yakla\u015f\u0131k 44.800 [&hellip;]<\/p>\n","protected":false},"author":1,"featured_media":178672,"comment_status":"open","ping_status":"open","sticky":false,"template":"","format":"standard","meta":[],"categories":[53],"tags":[110487,6058,12570,39265,110486,110488],"views":22,"_links":{"self":[{"href":"https:\/\/www.enerjigazetesi.ist\/en\/wp-json\/wp\/v2\/posts\/178670"}],"collection":[{"href":"https:\/\/www.enerjigazetesi.ist\/en\/wp-json\/wp\/v2\/posts"}],"about":[{"href":"https:\/\/www.enerjigazetesi.ist\/en\/wp-json\/wp\/v2\/types\/post"}],"author":[{"embeddable":true,"href":"https:\/\/www.enerjigazetesi.ist\/en\/wp-json\/wp\/v2\/users\/1"}],"replies":[{"embeddable":true,"href":"https:\/\/www.enerjigazetesi.ist\/en\/wp-json\/wp\/v2\/comments?post=178670"}],"version-history":[{"count":0,"href":"https:\/\/www.enerjigazetesi.ist\/en\/wp-json\/wp\/v2\/posts\/178670\/revisions"}],"wp:featuredmedia":[{"embeddable":true,"href":"https:\/\/www.enerjigazetesi.ist\/en\/wp-json\/wp\/v2\/media\/178672"}],"wp:attachment":[{"href":"https:\/\/www.enerjigazetesi.ist\/en\/wp-json\/wp\/v2\/media?parent=178670"}],"wp:term":[{"taxonomy":"category","embeddable":true,"href":"https:\/\/www.enerjigazetesi.ist\/en\/wp-json\/wp\/v2\/categories?post=178670"},{"taxonomy":"post_tag","embeddable":true,"href":"https:\/\/www.enerjigazetesi.ist\/en\/wp-json\/wp\/v2\/tags?post=178670"}],"curies":[{"name":"wp","href":"https:\/\/api.w.org\/{rel}","templated":true}]}}