{"id":178659,"date":"2023-08-28T14:54:31","date_gmt":"2023-08-28T11:54:31","guid":{"rendered":"https:\/\/www.enerjigazetesi.ist\/?p=178659"},"modified":"2023-08-28T14:55:01","modified_gmt":"2023-08-28T11:55:01","slug":"deniz-portfoy-den-karbon-ayak-izini-azaltan-serbest-yatirim-fonu","status":"publish","type":"post","link":"https:\/\/www.enerjigazetesi.ist\/en\/deniz-portfoy-den-karbon-ayak-izini-azaltan-serbest-yatirim-fonu\/","title":{"rendered":"(Turkish) Deniz Portf\u00f6y\u2019den Karbon Ayak \u0130zini Azaltan Serbest Yat\u0131r\u0131m Fonu"},"content":{"rendered":"<p class=\"qtranxs-available-languages-message qtranxs-available-languages-message-en\">Sorry, this entry is only available in <a href=\"https:\/\/www.enerjigazetesi.ist\/tr\/wp-json\/wp\/v2\/posts\/178659\" class=\"qtranxs-available-language-link qtranxs-available-language-link-tr\" title=\"Turkish\">Turkish<\/a>. For the sake of viewer convenience, the content is shown below in the alternative language. You may click the link to switch the active language.<\/p><p><\/p>\n<h2><strong>Deniz Portf\u00f6y, s\u00fcrd\u00fcr\u00fclebilirlik hedefleri do\u011frultusunda, T\u00fcrkiye\u2019de ilk olarak karbon ayak izini azaltma hedefini oda\u011f\u0131na alan \u015firketlerin yer ald\u0131\u011f\u0131 fonlara yat\u0131r\u0131m yapan ESG S\u00fcrd\u00fcr\u00fclebilirlik Serbest Yat\u0131r\u0131m Fonu\u2019nu hayata ge\u00e7irdi.<\/strong><\/h2>\n<p><strong>ESG S\u00fcrd\u00fcr\u00fclebilirlik Serbest Yat\u0131r\u0131m Fonu (DLG)<\/strong>, <strong>Avrupa Birli\u011fi Karbon Sal\u0131n\u0131m Hakk\u0131 (EUA)<\/strong> ve <strong>Kaliforniya Karbon Sal\u0131n\u0131m Hakk\u0131 (CCA)<\/strong> <strong>karbon kontrat<\/strong> ve <strong>endekslerini temel <img loading=\"lazy\" class=\"alignright wp-image-178661\" src=\"https:\/\/www.enerjigazetesi.ist\/wp-content\/uploads\/2023\/08\/deniz-portfoy-den-karbon-ayak-izini-azaltan-serbest-yatirim-fonu.jpg\" alt=\"\" width=\"320\" height=\"241\" srcset=\"https:\/\/www.enerjigazetesi.ist\/wp-content\/uploads\/2023\/08\/deniz-portfoy-den-karbon-ayak-izini-azaltan-serbest-yatirim-fonu.jpg 550w, https:\/\/www.enerjigazetesi.ist\/wp-content\/uploads\/2023\/08\/deniz-portfoy-den-karbon-ayak-izini-azaltan-serbest-yatirim-fonu-300x226.jpg 300w, https:\/\/www.enerjigazetesi.ist\/wp-content\/uploads\/2023\/08\/deniz-portfoy-den-karbon-ayak-izini-azaltan-serbest-yatirim-fonu-500x376.jpg 500w, https:\/\/www.enerjigazetesi.ist\/wp-content\/uploads\/2023\/08\/deniz-portfoy-den-karbon-ayak-izini-azaltan-serbest-yatirim-fonu-66x50.jpg 66w\" sizes=\"(max-width: 320px) 100vw, 320px\" \/>alan<\/strong> global fonlara yat\u0131r\u0131m yapma olana\u011f\u0131 sa\u011fl\u0131yor.<\/p>\n<h3><strong>\u201cFon market anlay\u0131\u015f\u0131m\u0131z\u0131 s\u00fcrd\u00fcr\u00fclebilirlik temas\u0131 etraf\u0131nda geni\u015fletiyoruz\u201d<\/strong><\/h3>\n<p><strong>Deniz Portf\u00f6y Genel M\u00fcd\u00fcr\u00fc Dr. Cem \u00d6nen\u00e7,<\/strong>\u00a0konuyla ilgili yapt\u0131\u011f\u0131 de\u011ferlendirmede; 2023\u2019\u00fcn ba\u015f\u0131ndan bu yana\u00a0ESG S\u00fcrd\u00fcr\u00fclebilirlik Serbest Yat\u0131r\u0131m Fonu da dahil olmak \u00fczere <strong>13<\/strong> yeni fon kurduklar\u0131n\u0131 ve toplam <strong>89 fona<\/strong> en \u00e7ok nakit giri\u015fi ile sekt\u00f6rde ilk s\u0131ralarda yer ald\u0131klar\u0131n\u0131 ifade etti. \u00d6nen\u00e7, \u015f\u00f6yle konu\u015ftu: <em>\u201cBiliyoruz ki yat\u0131r\u0131m d\u00fcnyas\u0131n\u0131n oda\u011f\u0131 giderek<strong> s\u00fcrd\u00fcr\u00fclebilir<\/strong> ve <strong>yenilenebilir<\/strong> enerjilere y\u00f6neliyor. Biz de Deniz Portf\u00f6y olarak <strong>s\u00fcrd\u00fcr\u00fclebilirlik fonlar\u0131m\u0131z<\/strong> sayesinde m\u00fc\u015fterilerimize birikimlerini, <strong>d\u00fcnyam\u0131z\u0131n gelece\u011fini korumay\u0131<\/strong> ve <strong>iklim kriziyle m\u00fccadelede<\/strong> b\u00fcy\u00fck \u00f6nem arz eden <strong>karbon ayak izini azaltmay\u0131<\/strong> g\u00fcndeminde tutan \u015firketlerde de\u011ferlendirme f\u0131rsat\u0131 sunuyoruz. Ayn\u0131 zamanda gelecek nesillere daha temiz bir d\u00fcnya b\u0131rakmak konusundaki sorumlulu\u011fumuzu da yerine getiriyoruz. \u00d6n\u00fcm\u00fczdeki d\u00f6nemde de sorumlu bankac\u0131l\u0131k yakla\u015f\u0131m\u0131m\u0131zdan ve <strong>s\u00fcrd\u00fcr\u00fclebilirlik prensiplerimizden<\/strong> <strong>sapmadan<\/strong> yat\u0131r\u0131mc\u0131lar\u0131m\u0131z\u0131n<strong> talep<\/strong> ve <strong>beklentileri<\/strong> do\u011frultusunda<strong> varl\u0131k se\u00e7imlerine<\/strong> destek olmaya devam edece\u011fiz.\u201d<\/em><\/p>","protected":false},"excerpt":{"rendered":"<p>Sorry, this entry is only available in Turkish. For the sake of viewer convenience, the content is shown below in the alternative language. You may click the link to switch the active language. Deniz Portf\u00f6y, s\u00fcrd\u00fcr\u00fclebilirlik hedefleri do\u011frultusunda, T\u00fcrkiye\u2019de ilk olarak karbon ayak izini azaltma hedefini oda\u011f\u0131na alan \u015firketlerin yer ald\u0131\u011f\u0131 fonlara yat\u0131r\u0131m yapan ESG [&hellip;]<\/p>\n","protected":false},"author":1,"featured_media":178661,"comment_status":"open","ping_status":"open","sticky":false,"template":"","format":"standard","meta":[],"categories":[53,52],"tags":[110481,110480,110482],"views":30,"_links":{"self":[{"href":"https:\/\/www.enerjigazetesi.ist\/en\/wp-json\/wp\/v2\/posts\/178659"}],"collection":[{"href":"https:\/\/www.enerjigazetesi.ist\/en\/wp-json\/wp\/v2\/posts"}],"about":[{"href":"https:\/\/www.enerjigazetesi.ist\/en\/wp-json\/wp\/v2\/types\/post"}],"author":[{"embeddable":true,"href":"https:\/\/www.enerjigazetesi.ist\/en\/wp-json\/wp\/v2\/users\/1"}],"replies":[{"embeddable":true,"href":"https:\/\/www.enerjigazetesi.ist\/en\/wp-json\/wp\/v2\/comments?post=178659"}],"version-history":[{"count":0,"href":"https:\/\/www.enerjigazetesi.ist\/en\/wp-json\/wp\/v2\/posts\/178659\/revisions"}],"wp:featuredmedia":[{"embeddable":true,"href":"https:\/\/www.enerjigazetesi.ist\/en\/wp-json\/wp\/v2\/media\/178661"}],"wp:attachment":[{"href":"https:\/\/www.enerjigazetesi.ist\/en\/wp-json\/wp\/v2\/media?parent=178659"}],"wp:term":[{"taxonomy":"category","embeddable":true,"href":"https:\/\/www.enerjigazetesi.ist\/en\/wp-json\/wp\/v2\/categories?post=178659"},{"taxonomy":"post_tag","embeddable":true,"href":"https:\/\/www.enerjigazetesi.ist\/en\/wp-json\/wp\/v2\/tags?post=178659"}],"curies":[{"name":"wp","href":"https:\/\/api.w.org\/{rel}","templated":true}]}}