{"id":178647,"date":"2023-08-28T14:08:16","date_gmt":"2023-08-28T11:08:16","guid":{"rendered":"https:\/\/www.enerjigazetesi.ist\/?p=178647"},"modified":"2023-08-28T14:08:16","modified_gmt":"2023-08-28T11:08:16","slug":"izocam-gectigimiz-aylarda-tozsuz-kesim-projesini-hayata-gecirdi","status":"publish","type":"post","link":"https:\/\/www.enerjigazetesi.ist\/en\/izocam-gectigimiz-aylarda-tozsuz-kesim-projesini-hayata-gecirdi\/","title":{"rendered":"(Turkish) &#8217;\u0130zocam&#8217; Ge\u00e7ti\u011fimiz Aylarda Tozsuz Kesim Projesini Hayata Ge\u00e7irdi"},"content":{"rendered":"<p class=\"qtranxs-available-languages-message qtranxs-available-languages-message-en\">Sorry, this entry is only available in <a href=\"https:\/\/www.enerjigazetesi.ist\/tr\/wp-json\/wp\/v2\/posts\/178647\" class=\"qtranxs-available-language-link qtranxs-available-language-link-tr\" title=\"Turkish\">Turkish<\/a>. For the sake of viewer convenience, the content is shown below in the alternative language. You may click the link to switch the active language.<\/p><p><\/p>\n<h2>T\u00fcrkiye\u2019nin en b\u00fcy\u00fck yal\u0131t\u0131m \u00fcreticisi \u0130zocam, sekt\u00f6r ve \u00fclke ekonomisi i\u00e7in katma de\u011fer yaratan yat\u0131r\u0131mlar\u0131na bir yenisini daha ekledi. \u00dcretiminde %80\u2019e kadar \u201cyedinci do\u011fal kaynak\u201d olarak adland\u0131r\u0131lan geri d\u00f6n\u00fc\u015ft\u00fcr\u00fclm\u00fc\u015f malzeme kullanan \u0130zocam, \u015fimdi de ta\u015fy\u00fcn\u00fc sandvi\u00e7 panel \u00fcretiminde ciddi oranda tasarruf sa\u011flayan tozsuz kesim projesini hayata ge\u00e7irdi. \u00c7evreye, do\u011fal kaynaklara ve ekonomiye dost olan \u0130zocam\u2019\u0131n bu projesi, ayn\u0131 zamanda i\u015f sa\u011fl\u0131\u011f\u0131 ve g\u00fcvenli\u011fine olan katk\u0131lar\u0131yla da dikkat \u00e7ekiyor.<\/h2>\n<p>Ta\u015fy\u00fcn\u00fc sandvi\u00e7 panel \u00fcretim hatlar\u0131nda daha \u00f6nce kesim esnas\u0131nda ortaya \u00e7\u0131kan tozlar\u0131n emi\u015f sistemi ile filtrasyon grubuna toplanarak bertarafa g\u00f6nderilirken, a<strong>rt\u0131k \u00fcretimin tamamen tozsuz olarak ger\u00e7ekle\u015ftirildi\u011fini vurgulayan<\/strong> <strong>\u0130zocam Genel Direkt\u00f6r\u00fc Murat Savc\u0131<\/strong>, hammadde sarfiyat\u0131na \u00f6nemli <img loading=\"lazy\" class=\"alignright wp-image-178650\" src=\"https:\/\/www.enerjigazetesi.ist\/wp-content\/uploads\/2023\/08\/izocam-gectigimiz-aylarda-tozsuz-kesim-projesini-hayata-gecirdi-1.jpg\" alt=\"\" width=\"320\" height=\"214\" srcset=\"https:\/\/www.enerjigazetesi.ist\/wp-content\/uploads\/2023\/08\/izocam-gectigimiz-aylarda-tozsuz-kesim-projesini-hayata-gecirdi-1.jpg 550w, https:\/\/www.enerjigazetesi.ist\/wp-content\/uploads\/2023\/08\/izocam-gectigimiz-aylarda-tozsuz-kesim-projesini-hayata-gecirdi-1-300x200.jpg 300w, https:\/\/www.enerjigazetesi.ist\/wp-content\/uploads\/2023\/08\/izocam-gectigimiz-aylarda-tozsuz-kesim-projesini-hayata-gecirdi-1-500x334.jpg 500w, https:\/\/www.enerjigazetesi.ist\/wp-content\/uploads\/2023\/08\/izocam-gectigimiz-aylarda-tozsuz-kesim-projesini-hayata-gecirdi-1-75x50.jpg 75w, https:\/\/www.enerjigazetesi.ist\/wp-content\/uploads\/2023\/08\/izocam-gectigimiz-aylarda-tozsuz-kesim-projesini-hayata-gecirdi-1-450x300.jpg 450w\" sizes=\"(max-width: 320px) 100vw, 320px\" \/>miktarda katk\u0131 sa\u011flayan bu proje ile <strong>y\u0131ll\u0131k 4.5 milyon TL<\/strong>\u2019nin \u00fczerinde<strong> tasarruf etmeyi<\/strong> hedeflediklerini kaydetti.<\/p>\n<h3><strong>Proje, i\u015f sa\u011fl\u0131\u011f\u0131 ve g\u00fcvenli\u011fine de katk\u0131 sa\u011fl\u0131yor<\/strong><\/h3>\n<p>Tasarruf avantaj\u0131yla b\u00fcy\u00fck oranda katma de\u011fer yaratan \u0130zocam\u2019\u0131n tozsuz kesim projesi, ayn\u0131 zamanda i\u015f sa\u011fl\u0131\u011f\u0131 ve g\u00fcvenli\u011fine konusunda da yaratt\u0131\u011f\u0131 faydayla dikkat \u00e7ekiyor. \u201cS\u0131f\u0131r i\u015f kazas\u0131, s\u0131f\u0131r \u00e7evre kazas\u0131 ve s\u0131f\u0131r meslek hastal\u0131\u011f\u0131\u201d hedefiyle riskleri s\u0131f\u0131ra indirmekte kararl\u0131 olduklar\u0131n\u0131 belirten<strong> \u0130zocam Genel Direkt\u00f6r\u00fc Murat Savc\u0131<\/strong>, tozsuz kesim projesi ile \u00fcretim tesislerinde olu\u015fabilecek toz oran\u0131n\u0131 minimuma indirerek \u00e7al\u0131\u015fanlar\u0131 i\u00e7in sa\u011fl\u0131kl\u0131 \u00e7al\u0131\u015fma ortam\u0131 hedefini de ger\u00e7ekle\u015ftirdiklerini s\u00f6yledi. Savc\u0131, \u0130zocam\u2019\u0131n tozsuz kesim projesinin ayn\u0131 zamanda sundu\u011fu \u00e7al\u0131\u015fma kolayl\u0131\u011f\u0131 ile de \u00fcretimdeki \u00e7al\u0131\u015fanlara avantaj sa\u011flad\u0131\u011f\u0131n\u0131 ifade etti.<\/p>\n<p>\u201cG\u00fcvenlik seninle ba\u015flar\u201d mottosu ile s\u00fcrd\u00fcrd\u00fckleri \u00e7al\u0131\u015fmalar\u0131yla, \u00e7evre, i\u015f sa\u011fl\u0131\u011f\u0131 ve g\u00fcvenli\u011fini, t\u00fcm \u00e7al\u0131\u015fanlar\u0131n\u0131n kat\u0131l\u0131m\u0131 ile g\u00fcnl\u00fck i\u015fleyi\u015flerinin ayr\u0131lmaz bir par\u00e7as\u0131 haline getirdiklerini dile getiren \u0130zocam Genel Direkt\u00f6r\u00fc Murat Savc\u0131, s\u00f6zlerini \u015f\u00f6yle s\u00fcrd\u00fcrd\u00fc:<\/p>\n<p><em>\u201cBiliyoruz ki; g\u00fcvenli ve sa\u011fl\u0131kl\u0131 ge\u00e7irdi\u011fimiz her g\u00fcn, g\u00fcvenli ve sa\u011fl\u0131kl\u0131 bir y\u0131l\u0131n, g\u00fcvenli ve sa\u011fl\u0131kl\u0131 yar\u0131nlar\u0131n ve hepimiz i\u00e7in g\u00fcvenli bir kariyer ortam\u0131n\u0131n temelini olu\u015fturacakt\u0131r. Biz de bu hedefle, <strong>\u00e7evre, i\u015f sa\u011fl\u0131\u011f\u0131 ve g\u00fcvenli\u011fi<\/strong> \u00f6zelinde \u00e7al\u0131\u015fanlar\u0131m\u0131z\u0131n duyarl\u0131l\u0131\u011f\u0131n\u0131 ve fark\u0131ndal\u0131\u011f\u0131n\u0131 artt\u0131rmaya y\u00f6nelik \u00e7al\u0131\u015fmalar\u0131m\u0131z\u0131 aral\u0131ks\u0131z s\u00fcrd\u00fcrmekteyiz. <strong>\u2018S\u0131f\u0131r i\u015f kazas\u0131, s\u0131f\u0131r \u00e7evre kazas\u0131 ve s\u0131f\u0131r meslek hastal\u0131\u011f\u0131\u2019<\/strong> hedefiyle riskleri s\u0131f\u0131ra indirmekte kararl\u0131 olan firmam\u0131z, 2022 y\u0131lsonu itibariyle <strong>Eski\u015fehir Tesisi<\/strong>\u2019nde <strong>5\u2019inci i\u015f kazas\u0131z y\u0131l\u0131n\u0131<\/strong> tamamlad\u0131. <strong>Tarsus Tesisi<\/strong>\u2019mizde ise <strong>3\u2019\u00fcnc\u00fc<\/strong> i\u015f kazas\u0131z y\u0131l\u0131n\u0131 geride b\u0131rakan \u0130zocam, bu ba\u015far\u0131lar\u0131n\u0131 gelecek y\u0131llara da ta\u015f\u0131mak amac\u0131yla g\u00fcvenli ve sa\u011fl\u0131kl\u0131 yar\u0131nlara yat\u0131r\u0131m yapmay\u0131 s\u00fcrd\u00fcr\u00fcyor.\u201d<\/em><\/p>","protected":false},"excerpt":{"rendered":"<p>Sorry, this entry is only available in Turkish. For the sake of viewer convenience, the content is shown below in the alternative language. You may click the link to switch the active language. T\u00fcrkiye\u2019nin en b\u00fcy\u00fck yal\u0131t\u0131m \u00fcreticisi \u0130zocam, sekt\u00f6r ve \u00fclke ekonomisi i\u00e7in katma de\u011fer yaratan yat\u0131r\u0131mlar\u0131na bir yenisini daha ekledi. \u00dcretiminde %80\u2019e kadar [&hellip;]<\/p>\n","protected":false},"author":1,"featured_media":178649,"comment_status":"open","ping_status":"open","sticky":false,"template":"","format":"standard","meta":[],"categories":[53,52],"tags":[6254,110476,110477],"views":27,"_links":{"self":[{"href":"https:\/\/www.enerjigazetesi.ist\/en\/wp-json\/wp\/v2\/posts\/178647"}],"collection":[{"href":"https:\/\/www.enerjigazetesi.ist\/en\/wp-json\/wp\/v2\/posts"}],"about":[{"href":"https:\/\/www.enerjigazetesi.ist\/en\/wp-json\/wp\/v2\/types\/post"}],"author":[{"embeddable":true,"href":"https:\/\/www.enerjigazetesi.ist\/en\/wp-json\/wp\/v2\/users\/1"}],"replies":[{"embeddable":true,"href":"https:\/\/www.enerjigazetesi.ist\/en\/wp-json\/wp\/v2\/comments?post=178647"}],"version-history":[{"count":0,"href":"https:\/\/www.enerjigazetesi.ist\/en\/wp-json\/wp\/v2\/posts\/178647\/revisions"}],"wp:featuredmedia":[{"embeddable":true,"href":"https:\/\/www.enerjigazetesi.ist\/en\/wp-json\/wp\/v2\/media\/178649"}],"wp:attachment":[{"href":"https:\/\/www.enerjigazetesi.ist\/en\/wp-json\/wp\/v2\/media?parent=178647"}],"wp:term":[{"taxonomy":"category","embeddable":true,"href":"https:\/\/www.enerjigazetesi.ist\/en\/wp-json\/wp\/v2\/categories?post=178647"},{"taxonomy":"post_tag","embeddable":true,"href":"https:\/\/www.enerjigazetesi.ist\/en\/wp-json\/wp\/v2\/tags?post=178647"}],"curies":[{"name":"wp","href":"https:\/\/api.w.org\/{rel}","templated":true}]}}